{"id":593,"date":"2026-03-20T12:42:41","date_gmt":"2026-03-20T12:42:41","guid":{"rendered":"https:\/\/uzisibalkaninak.com\/wordpress\/?p=593"},"modified":"2026-03-20T12:42:41","modified_gmt":"2026-03-20T12:42:41","slug":"po-indianskych-stopach-rieky-rio-pecos","status":"publish","type":"post","link":"https:\/\/uzisibalkaninak.com\/index.php\/2026\/03\/20\/po-indianskych-stopach-rieky-rio-pecos\/","title":{"rendered":"Po indi\u00e1nskych stop\u00e1ch rieky &#8222;Rio Pecos&#8220;&#8230;"},"content":{"rendered":"<p>Samozrejme, n\u00e1zov \u010dl\u00e1nku zav\u00e1dza. Ale kto by si nepam\u00e4tal filmy o legend\u00e1rnom indi\u00e1nskom n\u00e1\u010deln\u00edkovi kme\u0148a Apa\u010dov Winetuovi a jeho pokrvnom bratovi Old Shatterhandovi. Jedna z legend\u00e1rnych sc\u00e9n sa vo filme odohr\u00e1va na brehoch americkej rieky Rio Pecos, kde Old Shatterhand mus\u00ed vies\u0165 s\u00faboj v mene z\u00e1chrany svojich priate\u013eov s otcom Winetoua &#8211; n\u00e1\u010deln\u00edkom In\u010du\u010dunom. A ja v\u00e1s dnes zoberiem na miesta, kde bola t\u00e1to filmov\u00e1 sc\u00e9na nat\u00e1\u010dan\u00e1 re\u00e1lne.<\/p>\n<p>&nbsp;<\/p>\n<p style=\"text-align: center;\"><strong><b>*Rieka Zrmanja*<\/b><\/strong><\/p>\n<p>Viete, \u017ee tento s\u00faboj, ako aj in\u00e9 sc\u00e9ny &#8222;winetuoviek sa&#8220; odohr\u00e1vali na brehu chorv\u00e1tskej rieky Zrmanja? T\u00e1 pramen\u00ed pod vrchom Po\u0161tak, ktor\u00fd je s\u00fa\u010das\u0165ou ju\u017en\u00e9ho Velebitu. Vyviera v r\u00e1mci skaln\u00e9ho \u00fatvaru Misije, ku ktor\u00e9mu sa d\u00e1 pe\u0161o dosta\u0165 z dedinky Zrmanja Vrelo, odkia\u013e je to cca. 3 km a je to skuto\u010dne \u00fachvatn\u00fd poh\u013ead. Tento geografick\u00fd bod je s\u00fa\u010das\u0165ou medzin\u00e1rodnej turistickej magistr\u00e1ly Via Dinarica, ktor\u00e1 prech\u00e1dza cez Slovinsko, Chorv\u00e1tsko, Bosnu a Hercegovinu, \u010ciernu Horu a kon\u010d\u00ed v Alb\u00e1nsku.<\/p>\n<div id='gallery-1' class='gallery galleryid-593 gallery-columns-1 gallery-size-full'><figure class='gallery-item'>\n\t\t\t<div class='gallery-icon portrait'>\n\t\t\t\t<a href='https:\/\/uzisibalkaninak.com\/3-6\/'><img loading=\"lazy\" decoding=\"async\" width=\"1200\" height=\"1600\" src=\"https:\/\/uzisibalkaninak.com\/wp-content\/uploads\/2026\/03\/3-5.jpg\" class=\"attachment-full size-full\" alt=\"\" aria-describedby=\"gallery-1-509\" srcset=\"https:\/\/uzisibalkaninak.com\/wp-content\/uploads\/2026\/03\/3-5.jpg 1200w, https:\/\/uzisibalkaninak.com\/wp-content\/uploads\/2026\/03\/3-5-225x300.jpg 225w, https:\/\/uzisibalkaninak.com\/wp-content\/uploads\/2026\/03\/3-5-768x1024.jpg 768w, https:\/\/uzisibalkaninak.com\/wp-content\/uploads\/2026\/03\/3-5-1152x1536.jpg 1152w\" sizes=\"auto, (max-width: 1200px) 100vw, 1200px\" \/><\/a>\n\t\t\t<\/div>\n\t\t\t\t<figcaption class='wp-caption-text gallery-caption' id='gallery-1-509'>\n\t\t\t\tTu vyviera rieka Zrmanja &#8211; \u00fatvar Misije\n\t\t\t\t<\/figcaption><\/figure>\n\t\t<\/div>\n\n<p>Samotn\u00e1 rieka meria 69 kilometrov a vlieva sa do Novigradsk\u00e9ho mora. Jej ka\u017ed\u00fd jeden kilometer pon\u00faka fascinuj\u00face v\u00fdh\u013eady na miestami viac ne\u017e 200 metrov vysok\u00e9 \u00fatesy t\u00fd\u010diace sa nad riekou. Nach\u00e1dzaj\u00fa sa na nej viacer\u00e9 vodop\u00e1dy, ako aj historick\u00e9 pamiatky.<\/p>\n<div id='gallery-2' class='gallery galleryid-593 gallery-columns-1 gallery-size-full'><figure class='gallery-item'>\n\t\t\t<div class='gallery-icon portrait'>\n\t\t\t\t<a href='https:\/\/uzisibalkaninak.com\/5-6\/'><img loading=\"lazy\" decoding=\"async\" width=\"1536\" height=\"2048\" src=\"https:\/\/uzisibalkaninak.com\/wp-content\/uploads\/2026\/03\/5-5.jpg\" class=\"attachment-full size-full\" alt=\"\" srcset=\"https:\/\/uzisibalkaninak.com\/wp-content\/uploads\/2026\/03\/5-5.jpg 1536w, https:\/\/uzisibalkaninak.com\/wp-content\/uploads\/2026\/03\/5-5-225x300.jpg 225w, https:\/\/uzisibalkaninak.com\/wp-content\/uploads\/2026\/03\/5-5-768x1024.jpg 768w, https:\/\/uzisibalkaninak.com\/wp-content\/uploads\/2026\/03\/5-5-1152x1536.jpg 1152w\" sizes=\"auto, (max-width: 1536px) 100vw, 1536px\" \/><\/a>\n\t\t\t<\/div><\/figure><figure class='gallery-item'>\n\t\t\t<div class='gallery-icon portrait'>\n\t\t\t\t<a href='https:\/\/uzisibalkaninak.com\/4-6\/'><img loading=\"lazy\" decoding=\"async\" width=\"1536\" height=\"2048\" src=\"https:\/\/uzisibalkaninak.com\/wp-content\/uploads\/2026\/03\/4-5.jpg\" class=\"attachment-full size-full\" alt=\"\" srcset=\"https:\/\/uzisibalkaninak.com\/wp-content\/uploads\/2026\/03\/4-5.jpg 1536w, https:\/\/uzisibalkaninak.com\/wp-content\/uploads\/2026\/03\/4-5-225x300.jpg 225w, https:\/\/uzisibalkaninak.com\/wp-content\/uploads\/2026\/03\/4-5-768x1024.jpg 768w, https:\/\/uzisibalkaninak.com\/wp-content\/uploads\/2026\/03\/4-5-1152x1536.jpg 1152w\" sizes=\"auto, (max-width: 1536px) 100vw, 1536px\" \/><\/a>\n\t\t\t<\/div><\/figure>\n\t\t<\/div>\n\n<p>Na Zrmanju sa d\u00e1 pozera\u0165 \u201czhora\u201d, ja som v\u0161ak chcela vidie\u0165 cel\u00fa t\u00fa n\u00e1dheru z vody. Okrem toho som t\u00fato kr\u00e1su chcela uk\u00e1za\u0165 aj m\u00f4jmu ocinovi. Preto som sa rozhodla namiesto pe\u0161ej turistiky \u00eds\u0165 lo\u010fou na v\u00fdhliadkov\u00fa plavbu. Bol u\u017e september, tak som vedela, \u017ee ka\u0148on nebude preplnen\u00fd lo\u010fami a turistami a \u017ee ho viac menej budeme ma\u0165 len \u201cpre seba\u201d. A ako sa nesk\u00f4r uk\u00e1zalo &#8211; mala som pravdu \ud83d\ude42 &#8230;<\/p>\n<p>V okol\u00ed Zadaru p\u00f4sob\u00ed nieko\u013eko firiem pon\u00fakaj\u00facich lodn\u00e9 exkurzie po rieke Zrmanja. Nie v\u0161etky s\u00fa v\u0161ak ochotn\u00e9 poskytn\u00fa\u0165 s\u00fakromn\u00fa lodn\u00fa exkurziu, len pre p\u00e1r os\u00f4b. Ja som tak\u00fa na\u0161la v podobe firmy <a href=\"https:\/\/f-zrmanja.com\/\"><u>Zrmanja river tours<\/u><\/a>, ktor\u00e1 s\u00eddli v meste\u010dku Novigrad. Boli ochotn\u00ed poskytn\u00fa\u0165 n\u00e1m lo\u010f aj s kapit\u00e1nom na cel\u00fd de\u0148. To u\u017e je ak\u00fd luxus &#8211; sami na lodi \ud83d\ude42 &#8230;<\/p>\n<p>&nbsp;<\/p>\n<p style=\"text-align: center;\"><strong><b>*V\u00fdchodz\u00ed bod*<\/b><\/strong><\/p>\n<p>Odchod bol napl\u00e1novan\u00fd na druh\u00fd de\u0148 r\u00e1no, vyr\u00e1\u017ea\u0165 sme mali z meste\u010dka Novigrad. To sa nach\u00e1dza na brehu tak zvan\u00e9ho \u201cvn\u00fatorn\u00e9ho\u201d mora pomenovan\u00e9ho pod\u013ea tohto meste\u010dka (Novigradsko more). V roku 1220 do\u0161lo k renov\u00e1cii p\u00f4vodn\u00e9ho r\u00edmskeho opevnenia na mieste dne\u0161n\u00e9ho Novigradu a z\u00edskalo n\u00e1zov Castrum Novum. Od 15. storo\u010dia bol Novigrad pod spr\u00e1vou Ben\u00e1tskej republiky a pr\u00e1ve v\u010faka tomu nikdy nespadal pod tureck\u00fa nadvl\u00e1du. Nach\u00e1dzaj\u00fa sa tu viacer\u00e9 zauj\u00edmav\u00e9 historick\u00e9 pamiatky.<\/p>\n<p>V Novigrade sme na\u0161li na\u0161u lo\u010f, zozn\u00e1mili sa s na\u0161\u00edm kapit\u00e1nom Goranom a vyrazili na plavbu. Na palube n\u00e1s \u010dakalo ob\u010derstvenie v podobe fantastick\u00fdch f\u00edg, ktor\u00fdch som zjedla h\u00e1dam aj kilo :), ako aj \u010fal\u0161ieho ovocia.<\/p>\n<div id='gallery-3' class='gallery galleryid-593 gallery-columns-1 gallery-size-full'><figure class='gallery-item'>\n\t\t\t<div class='gallery-icon landscape'>\n\t\t\t\t<a href='https:\/\/uzisibalkaninak.com\/7-6\/'><img loading=\"lazy\" decoding=\"async\" width=\"1142\" height=\"1142\" src=\"https:\/\/uzisibalkaninak.com\/wp-content\/uploads\/2026\/03\/7-5.jpg\" class=\"attachment-full size-full\" alt=\"\" srcset=\"https:\/\/uzisibalkaninak.com\/wp-content\/uploads\/2026\/03\/7-5.jpg 1142w, https:\/\/uzisibalkaninak.com\/wp-content\/uploads\/2026\/03\/7-5-300x300.jpg 300w, https:\/\/uzisibalkaninak.com\/wp-content\/uploads\/2026\/03\/7-5-1024x1024.jpg 1024w, https:\/\/uzisibalkaninak.com\/wp-content\/uploads\/2026\/03\/7-5-150x150.jpg 150w, https:\/\/uzisibalkaninak.com\/wp-content\/uploads\/2026\/03\/7-5-768x768.jpg 768w\" sizes=\"auto, (max-width: 1142px) 100vw, 1142px\" \/><\/a>\n\t\t\t<\/div><\/figure><figure class='gallery-item'>\n\t\t\t<div class='gallery-icon landscape'>\n\t\t\t\t<a href='https:\/\/uzisibalkaninak.com\/6-6\/'><img loading=\"lazy\" decoding=\"async\" width=\"1150\" height=\"1150\" src=\"https:\/\/uzisibalkaninak.com\/wp-content\/uploads\/2026\/03\/6-5.jpg\" class=\"attachment-full size-full\" alt=\"\" srcset=\"https:\/\/uzisibalkaninak.com\/wp-content\/uploads\/2026\/03\/6-5.jpg 1150w, https:\/\/uzisibalkaninak.com\/wp-content\/uploads\/2026\/03\/6-5-300x300.jpg 300w, https:\/\/uzisibalkaninak.com\/wp-content\/uploads\/2026\/03\/6-5-1024x1024.jpg 1024w, https:\/\/uzisibalkaninak.com\/wp-content\/uploads\/2026\/03\/6-5-150x150.jpg 150w, https:\/\/uzisibalkaninak.com\/wp-content\/uploads\/2026\/03\/6-5-768x768.jpg 768w\" sizes=\"auto, (max-width: 1150px) 100vw, 1150px\" \/><\/a>\n\t\t\t<\/div><\/figure><figure class='gallery-item'>\n\t\t\t<div class='gallery-icon landscape'>\n\t\t\t\t<a href='https:\/\/uzisibalkaninak.com\/8-6\/'><img loading=\"lazy\" decoding=\"async\" width=\"1600\" height=\"1200\" src=\"https:\/\/uzisibalkaninak.com\/wp-content\/uploads\/2026\/03\/8-5.jpg\" class=\"attachment-full size-full\" alt=\"\" srcset=\"https:\/\/uzisibalkaninak.com\/wp-content\/uploads\/2026\/03\/8-5.jpg 1600w, https:\/\/uzisibalkaninak.com\/wp-content\/uploads\/2026\/03\/8-5-300x225.jpg 300w, https:\/\/uzisibalkaninak.com\/wp-content\/uploads\/2026\/03\/8-5-1024x768.jpg 1024w, https:\/\/uzisibalkaninak.com\/wp-content\/uploads\/2026\/03\/8-5-768x576.jpg 768w, https:\/\/uzisibalkaninak.com\/wp-content\/uploads\/2026\/03\/8-5-1536x1152.jpg 1536w\" sizes=\"auto, (max-width: 1600px) 100vw, 1600px\" \/><\/a>\n\t\t\t<\/div><\/figure>\n\t\t<\/div>\n\n<p>&nbsp;<\/p>\n<p style=\"text-align: center;\"><strong><b>*Kr\u00ed\u017eom kr\u00e1\u017eom cez Novigradsko more*<\/b><\/strong><\/p>\n<p>P\u00e1r viet o Novigradskom mori. Niekto ho naz\u00fdva tie\u017e Novigradsk\u00fd z\u00e1liv. Pomenovan\u00e9 je pod\u013ea meste\u010dka Novigrad, odkia\u013e vyr\u00e1\u017eame na plavbu. Na juhoz\u00e1pade je Karinskou \u00fa\u017einou oddelen\u00e9 od men\u0161ieho Karinsk\u00e9ho mora. S Jadransk\u00fdm morom (alebo Velebitsk\u00fdm kan\u00e1lom) ho sp\u00e1ja Novsk\u00e1 \u00fa\u017eina. Prakticky jedin\u00fdm pr\u00edtokom mora je rieka Zrmanja. Na jeho brehoch sa nach\u00e1dzaj\u00fa 4 letovisk\u00e1, ktor\u00e9 s\u00fa v lete hojne nav\u0161tevovan\u00e9 turistami &#8211; Maslenica, Novigrad, Podgradina a Posedarje.<\/p>\n<div id='gallery-4' class='gallery galleryid-593 gallery-columns-1 gallery-size-full'><figure class='gallery-item'>\n\t\t\t<div class='gallery-icon portrait'>\n\t\t\t\t<a href='https:\/\/uzisibalkaninak.com\/10-6\/'><img loading=\"lazy\" decoding=\"async\" width=\"1536\" height=\"2048\" src=\"https:\/\/uzisibalkaninak.com\/wp-content\/uploads\/2026\/03\/10-5.jpg\" class=\"attachment-full size-full\" alt=\"\" srcset=\"https:\/\/uzisibalkaninak.com\/wp-content\/uploads\/2026\/03\/10-5.jpg 1536w, https:\/\/uzisibalkaninak.com\/wp-content\/uploads\/2026\/03\/10-5-225x300.jpg 225w, https:\/\/uzisibalkaninak.com\/wp-content\/uploads\/2026\/03\/10-5-768x1024.jpg 768w, https:\/\/uzisibalkaninak.com\/wp-content\/uploads\/2026\/03\/10-5-1152x1536.jpg 1152w\" sizes=\"auto, (max-width: 1536px) 100vw, 1536px\" \/><\/a>\n\t\t\t<\/div><\/figure><figure class='gallery-item'>\n\t\t\t<div class='gallery-icon portrait'>\n\t\t\t\t<a href='https:\/\/uzisibalkaninak.com\/9-5\/'><img loading=\"lazy\" decoding=\"async\" width=\"1536\" height=\"2048\" src=\"https:\/\/uzisibalkaninak.com\/wp-content\/uploads\/2026\/03\/9-4.jpg\" class=\"attachment-full size-full\" alt=\"\" srcset=\"https:\/\/uzisibalkaninak.com\/wp-content\/uploads\/2026\/03\/9-4.jpg 1536w, https:\/\/uzisibalkaninak.com\/wp-content\/uploads\/2026\/03\/9-4-225x300.jpg 225w, https:\/\/uzisibalkaninak.com\/wp-content\/uploads\/2026\/03\/9-4-768x1024.jpg 768w, https:\/\/uzisibalkaninak.com\/wp-content\/uploads\/2026\/03\/9-4-1152x1536.jpg 1152w\" sizes=\"auto, (max-width: 1536px) 100vw, 1536px\" \/><\/a>\n\t\t\t<\/div><\/figure>\n\t\t<\/div>\n\n<p>P\u00f4vodne sme \u010dakali, \u017ee zamierime rovno k \u00fastiu rieky Zrmanja, ale k na\u0161emu prekvapeniu n\u00e1\u0161 kapit\u00e1n nasmeroval lo\u010f kr\u00ed\u017eom cez more do Novskej \u00fa\u017einy. Na ot\u00e1zku v mojich o\u010diach n\u00e1m vysvetlil, \u017ee e\u0161te m\u00e1me \u010das, nako\u013eko cez mesto Obrovac vie na\u0161a lo\u010f prejs\u0165 popod most len po hodine X. Dovtedy je e\u0161te hladina rieky pr\u00edli\u0161 vysok\u00e1. Preto n\u00e1s najprv zobral na obhliadku Novskej \u00fa\u017einy. A veru bolo \u010do obzera\u0165.<\/p>\n<p>Novsk\u00e1 \u00fa\u017eina je dlh\u00e1 4 kilometre, \u0161irok\u00e1 cca. 200 metrov a jej maxim\u00e1lna h\u013abka predstavuje 60 metrov.<\/p>\n<div id='gallery-5' class='gallery galleryid-593 gallery-columns-1 gallery-size-full'><figure class='gallery-item'>\n\t\t\t<div class='gallery-icon landscape'>\n\t\t\t\t<a href='https:\/\/uzisibalkaninak.com\/11-6\/'><img loading=\"lazy\" decoding=\"async\" width=\"2048\" height=\"1536\" src=\"https:\/\/uzisibalkaninak.com\/wp-content\/uploads\/2026\/03\/11-5.jpg\" class=\"attachment-full size-full\" alt=\"\" srcset=\"https:\/\/uzisibalkaninak.com\/wp-content\/uploads\/2026\/03\/11-5.jpg 2048w, https:\/\/uzisibalkaninak.com\/wp-content\/uploads\/2026\/03\/11-5-300x225.jpg 300w, https:\/\/uzisibalkaninak.com\/wp-content\/uploads\/2026\/03\/11-5-1024x768.jpg 1024w, https:\/\/uzisibalkaninak.com\/wp-content\/uploads\/2026\/03\/11-5-768x576.jpg 768w, https:\/\/uzisibalkaninak.com\/wp-content\/uploads\/2026\/03\/11-5-1536x1152.jpg 1536w\" sizes=\"auto, (max-width: 2048px) 100vw, 2048px\" \/><\/a>\n\t\t\t<\/div><\/figure><figure class='gallery-item'>\n\t\t\t<div class='gallery-icon landscape'>\n\t\t\t\t<a href='https:\/\/uzisibalkaninak.com\/12-6\/'><img loading=\"lazy\" decoding=\"async\" width=\"2048\" height=\"1536\" src=\"https:\/\/uzisibalkaninak.com\/wp-content\/uploads\/2026\/03\/12-5.jpg\" class=\"attachment-full size-full\" alt=\"\" srcset=\"https:\/\/uzisibalkaninak.com\/wp-content\/uploads\/2026\/03\/12-5.jpg 2048w, https:\/\/uzisibalkaninak.com\/wp-content\/uploads\/2026\/03\/12-5-300x225.jpg 300w, https:\/\/uzisibalkaninak.com\/wp-content\/uploads\/2026\/03\/12-5-1024x768.jpg 1024w, https:\/\/uzisibalkaninak.com\/wp-content\/uploads\/2026\/03\/12-5-768x576.jpg 768w, https:\/\/uzisibalkaninak.com\/wp-content\/uploads\/2026\/03\/12-5-1536x1152.jpg 1536w\" sizes=\"auto, (max-width: 2048px) 100vw, 2048px\" \/><\/a>\n\t\t\t<\/div><\/figure><figure class='gallery-item'>\n\t\t\t<div class='gallery-icon portrait'>\n\t\t\t\t<a href='https:\/\/uzisibalkaninak.com\/14-6\/'><img loading=\"lazy\" decoding=\"async\" width=\"1536\" height=\"2048\" src=\"https:\/\/uzisibalkaninak.com\/wp-content\/uploads\/2026\/03\/14-5.jpg\" class=\"attachment-full size-full\" alt=\"\" srcset=\"https:\/\/uzisibalkaninak.com\/wp-content\/uploads\/2026\/03\/14-5.jpg 1536w, https:\/\/uzisibalkaninak.com\/wp-content\/uploads\/2026\/03\/14-5-225x300.jpg 225w, https:\/\/uzisibalkaninak.com\/wp-content\/uploads\/2026\/03\/14-5-768x1024.jpg 768w, https:\/\/uzisibalkaninak.com\/wp-content\/uploads\/2026\/03\/14-5-1152x1536.jpg 1152w\" sizes=\"auto, (max-width: 1536px) 100vw, 1536px\" \/><\/a>\n\t\t\t<\/div><\/figure><figure class='gallery-item'>\n\t\t\t<div class='gallery-icon landscape'>\n\t\t\t\t<a href='https:\/\/uzisibalkaninak.com\/13-6\/'><img loading=\"lazy\" decoding=\"async\" width=\"2048\" height=\"1536\" src=\"https:\/\/uzisibalkaninak.com\/wp-content\/uploads\/2026\/03\/13-5.jpg\" class=\"attachment-full size-full\" alt=\"\" srcset=\"https:\/\/uzisibalkaninak.com\/wp-content\/uploads\/2026\/03\/13-5.jpg 2048w, https:\/\/uzisibalkaninak.com\/wp-content\/uploads\/2026\/03\/13-5-300x225.jpg 300w, https:\/\/uzisibalkaninak.com\/wp-content\/uploads\/2026\/03\/13-5-1024x768.jpg 1024w, https:\/\/uzisibalkaninak.com\/wp-content\/uploads\/2026\/03\/13-5-768x576.jpg 768w, https:\/\/uzisibalkaninak.com\/wp-content\/uploads\/2026\/03\/13-5-1536x1152.jpg 1536w\" sizes=\"auto, (max-width: 2048px) 100vw, 2048px\" \/><\/a>\n\t\t\t<\/div><\/figure>\n\t\t<\/div>\n\n<p>Okrem vysok\u00fdch skaln\u00fdch zr\u00e1zov a viacer\u00fdch jask\u00fd\u0148 ukryt\u00fdch v sten\u00e1ch m\u00e1me mo\u017enos\u0165 obdivova\u0165 zospodu aj dva mosty:<\/p>\n<p><strong><b>Stari Masleni\u010dki most<\/b><\/strong>\u00a0&#8211; 315 metrov dlh\u00fd a 10,5 metra \u0161irok\u00fd most na Jadranskej magistr\u00e1le (star\u00e1 cesta). Bol postaven\u00fd v roku 1961, ale po\u010das juhoslovanskej ob\u010dianskej vojny bol 21. novembra 1991 zni\u010den\u00fd. A ke\u010f\u017ee v\u0161etky komunik\u00e1cie, ktor\u00e9 sp\u00e1jali Dalm\u00e1ciu so zvy\u0161kom krajiny boli preru\u0161en\u00e9 a obsaden\u00e9 srbsk\u00fdmi jednotkami, vystala pre Chorv\u00e1tov potreba vystava\u0165 nov\u00fd most, cca. 1,5 km severnej\u0161ie. V roku 2005 bol obnoven\u00fd a uveden\u00fd do prev\u00e1dzky. Dnes na \u0148om funguje aj adrenal\u00ednov\u00e1 atrakcia &#8211; bungee jumping.<\/p>\n<div id='gallery-6' class='gallery galleryid-593 gallery-columns-1 gallery-size-full'><figure class='gallery-item'>\n\t\t\t<div class='gallery-icon portrait'>\n\t\t\t\t<a href='https:\/\/uzisibalkaninak.com\/15-6\/'><img loading=\"lazy\" decoding=\"async\" width=\"1536\" height=\"2048\" src=\"https:\/\/uzisibalkaninak.com\/wp-content\/uploads\/2026\/03\/15-5.jpg\" class=\"attachment-full size-full\" alt=\"\" aria-describedby=\"gallery-6-521\" srcset=\"https:\/\/uzisibalkaninak.com\/wp-content\/uploads\/2026\/03\/15-5.jpg 1536w, https:\/\/uzisibalkaninak.com\/wp-content\/uploads\/2026\/03\/15-5-225x300.jpg 225w, https:\/\/uzisibalkaninak.com\/wp-content\/uploads\/2026\/03\/15-5-768x1024.jpg 768w, https:\/\/uzisibalkaninak.com\/wp-content\/uploads\/2026\/03\/15-5-1152x1536.jpg 1152w\" sizes=\"auto, (max-width: 1536px) 100vw, 1536px\" \/><\/a>\n\t\t\t<\/div>\n\t\t\t\t<figcaption class='wp-caption-text gallery-caption' id='gallery-6-521'>\n\t\t\t\tStari most je ten vzadu \ud83d\ude42 &#8230;\n\t\t\t\t<\/figcaption><\/figure>\n\t\t<\/div>\n\n<p><strong><b>Novi Masleni\u010dki most<\/b><\/strong>\u00a0&#8211; jeho v\u00fdstavba za\u010dala v janu\u00e1ri 1993. Cel\u00e9 stavenisko sa takmer jeden rok nach\u00e1dzalo v dosahu srbsk\u00e9ho delostrelectva. Uveden\u00fd do prev\u00e1dzky bol v roku 1997. Je dlh\u00fd vy\u0161e 377 metrov, \u0161irok\u00fd 20 metrov. Jeho oporn\u00fa kon\u0161trukciu tvor\u00ed \u017eelezobet\u00f3nov\u00fd obl\u00fak s rozponom 200 metrov, \u010d\u00edm sa zara\u010fuje medzi mosty s najv\u00e4\u010d\u0161\u00edm obl\u00fakom na svete. V roku 2003 sa stal s\u00fa\u010das\u0165ou dia\u013enice A1. S t\u00fdmto mostom sa via\u017ee fakt, \u017ee je \u010dasto uzatv\u00e1ran\u00fd pre ve\u013emi siln\u00e9 n\u00e1razy vetra. Absol\u00fatny rekord predstavoval de\u0148 21.12.1998, ke\u010f tu namerali n\u00e1raz vetra s r\u00fdchlos\u0165ou a\u017e 248 km\/h .<\/p>\n<div id='gallery-7' class='gallery galleryid-593 gallery-columns-1 gallery-size-full'><figure class='gallery-item'>\n\t\t\t<div class='gallery-icon portrait'>\n\t\t\t\t<a href='https:\/\/uzisibalkaninak.com\/16-6\/'><img loading=\"lazy\" decoding=\"async\" width=\"1536\" height=\"2048\" src=\"https:\/\/uzisibalkaninak.com\/wp-content\/uploads\/2026\/03\/16-5.jpg\" class=\"attachment-full size-full\" alt=\"\" srcset=\"https:\/\/uzisibalkaninak.com\/wp-content\/uploads\/2026\/03\/16-5.jpg 1536w, https:\/\/uzisibalkaninak.com\/wp-content\/uploads\/2026\/03\/16-5-225x300.jpg 225w, https:\/\/uzisibalkaninak.com\/wp-content\/uploads\/2026\/03\/16-5-768x1024.jpg 768w, https:\/\/uzisibalkaninak.com\/wp-content\/uploads\/2026\/03\/16-5-1152x1536.jpg 1152w\" sizes=\"auto, (max-width: 1536px) 100vw, 1536px\" \/><\/a>\n\t\t\t<\/div><\/figure><figure class='gallery-item'>\n\t\t\t<div class='gallery-icon portrait'>\n\t\t\t\t<a href='https:\/\/uzisibalkaninak.com\/17-6\/'><img loading=\"lazy\" decoding=\"async\" width=\"1536\" height=\"2048\" src=\"https:\/\/uzisibalkaninak.com\/wp-content\/uploads\/2026\/03\/17-5.jpg\" class=\"attachment-full size-full\" alt=\"\" srcset=\"https:\/\/uzisibalkaninak.com\/wp-content\/uploads\/2026\/03\/17-5.jpg 1536w, https:\/\/uzisibalkaninak.com\/wp-content\/uploads\/2026\/03\/17-5-225x300.jpg 225w, https:\/\/uzisibalkaninak.com\/wp-content\/uploads\/2026\/03\/17-5-768x1024.jpg 768w, https:\/\/uzisibalkaninak.com\/wp-content\/uploads\/2026\/03\/17-5-1152x1536.jpg 1152w\" sizes=\"auto, (max-width: 1536px) 100vw, 1536px\" \/><\/a>\n\t\t\t<\/div><\/figure>\n\t\t<\/div>\n\n<p>&nbsp;<\/p>\n<p style=\"text-align: center;\"><strong><b>*Plavba po rieke Zrmanja*<\/b><\/strong><\/p>\n<p>Po prehliadke Novskej \u00fa\u017einy to n\u00e1\u0161 kapit\u00e1n namieril na v\u00fdchod k \u00fastiu rieky Zrmanja. Pl\u00e1vame proti pr\u00fadu smerom k mestu Obrovac, ktor\u00e9 sa nach\u00e1dza pribli\u017ene 12 kilometrov od \u00fastia rieky. Samotn\u00e9 \u00fastie m\u00e1 \u0161\u00edrku 240 metrov. Od \u00fastia a\u017e po mesto Obrovac sa h\u013abka rieky pohybuje medzi 5 &#8211; 7 metrov. V\u00fd\u0161ka sk\u00e1l dosahuje a\u017e 300 metrov.<\/p>\n<div id='gallery-8' class='gallery galleryid-593 gallery-columns-1 gallery-size-full'><figure class='gallery-item'>\n\t\t\t<div class='gallery-icon landscape'>\n\t\t\t\t<a href='https:\/\/uzisibalkaninak.com\/18-6\/'><img loading=\"lazy\" decoding=\"async\" width=\"2048\" height=\"1536\" src=\"https:\/\/uzisibalkaninak.com\/wp-content\/uploads\/2026\/03\/18-5.jpg\" class=\"attachment-full size-full\" alt=\"\" aria-describedby=\"gallery-8-524\" srcset=\"https:\/\/uzisibalkaninak.com\/wp-content\/uploads\/2026\/03\/18-5.jpg 2048w, https:\/\/uzisibalkaninak.com\/wp-content\/uploads\/2026\/03\/18-5-300x225.jpg 300w, https:\/\/uzisibalkaninak.com\/wp-content\/uploads\/2026\/03\/18-5-1024x768.jpg 1024w, https:\/\/uzisibalkaninak.com\/wp-content\/uploads\/2026\/03\/18-5-768x576.jpg 768w, https:\/\/uzisibalkaninak.com\/wp-content\/uploads\/2026\/03\/18-5-1536x1152.jpg 1536w\" sizes=\"auto, (max-width: 2048px) 100vw, 2048px\" \/><\/a>\n\t\t\t<\/div>\n\t\t\t\t<figcaption class='wp-caption-text gallery-caption' id='gallery-8-524'>\n\t\t\t\t\u00dastie rieky Zrmanja\n\t\t\t\t<\/figcaption><\/figure>\n\t\t<\/div>\n\n<p>Bl\u00ed\u017eime sa k skal\u00e1m, ktor\u00e9 naz\u00fdvaj\u00fa \u201cBr\u00e1na princa Marka\u201d. Na pravej strane rieky vid\u00edme ruiny pevnosti, ktor\u00e1 sa vol\u00e1 Pr\u017eunac a na poh\u013ead vyzer\u00e1 ako ve\u013ek\u00e9 hniezdo na vrchole skaly. Sk\u00fa\u0161ala som h\u013eada\u0165, aby som sa o tejto pevnosti dozvedela viac. Inform\u00e1cie o pevnosti s\u00fa stroh\u00e9 a daj\u00fa sa rozdeli\u0165 na dve skupiny. Pod\u013ea jednej bola t\u00e1to pevnos\u0165 v\u00e4zen\u00edm chorv\u00e1tskej kr\u00e1\u013eovnej Jeleny. Pod\u013ea druhej, pr\u00e1ve z tejto pevnosti velila Jelena svoj\u00edm jednotk\u00e1m v n\u00e1mornej bitke s Turkami.<\/p>\n<div id='gallery-9' class='gallery galleryid-593 gallery-columns-1 gallery-size-full'><figure class='gallery-item'>\n\t\t\t<div class='gallery-icon portrait'>\n\t\t\t\t<a href='https:\/\/uzisibalkaninak.com\/20-6\/'><img loading=\"lazy\" decoding=\"async\" width=\"1536\" height=\"2048\" src=\"https:\/\/uzisibalkaninak.com\/wp-content\/uploads\/2026\/03\/20-5.jpg\" class=\"attachment-full size-full\" alt=\"\" srcset=\"https:\/\/uzisibalkaninak.com\/wp-content\/uploads\/2026\/03\/20-5.jpg 1536w, https:\/\/uzisibalkaninak.com\/wp-content\/uploads\/2026\/03\/20-5-225x300.jpg 225w, https:\/\/uzisibalkaninak.com\/wp-content\/uploads\/2026\/03\/20-5-768x1024.jpg 768w, https:\/\/uzisibalkaninak.com\/wp-content\/uploads\/2026\/03\/20-5-1152x1536.jpg 1152w\" sizes=\"auto, (max-width: 1536px) 100vw, 1536px\" \/><\/a>\n\t\t\t<\/div><\/figure><figure class='gallery-item'>\n\t\t\t<div class='gallery-icon landscape'>\n\t\t\t\t<a href='https:\/\/uzisibalkaninak.com\/19-6\/'><img loading=\"lazy\" decoding=\"async\" width=\"2048\" height=\"1536\" src=\"https:\/\/uzisibalkaninak.com\/wp-content\/uploads\/2026\/03\/19-5.jpg\" class=\"attachment-full size-full\" alt=\"\" srcset=\"https:\/\/uzisibalkaninak.com\/wp-content\/uploads\/2026\/03\/19-5.jpg 2048w, https:\/\/uzisibalkaninak.com\/wp-content\/uploads\/2026\/03\/19-5-300x225.jpg 300w, https:\/\/uzisibalkaninak.com\/wp-content\/uploads\/2026\/03\/19-5-1024x768.jpg 1024w, https:\/\/uzisibalkaninak.com\/wp-content\/uploads\/2026\/03\/19-5-768x576.jpg 768w, https:\/\/uzisibalkaninak.com\/wp-content\/uploads\/2026\/03\/19-5-1536x1152.jpg 1536w\" sizes=\"auto, (max-width: 2048px) 100vw, 2048px\" \/><\/a>\n\t\t\t<\/div><\/figure><figure class='gallery-item'>\n\t\t\t<div class='gallery-icon portrait'>\n\t\t\t\t<a href='https:\/\/uzisibalkaninak.com\/21-7\/'><img loading=\"lazy\" decoding=\"async\" width=\"1536\" height=\"2048\" src=\"https:\/\/uzisibalkaninak.com\/wp-content\/uploads\/2026\/03\/21-5.jpg\" class=\"attachment-full size-full\" alt=\"\" srcset=\"https:\/\/uzisibalkaninak.com\/wp-content\/uploads\/2026\/03\/21-5.jpg 1536w, https:\/\/uzisibalkaninak.com\/wp-content\/uploads\/2026\/03\/21-5-225x300.jpg 225w, https:\/\/uzisibalkaninak.com\/wp-content\/uploads\/2026\/03\/21-5-768x1024.jpg 768w, https:\/\/uzisibalkaninak.com\/wp-content\/uploads\/2026\/03\/21-5-1152x1536.jpg 1152w\" sizes=\"auto, (max-width: 1536px) 100vw, 1536px\" \/><\/a>\n\t\t\t<\/div><\/figure><figure class='gallery-item'>\n\t\t\t<div class='gallery-icon portrait'>\n\t\t\t\t<a href='https:\/\/uzisibalkaninak.com\/25-6\/'><img loading=\"lazy\" decoding=\"async\" width=\"1536\" height=\"2048\" src=\"https:\/\/uzisibalkaninak.com\/wp-content\/uploads\/2026\/03\/25-5.jpg\" class=\"attachment-full size-full\" alt=\"\" srcset=\"https:\/\/uzisibalkaninak.com\/wp-content\/uploads\/2026\/03\/25-5.jpg 1536w, https:\/\/uzisibalkaninak.com\/wp-content\/uploads\/2026\/03\/25-5-225x300.jpg 225w, https:\/\/uzisibalkaninak.com\/wp-content\/uploads\/2026\/03\/25-5-768x1024.jpg 768w, https:\/\/uzisibalkaninak.com\/wp-content\/uploads\/2026\/03\/25-5-1152x1536.jpg 1152w\" sizes=\"auto, (max-width: 1536px) 100vw, 1536px\" \/><\/a>\n\t\t\t<\/div><\/figure><figure class='gallery-item'>\n\t\t\t<div class='gallery-icon landscape'>\n\t\t\t\t<a href='https:\/\/uzisibalkaninak.com\/23-7\/'><img loading=\"lazy\" decoding=\"async\" width=\"2048\" height=\"1648\" src=\"https:\/\/uzisibalkaninak.com\/wp-content\/uploads\/2026\/03\/23-6.jpg\" class=\"attachment-full size-full\" alt=\"\" srcset=\"https:\/\/uzisibalkaninak.com\/wp-content\/uploads\/2026\/03\/23-6.jpg 2048w, https:\/\/uzisibalkaninak.com\/wp-content\/uploads\/2026\/03\/23-6-300x241.jpg 300w, https:\/\/uzisibalkaninak.com\/wp-content\/uploads\/2026\/03\/23-6-1024x824.jpg 1024w, https:\/\/uzisibalkaninak.com\/wp-content\/uploads\/2026\/03\/23-6-768x618.jpg 768w, https:\/\/uzisibalkaninak.com\/wp-content\/uploads\/2026\/03\/23-6-1536x1236.jpg 1536w\" sizes=\"auto, (max-width: 2048px) 100vw, 2048px\" \/><\/a>\n\t\t\t<\/div><\/figure><figure class='gallery-item'>\n\t\t\t<div class='gallery-icon portrait'>\n\t\t\t\t<a href='https:\/\/uzisibalkaninak.com\/27-6\/'><img loading=\"lazy\" decoding=\"async\" width=\"1536\" height=\"2048\" src=\"https:\/\/uzisibalkaninak.com\/wp-content\/uploads\/2026\/03\/27-5.jpg\" class=\"attachment-full size-full\" alt=\"\" srcset=\"https:\/\/uzisibalkaninak.com\/wp-content\/uploads\/2026\/03\/27-5.jpg 1536w, https:\/\/uzisibalkaninak.com\/wp-content\/uploads\/2026\/03\/27-5-225x300.jpg 225w, https:\/\/uzisibalkaninak.com\/wp-content\/uploads\/2026\/03\/27-5-768x1024.jpg 768w, https:\/\/uzisibalkaninak.com\/wp-content\/uploads\/2026\/03\/27-5-1152x1536.jpg 1152w\" sizes=\"auto, (max-width: 1536px) 100vw, 1536px\" \/><\/a>\n\t\t\t<\/div><\/figure><figure class='gallery-item'>\n\t\t\t<div class='gallery-icon portrait'>\n\t\t\t\t<a href='https:\/\/uzisibalkaninak.com\/32-6\/'><img loading=\"lazy\" decoding=\"async\" width=\"1536\" height=\"2048\" src=\"https:\/\/uzisibalkaninak.com\/wp-content\/uploads\/2026\/03\/32-5.jpg\" class=\"attachment-full size-full\" alt=\"\" aria-describedby=\"gallery-9-538\" srcset=\"https:\/\/uzisibalkaninak.com\/wp-content\/uploads\/2026\/03\/32-5.jpg 1536w, https:\/\/uzisibalkaninak.com\/wp-content\/uploads\/2026\/03\/32-5-225x300.jpg 225w, https:\/\/uzisibalkaninak.com\/wp-content\/uploads\/2026\/03\/32-5-768x1024.jpg 768w, https:\/\/uzisibalkaninak.com\/wp-content\/uploads\/2026\/03\/32-5-1152x1536.jpg 1152w\" sizes=\"auto, (max-width: 1536px) 100vw, 1536px\" \/><\/a>\n\t\t\t<\/div>\n\t\t\t\t<figcaption class='wp-caption-text gallery-caption' id='gallery-9-538'>\n\t\t\t\tNa skale sa nach\u00e1dzaj\u00fa zvy\u0161ky pevnosti Pr\u017eunac\n\t\t\t\t<\/figcaption><\/figure><figure class='gallery-item'>\n\t\t\t<div class='gallery-icon portrait'>\n\t\t\t\t<a href='https:\/\/uzisibalkaninak.com\/29-6\/'><img loading=\"lazy\" decoding=\"async\" width=\"1536\" height=\"2048\" src=\"https:\/\/uzisibalkaninak.com\/wp-content\/uploads\/2026\/03\/29-5.jpg\" class=\"attachment-full size-full\" alt=\"\" srcset=\"https:\/\/uzisibalkaninak.com\/wp-content\/uploads\/2026\/03\/29-5.jpg 1536w, https:\/\/uzisibalkaninak.com\/wp-content\/uploads\/2026\/03\/29-5-225x300.jpg 225w, https:\/\/uzisibalkaninak.com\/wp-content\/uploads\/2026\/03\/29-5-768x1024.jpg 768w, https:\/\/uzisibalkaninak.com\/wp-content\/uploads\/2026\/03\/29-5-1152x1536.jpg 1152w\" sizes=\"auto, (max-width: 1536px) 100vw, 1536px\" \/><\/a>\n\t\t\t<\/div><\/figure><figure class='gallery-item'>\n\t\t\t<div class='gallery-icon portrait'>\n\t\t\t\t<a href='https:\/\/uzisibalkaninak.com\/33-6\/'><img loading=\"lazy\" decoding=\"async\" width=\"1536\" height=\"2048\" src=\"https:\/\/uzisibalkaninak.com\/wp-content\/uploads\/2026\/03\/33-5.jpg\" class=\"attachment-full size-full\" alt=\"\" srcset=\"https:\/\/uzisibalkaninak.com\/wp-content\/uploads\/2026\/03\/33-5.jpg 1536w, https:\/\/uzisibalkaninak.com\/wp-content\/uploads\/2026\/03\/33-5-225x300.jpg 225w, https:\/\/uzisibalkaninak.com\/wp-content\/uploads\/2026\/03\/33-5-768x1024.jpg 768w, https:\/\/uzisibalkaninak.com\/wp-content\/uploads\/2026\/03\/33-5-1152x1536.jpg 1152w\" sizes=\"auto, (max-width: 1536px) 100vw, 1536px\" \/><\/a>\n\t\t\t<\/div><\/figure>\n\t\t<\/div>\n\n<p>\u010ealej sa cesta vinie medzi \u00fatesmi v\u00e1pencov\u00fdch sk\u00e1l. \u010c\u00edm bli\u017e\u0161ie sme k mestu Obrovac, t\u00fdm sa viac svahy zelenaj\u00fa a my m\u00ed\u0148ame ob\u010dasn\u00e9 stavby a ruiny. Po \u013eavej ruke vid\u00edme zvy\u0161ky Benedikt\u00ednskeho kl\u00e1\u0161tora sv. Jurja Koprivskogo. A\u017e dopl\u00e1vame do meste\u010dka Obrovac&#8230;<\/p>\n<div id='gallery-10' class='gallery galleryid-593 gallery-columns-1 gallery-size-full'><figure class='gallery-item'>\n\t\t\t<div class='gallery-icon portrait'>\n\t\t\t\t<a href='https:\/\/uzisibalkaninak.com\/37-6\/'><img loading=\"lazy\" decoding=\"async\" width=\"1200\" height=\"1600\" src=\"https:\/\/uzisibalkaninak.com\/wp-content\/uploads\/2026\/03\/37-5.jpg\" class=\"attachment-full size-full\" alt=\"\" srcset=\"https:\/\/uzisibalkaninak.com\/wp-content\/uploads\/2026\/03\/37-5.jpg 1200w, https:\/\/uzisibalkaninak.com\/wp-content\/uploads\/2026\/03\/37-5-225x300.jpg 225w, https:\/\/uzisibalkaninak.com\/wp-content\/uploads\/2026\/03\/37-5-768x1024.jpg 768w, https:\/\/uzisibalkaninak.com\/wp-content\/uploads\/2026\/03\/37-5-1152x1536.jpg 1152w\" sizes=\"auto, (max-width: 1200px) 100vw, 1200px\" \/><\/a>\n\t\t\t<\/div><\/figure><figure class='gallery-item'>\n\t\t\t<div class='gallery-icon portrait'>\n\t\t\t\t<a href='https:\/\/uzisibalkaninak.com\/35-6\/'><img loading=\"lazy\" decoding=\"async\" width=\"1200\" height=\"1600\" src=\"https:\/\/uzisibalkaninak.com\/wp-content\/uploads\/2026\/03\/35-5.jpg\" class=\"attachment-full size-full\" alt=\"\" srcset=\"https:\/\/uzisibalkaninak.com\/wp-content\/uploads\/2026\/03\/35-5.jpg 1200w, https:\/\/uzisibalkaninak.com\/wp-content\/uploads\/2026\/03\/35-5-225x300.jpg 225w, https:\/\/uzisibalkaninak.com\/wp-content\/uploads\/2026\/03\/35-5-768x1024.jpg 768w, https:\/\/uzisibalkaninak.com\/wp-content\/uploads\/2026\/03\/35-5-1152x1536.jpg 1152w\" sizes=\"auto, (max-width: 1200px) 100vw, 1200px\" \/><\/a>\n\t\t\t<\/div><\/figure>\n\t\t<\/div>\n\n<p>Toto mesto je rozlo\u017een\u00e9 na oboch brehoch rieky Zrmanja. Toto meste\u010dko v minulosti ve\u013emi utrpelo po\u010das bojov medzi Chorv\u00e1tmi a Srbmi v 90. rokoch. Prv\u00e9 zmienky o tomto meste poch\u00e1dzaj\u00fa e\u0161te z roku 1337. Jeho zakladate\u013emi boli tzv. krbavsk\u00e9 knie\u017eat\u00e1, nesk\u00f4r mesto ovl\u00e1dali Turci aj Ben\u00e1t\u010dania.<\/p>\n<p style=\"text-align: center;\">Zop\u00e1r foto z cesty do Obrovacu<\/p>\n<div id='gallery-11' class='gallery galleryid-593 gallery-columns-1 gallery-size-full'><figure class='gallery-item'>\n\t\t\t<div class='gallery-icon portrait'>\n\t\t\t\t<a href='https:\/\/uzisibalkaninak.com\/53-5\/'><img loading=\"lazy\" decoding=\"async\" width=\"1536\" height=\"2048\" src=\"https:\/\/uzisibalkaninak.com\/wp-content\/uploads\/2026\/03\/53-4.jpg\" class=\"attachment-full size-full\" alt=\"\" srcset=\"https:\/\/uzisibalkaninak.com\/wp-content\/uploads\/2026\/03\/53-4.jpg 1536w, https:\/\/uzisibalkaninak.com\/wp-content\/uploads\/2026\/03\/53-4-225x300.jpg 225w, https:\/\/uzisibalkaninak.com\/wp-content\/uploads\/2026\/03\/53-4-768x1024.jpg 768w, https:\/\/uzisibalkaninak.com\/wp-content\/uploads\/2026\/03\/53-4-1152x1536.jpg 1152w\" sizes=\"auto, (max-width: 1536px) 100vw, 1536px\" \/><\/a>\n\t\t\t<\/div><\/figure><figure class='gallery-item'>\n\t\t\t<div class='gallery-icon portrait'>\n\t\t\t\t<a href='https:\/\/uzisibalkaninak.com\/40-6\/'><img loading=\"lazy\" decoding=\"async\" width=\"1536\" height=\"2048\" src=\"https:\/\/uzisibalkaninak.com\/wp-content\/uploads\/2026\/03\/40-5.jpg\" class=\"attachment-full size-full\" alt=\"\" srcset=\"https:\/\/uzisibalkaninak.com\/wp-content\/uploads\/2026\/03\/40-5.jpg 1536w, https:\/\/uzisibalkaninak.com\/wp-content\/uploads\/2026\/03\/40-5-225x300.jpg 225w, https:\/\/uzisibalkaninak.com\/wp-content\/uploads\/2026\/03\/40-5-768x1024.jpg 768w, https:\/\/uzisibalkaninak.com\/wp-content\/uploads\/2026\/03\/40-5-1152x1536.jpg 1152w\" sizes=\"auto, (max-width: 1536px) 100vw, 1536px\" \/><\/a>\n\t\t\t<\/div><\/figure><figure class='gallery-item'>\n\t\t\t<div class='gallery-icon portrait'>\n\t\t\t\t<a href='https:\/\/uzisibalkaninak.com\/41-6\/'><img loading=\"lazy\" decoding=\"async\" width=\"1536\" height=\"2048\" src=\"https:\/\/uzisibalkaninak.com\/wp-content\/uploads\/2026\/03\/41-5.jpg\" class=\"attachment-full size-full\" alt=\"\" srcset=\"https:\/\/uzisibalkaninak.com\/wp-content\/uploads\/2026\/03\/41-5.jpg 1536w, https:\/\/uzisibalkaninak.com\/wp-content\/uploads\/2026\/03\/41-5-225x300.jpg 225w, https:\/\/uzisibalkaninak.com\/wp-content\/uploads\/2026\/03\/41-5-768x1024.jpg 768w, https:\/\/uzisibalkaninak.com\/wp-content\/uploads\/2026\/03\/41-5-1152x1536.jpg 1152w\" sizes=\"auto, (max-width: 1536px) 100vw, 1536px\" \/><\/a>\n\t\t\t<\/div><\/figure><figure class='gallery-item'>\n\t\t\t<div class='gallery-icon portrait'>\n\t\t\t\t<a href='https:\/\/uzisibalkaninak.com\/42-6\/'><img loading=\"lazy\" decoding=\"async\" width=\"1536\" height=\"2048\" src=\"https:\/\/uzisibalkaninak.com\/wp-content\/uploads\/2026\/03\/42-5.jpg\" class=\"attachment-full size-full\" alt=\"\" srcset=\"https:\/\/uzisibalkaninak.com\/wp-content\/uploads\/2026\/03\/42-5.jpg 1536w, https:\/\/uzisibalkaninak.com\/wp-content\/uploads\/2026\/03\/42-5-225x300.jpg 225w, https:\/\/uzisibalkaninak.com\/wp-content\/uploads\/2026\/03\/42-5-768x1024.jpg 768w, https:\/\/uzisibalkaninak.com\/wp-content\/uploads\/2026\/03\/42-5-1152x1536.jpg 1152w\" sizes=\"auto, (max-width: 1536px) 100vw, 1536px\" \/><\/a>\n\t\t\t<\/div><\/figure><figure class='gallery-item'>\n\t\t\t<div class='gallery-icon portrait'>\n\t\t\t\t<a href='https:\/\/uzisibalkaninak.com\/43-6\/'><img loading=\"lazy\" decoding=\"async\" width=\"1730\" height=\"2048\" src=\"https:\/\/uzisibalkaninak.com\/wp-content\/uploads\/2026\/03\/43-5.jpg\" class=\"attachment-full size-full\" alt=\"\" srcset=\"https:\/\/uzisibalkaninak.com\/wp-content\/uploads\/2026\/03\/43-5.jpg 1730w, https:\/\/uzisibalkaninak.com\/wp-content\/uploads\/2026\/03\/43-5-253x300.jpg 253w, https:\/\/uzisibalkaninak.com\/wp-content\/uploads\/2026\/03\/43-5-865x1024.jpg 865w, https:\/\/uzisibalkaninak.com\/wp-content\/uploads\/2026\/03\/43-5-768x909.jpg 768w, https:\/\/uzisibalkaninak.com\/wp-content\/uploads\/2026\/03\/43-5-1298x1536.jpg 1298w\" sizes=\"auto, (max-width: 1730px) 100vw, 1730px\" \/><\/a>\n\t\t\t<\/div><\/figure><figure class='gallery-item'>\n\t\t\t<div class='gallery-icon portrait'>\n\t\t\t\t<a href='https:\/\/uzisibalkaninak.com\/44-6\/'><img loading=\"lazy\" decoding=\"async\" width=\"1536\" height=\"2048\" src=\"https:\/\/uzisibalkaninak.com\/wp-content\/uploads\/2026\/03\/44-5.jpg\" class=\"attachment-full size-full\" alt=\"\" srcset=\"https:\/\/uzisibalkaninak.com\/wp-content\/uploads\/2026\/03\/44-5.jpg 1536w, https:\/\/uzisibalkaninak.com\/wp-content\/uploads\/2026\/03\/44-5-225x300.jpg 225w, https:\/\/uzisibalkaninak.com\/wp-content\/uploads\/2026\/03\/44-5-768x1024.jpg 768w, https:\/\/uzisibalkaninak.com\/wp-content\/uploads\/2026\/03\/44-5-1152x1536.jpg 1152w\" sizes=\"auto, (max-width: 1536px) 100vw, 1536px\" \/><\/a>\n\t\t\t<\/div><\/figure><figure class='gallery-item'>\n\t\t\t<div class='gallery-icon portrait'>\n\t\t\t\t<a href='https:\/\/uzisibalkaninak.com\/45-6\/'><img loading=\"lazy\" decoding=\"async\" width=\"1536\" height=\"2048\" src=\"https:\/\/uzisibalkaninak.com\/wp-content\/uploads\/2026\/03\/45-5.jpg\" class=\"attachment-full size-full\" alt=\"\" srcset=\"https:\/\/uzisibalkaninak.com\/wp-content\/uploads\/2026\/03\/45-5.jpg 1536w, https:\/\/uzisibalkaninak.com\/wp-content\/uploads\/2026\/03\/45-5-225x300.jpg 225w, https:\/\/uzisibalkaninak.com\/wp-content\/uploads\/2026\/03\/45-5-768x1024.jpg 768w, https:\/\/uzisibalkaninak.com\/wp-content\/uploads\/2026\/03\/45-5-1152x1536.jpg 1152w\" sizes=\"auto, (max-width: 1536px) 100vw, 1536px\" \/><\/a>\n\t\t\t<\/div><\/figure><figure class='gallery-item'>\n\t\t\t<div class='gallery-icon portrait'>\n\t\t\t\t<a href='https:\/\/uzisibalkaninak.com\/46-6\/'><img loading=\"lazy\" decoding=\"async\" width=\"1536\" height=\"2048\" src=\"https:\/\/uzisibalkaninak.com\/wp-content\/uploads\/2026\/03\/46-5.jpg\" class=\"attachment-full size-full\" alt=\"\" srcset=\"https:\/\/uzisibalkaninak.com\/wp-content\/uploads\/2026\/03\/46-5.jpg 1536w, https:\/\/uzisibalkaninak.com\/wp-content\/uploads\/2026\/03\/46-5-225x300.jpg 225w, https:\/\/uzisibalkaninak.com\/wp-content\/uploads\/2026\/03\/46-5-768x1024.jpg 768w, https:\/\/uzisibalkaninak.com\/wp-content\/uploads\/2026\/03\/46-5-1152x1536.jpg 1152w\" sizes=\"auto, (max-width: 1536px) 100vw, 1536px\" \/><\/a>\n\t\t\t<\/div><\/figure><figure class='gallery-item'>\n\t\t\t<div class='gallery-icon portrait'>\n\t\t\t\t<a href='https:\/\/uzisibalkaninak.com\/49-6\/'><img loading=\"lazy\" decoding=\"async\" width=\"1536\" height=\"2048\" src=\"https:\/\/uzisibalkaninak.com\/wp-content\/uploads\/2026\/03\/49-5.jpg\" class=\"attachment-full size-full\" alt=\"\" srcset=\"https:\/\/uzisibalkaninak.com\/wp-content\/uploads\/2026\/03\/49-5.jpg 1536w, https:\/\/uzisibalkaninak.com\/wp-content\/uploads\/2026\/03\/49-5-225x300.jpg 225w, https:\/\/uzisibalkaninak.com\/wp-content\/uploads\/2026\/03\/49-5-768x1024.jpg 768w, https:\/\/uzisibalkaninak.com\/wp-content\/uploads\/2026\/03\/49-5-1152x1536.jpg 1152w\" sizes=\"auto, (max-width: 1536px) 100vw, 1536px\" \/><\/a>\n\t\t\t<\/div><\/figure><figure class='gallery-item'>\n\t\t\t<div class='gallery-icon landscape'>\n\t\t\t\t<a href='https:\/\/uzisibalkaninak.com\/50-6\/'><img loading=\"lazy\" decoding=\"async\" width=\"2048\" height=\"1536\" src=\"https:\/\/uzisibalkaninak.com\/wp-content\/uploads\/2026\/03\/50-5.jpg\" class=\"attachment-full size-full\" alt=\"\" srcset=\"https:\/\/uzisibalkaninak.com\/wp-content\/uploads\/2026\/03\/50-5.jpg 2048w, https:\/\/uzisibalkaninak.com\/wp-content\/uploads\/2026\/03\/50-5-300x225.jpg 300w, https:\/\/uzisibalkaninak.com\/wp-content\/uploads\/2026\/03\/50-5-1024x768.jpg 1024w, https:\/\/uzisibalkaninak.com\/wp-content\/uploads\/2026\/03\/50-5-768x576.jpg 768w, https:\/\/uzisibalkaninak.com\/wp-content\/uploads\/2026\/03\/50-5-1536x1152.jpg 1536w\" sizes=\"auto, (max-width: 2048px) 100vw, 2048px\" \/><\/a>\n\t\t\t<\/div><\/figure><figure class='gallery-item'>\n\t\t\t<div class='gallery-icon landscape'>\n\t\t\t\t<a href='https:\/\/uzisibalkaninak.com\/47-6\/'><img loading=\"lazy\" decoding=\"async\" width=\"2048\" height=\"1536\" src=\"https:\/\/uzisibalkaninak.com\/wp-content\/uploads\/2026\/03\/47-5.jpg\" class=\"attachment-full size-full\" alt=\"\" srcset=\"https:\/\/uzisibalkaninak.com\/wp-content\/uploads\/2026\/03\/47-5.jpg 2048w, https:\/\/uzisibalkaninak.com\/wp-content\/uploads\/2026\/03\/47-5-300x225.jpg 300w, https:\/\/uzisibalkaninak.com\/wp-content\/uploads\/2026\/03\/47-5-1024x768.jpg 1024w, https:\/\/uzisibalkaninak.com\/wp-content\/uploads\/2026\/03\/47-5-768x576.jpg 768w, https:\/\/uzisibalkaninak.com\/wp-content\/uploads\/2026\/03\/47-5-1536x1152.jpg 1536w\" sizes=\"auto, (max-width: 2048px) 100vw, 2048px\" \/><\/a>\n\t\t\t<\/div><\/figure><figure class='gallery-item'>\n\t\t\t<div class='gallery-icon landscape'>\n\t\t\t\t<a href='https:\/\/uzisibalkaninak.com\/51-6\/'><img loading=\"lazy\" decoding=\"async\" width=\"2048\" height=\"1536\" src=\"https:\/\/uzisibalkaninak.com\/wp-content\/uploads\/2026\/03\/51-5.jpg\" class=\"attachment-full size-full\" alt=\"\" srcset=\"https:\/\/uzisibalkaninak.com\/wp-content\/uploads\/2026\/03\/51-5.jpg 2048w, https:\/\/uzisibalkaninak.com\/wp-content\/uploads\/2026\/03\/51-5-300x225.jpg 300w, https:\/\/uzisibalkaninak.com\/wp-content\/uploads\/2026\/03\/51-5-1024x768.jpg 1024w, https:\/\/uzisibalkaninak.com\/wp-content\/uploads\/2026\/03\/51-5-768x576.jpg 768w, https:\/\/uzisibalkaninak.com\/wp-content\/uploads\/2026\/03\/51-5-1536x1152.jpg 1536w\" sizes=\"auto, (max-width: 2048px) 100vw, 2048px\" \/><\/a>\n\t\t\t<\/div><\/figure><figure class='gallery-item'>\n\t\t\t<div class='gallery-icon portrait'>\n\t\t\t\t<a href='https:\/\/uzisibalkaninak.com\/55-5\/'><img loading=\"lazy\" decoding=\"async\" width=\"1536\" height=\"2048\" src=\"https:\/\/uzisibalkaninak.com\/wp-content\/uploads\/2026\/03\/55-4.jpg\" class=\"attachment-full size-full\" alt=\"\" srcset=\"https:\/\/uzisibalkaninak.com\/wp-content\/uploads\/2026\/03\/55-4.jpg 1536w, https:\/\/uzisibalkaninak.com\/wp-content\/uploads\/2026\/03\/55-4-225x300.jpg 225w, https:\/\/uzisibalkaninak.com\/wp-content\/uploads\/2026\/03\/55-4-768x1024.jpg 768w, https:\/\/uzisibalkaninak.com\/wp-content\/uploads\/2026\/03\/55-4-1152x1536.jpg 1152w\" sizes=\"auto, (max-width: 1536px) 100vw, 1536px\" \/><\/a>\n\t\t\t<\/div><\/figure><figure class='gallery-item'>\n\t\t\t<div class='gallery-icon landscape'>\n\t\t\t\t<a href='https:\/\/uzisibalkaninak.com\/48-6\/'><img loading=\"lazy\" decoding=\"async\" width=\"2048\" height=\"1536\" src=\"https:\/\/uzisibalkaninak.com\/wp-content\/uploads\/2026\/03\/48-5.jpg\" class=\"attachment-full size-full\" alt=\"\" srcset=\"https:\/\/uzisibalkaninak.com\/wp-content\/uploads\/2026\/03\/48-5.jpg 2048w, https:\/\/uzisibalkaninak.com\/wp-content\/uploads\/2026\/03\/48-5-300x225.jpg 300w, https:\/\/uzisibalkaninak.com\/wp-content\/uploads\/2026\/03\/48-5-1024x768.jpg 1024w, https:\/\/uzisibalkaninak.com\/wp-content\/uploads\/2026\/03\/48-5-768x576.jpg 768w, https:\/\/uzisibalkaninak.com\/wp-content\/uploads\/2026\/03\/48-5-1536x1152.jpg 1536w\" sizes=\"auto, (max-width: 2048px) 100vw, 2048px\" \/><\/a>\n\t\t\t<\/div><\/figure><figure class='gallery-item'>\n\t\t\t<div class='gallery-icon portrait'>\n\t\t\t\t<a href='https:\/\/uzisibalkaninak.com\/52-6\/'><img loading=\"lazy\" decoding=\"async\" width=\"1536\" height=\"2048\" src=\"https:\/\/uzisibalkaninak.com\/wp-content\/uploads\/2026\/03\/52-5.jpg\" class=\"attachment-full size-full\" alt=\"\" srcset=\"https:\/\/uzisibalkaninak.com\/wp-content\/uploads\/2026\/03\/52-5.jpg 1536w, https:\/\/uzisibalkaninak.com\/wp-content\/uploads\/2026\/03\/52-5-225x300.jpg 225w, https:\/\/uzisibalkaninak.com\/wp-content\/uploads\/2026\/03\/52-5-768x1024.jpg 768w, https:\/\/uzisibalkaninak.com\/wp-content\/uploads\/2026\/03\/52-5-1152x1536.jpg 1152w\" sizes=\"auto, (max-width: 1536px) 100vw, 1536px\" \/><\/a>\n\t\t\t<\/div><\/figure>\n\t\t<\/div>\n\n<p>N\u00e1m sa \u00faspe\u0161ne dar\u00ed podpl\u00e1va\u0165 miestny most a m\u00f4\u017eeme pokra\u010dova\u0165 \u010falej a\u017e k vodop\u00e1du Jankovi\u0107 buk, \u010do je e\u0161te pribli\u017ene 4,5 km. Ide o prv\u00fd vodop\u00e1d na rieke Zrmanja ak sa plav\u00edte od \u00fastia rieky proti pr\u00fadu. Rieka od \u00fastia po vodop\u00e1d Jankovi\u0107 buk pr\u00fadi na \u00farovni mora, \u010do znamen\u00e1, \u017ee je splavn\u00e1 na lodi.<\/p>\n<div id='gallery-12' class='gallery galleryid-593 gallery-columns-1 gallery-size-full'><figure class='gallery-item'>\n\t\t\t<div class='gallery-icon portrait'>\n\t\t\t\t<a href='https:\/\/uzisibalkaninak.com\/68-3\/'><img loading=\"lazy\" decoding=\"async\" width=\"1536\" height=\"2048\" src=\"https:\/\/uzisibalkaninak.com\/wp-content\/uploads\/2026\/03\/68-2.jpg\" class=\"attachment-full size-full\" alt=\"\" srcset=\"https:\/\/uzisibalkaninak.com\/wp-content\/uploads\/2026\/03\/68-2.jpg 1536w, https:\/\/uzisibalkaninak.com\/wp-content\/uploads\/2026\/03\/68-2-225x300.jpg 225w, https:\/\/uzisibalkaninak.com\/wp-content\/uploads\/2026\/03\/68-2-768x1024.jpg 768w, https:\/\/uzisibalkaninak.com\/wp-content\/uploads\/2026\/03\/68-2-1152x1536.jpg 1152w\" sizes=\"auto, (max-width: 1536px) 100vw, 1536px\" \/><\/a>\n\t\t\t<\/div><\/figure><figure class='gallery-item'>\n\t\t\t<div class='gallery-icon landscape'>\n\t\t\t\t<a href='https:\/\/uzisibalkaninak.com\/70-3\/'><img loading=\"lazy\" decoding=\"async\" width=\"2048\" height=\"1536\" src=\"https:\/\/uzisibalkaninak.com\/wp-content\/uploads\/2026\/03\/70-2.jpg\" class=\"attachment-full size-full\" alt=\"\" srcset=\"https:\/\/uzisibalkaninak.com\/wp-content\/uploads\/2026\/03\/70-2.jpg 2048w, https:\/\/uzisibalkaninak.com\/wp-content\/uploads\/2026\/03\/70-2-300x225.jpg 300w, https:\/\/uzisibalkaninak.com\/wp-content\/uploads\/2026\/03\/70-2-1024x768.jpg 1024w, https:\/\/uzisibalkaninak.com\/wp-content\/uploads\/2026\/03\/70-2-768x576.jpg 768w, https:\/\/uzisibalkaninak.com\/wp-content\/uploads\/2026\/03\/70-2-1536x1152.jpg 1536w\" sizes=\"auto, (max-width: 2048px) 100vw, 2048px\" \/><\/a>\n\t\t\t<\/div><\/figure><figure class='gallery-item'>\n\t\t\t<div class='gallery-icon landscape'>\n\t\t\t\t<a href='https:\/\/uzisibalkaninak.com\/69-3\/'><img loading=\"lazy\" decoding=\"async\" width=\"2048\" height=\"1536\" src=\"https:\/\/uzisibalkaninak.com\/wp-content\/uploads\/2026\/03\/69-2.jpg\" class=\"attachment-full size-full\" alt=\"\" srcset=\"https:\/\/uzisibalkaninak.com\/wp-content\/uploads\/2026\/03\/69-2.jpg 2048w, https:\/\/uzisibalkaninak.com\/wp-content\/uploads\/2026\/03\/69-2-300x225.jpg 300w, https:\/\/uzisibalkaninak.com\/wp-content\/uploads\/2026\/03\/69-2-1024x768.jpg 1024w, https:\/\/uzisibalkaninak.com\/wp-content\/uploads\/2026\/03\/69-2-768x576.jpg 768w, https:\/\/uzisibalkaninak.com\/wp-content\/uploads\/2026\/03\/69-2-1536x1152.jpg 1536w\" sizes=\"auto, (max-width: 2048px) 100vw, 2048px\" \/><\/a>\n\t\t\t<\/div><\/figure>\n\t\t<\/div>\n\n<div style=\"width: 464px;\" class=\"wp-video\"><video class=\"wp-video-shortcode\" id=\"video-593-1\" width=\"464\" height=\"832\" preload=\"metadata\" controls=\"controls\"><source type=\"video\/mp4\" src=\"https:\/\/uzisibalkaninak.com\/wordpress\/wp-content\/uploads\/2026\/03\/Video-1-1.mp4?_=1\" \/><a href=\"https:\/\/uzisibalkaninak.com\/wordpress\/wp-content\/uploads\/2026\/03\/Video-1-1.mp4\">https:\/\/uzisibalkaninak.com\/wordpress\/wp-content\/uploads\/2026\/03\/Video-1-1.mp4<\/a><\/video><\/div>\n<p>Pod t\u00fdmto vodop\u00e1dom sa rie\u010dna voda za\u010d\u00edna mie\u0161a\u0165 s morskou. Ale len o p\u00e1r metrov vy\u0161\u0161ie je voda v rieke len \u010disto sladk\u00e1. Ved\u013ea samotn\u00e9ho vodop\u00e1du sa nach\u00e1dzaj\u00fa pozostatky nieko\u013ek\u00fdch star\u00fdch mlynov.<\/p>\n<div id='gallery-13' class='gallery galleryid-593 gallery-columns-1 gallery-size-full'><figure class='gallery-item'>\n\t\t\t<div class='gallery-icon portrait'>\n\t\t\t\t<a href='https:\/\/uzisibalkaninak.com\/73-3\/'><img loading=\"lazy\" decoding=\"async\" width=\"1536\" height=\"2048\" src=\"https:\/\/uzisibalkaninak.com\/wp-content\/uploads\/2026\/03\/73-2.jpg\" class=\"attachment-full size-full\" alt=\"\" srcset=\"https:\/\/uzisibalkaninak.com\/wp-content\/uploads\/2026\/03\/73-2.jpg 1536w, https:\/\/uzisibalkaninak.com\/wp-content\/uploads\/2026\/03\/73-2-225x300.jpg 225w, https:\/\/uzisibalkaninak.com\/wp-content\/uploads\/2026\/03\/73-2-768x1024.jpg 768w, https:\/\/uzisibalkaninak.com\/wp-content\/uploads\/2026\/03\/73-2-1152x1536.jpg 1152w\" sizes=\"auto, (max-width: 1536px) 100vw, 1536px\" \/><\/a>\n\t\t\t<\/div><\/figure>\n\t\t<\/div>\n\n<p>Ani ja, ani ocino nedok\u00e1\u017eeme odola\u0165 tak \u010distej hladine rieky. Prezliekli sme sa do plaviek a milo n\u00e1s prekvapilo, ak\u00e1 voda je tepl\u00e1. Ja som pl\u00e1vala a\u017e k vodop\u00e1du a mala som \u010do robi\u0165, pr\u00fad pod vodop\u00e1dmi mal ve\u013ek\u00fa silu. Ale za ten z\u00e1\u017eitok to ur\u010dite st\u00e1lo.<\/p>\n<div id='gallery-14' class='gallery galleryid-593 gallery-columns-1 gallery-size-full'><figure class='gallery-item'>\n\t\t\t<div class='gallery-icon portrait'>\n\t\t\t\t<a href='https:\/\/uzisibalkaninak.com\/74-3\/'><img loading=\"lazy\" decoding=\"async\" width=\"1200\" height=\"1600\" src=\"https:\/\/uzisibalkaninak.com\/wp-content\/uploads\/2026\/03\/74-2.jpg\" class=\"attachment-full size-full\" alt=\"\" srcset=\"https:\/\/uzisibalkaninak.com\/wp-content\/uploads\/2026\/03\/74-2.jpg 1200w, https:\/\/uzisibalkaninak.com\/wp-content\/uploads\/2026\/03\/74-2-225x300.jpg 225w, https:\/\/uzisibalkaninak.com\/wp-content\/uploads\/2026\/03\/74-2-768x1024.jpg 768w, https:\/\/uzisibalkaninak.com\/wp-content\/uploads\/2026\/03\/74-2-1152x1536.jpg 1152w\" sizes=\"auto, (max-width: 1200px) 100vw, 1200px\" \/><\/a>\n\t\t\t<\/div><\/figure>\n\t\t<\/div>\n\n<p>Po k\u00fapan\u00ed sa vraciame nasp\u00e4\u0165 do mesta Novigrad s obednou z\u00e1stavkou v Obrovaci.<\/p>\n<div id='gallery-15' class='gallery galleryid-593 gallery-columns-1 gallery-size-full'><figure class='gallery-item'>\n\t\t\t<div class='gallery-icon portrait'>\n\t\t\t\t<a href='https:\/\/uzisibalkaninak.com\/75-3\/'><img loading=\"lazy\" decoding=\"async\" width=\"1536\" height=\"2048\" src=\"https:\/\/uzisibalkaninak.com\/wp-content\/uploads\/2026\/03\/75-2.jpg\" class=\"attachment-full size-full\" alt=\"\" srcset=\"https:\/\/uzisibalkaninak.com\/wp-content\/uploads\/2026\/03\/75-2.jpg 1536w, https:\/\/uzisibalkaninak.com\/wp-content\/uploads\/2026\/03\/75-2-225x300.jpg 225w, https:\/\/uzisibalkaninak.com\/wp-content\/uploads\/2026\/03\/75-2-768x1024.jpg 768w, https:\/\/uzisibalkaninak.com\/wp-content\/uploads\/2026\/03\/75-2-1152x1536.jpg 1152w\" sizes=\"auto, (max-width: 1536px) 100vw, 1536px\" \/><\/a>\n\t\t\t<\/div><\/figure><figure class='gallery-item'>\n\t\t\t<div class='gallery-icon portrait'>\n\t\t\t\t<a href='https:\/\/uzisibalkaninak.com\/76-3\/'><img loading=\"lazy\" decoding=\"async\" width=\"1536\" height=\"2048\" src=\"https:\/\/uzisibalkaninak.com\/wp-content\/uploads\/2026\/03\/76-2.jpg\" class=\"attachment-full size-full\" alt=\"\" srcset=\"https:\/\/uzisibalkaninak.com\/wp-content\/uploads\/2026\/03\/76-2.jpg 1536w, https:\/\/uzisibalkaninak.com\/wp-content\/uploads\/2026\/03\/76-2-225x300.jpg 225w, https:\/\/uzisibalkaninak.com\/wp-content\/uploads\/2026\/03\/76-2-768x1024.jpg 768w, https:\/\/uzisibalkaninak.com\/wp-content\/uploads\/2026\/03\/76-2-1152x1536.jpg 1152w\" sizes=\"auto, (max-width: 1536px) 100vw, 1536px\" \/><\/a>\n\t\t\t<\/div><\/figure>\n\t\t<\/div>\n\n<p style=\"text-align: center;\">*<strong><b>Poh\u013ead na ka\u0148on Zrmanje zhora*<\/b><\/strong><\/p>\n<p>Po po\u010fakovan\u00ed a rozl\u00fa\u010dke s na\u0161\u00edm kapit\u00e1nom Goranom m\u00e1m pre ocina e\u0161te \u010fal\u0161ie prekvapenie. Rozhodnem sa ho zobra\u0165 na v\u00fdhliadkov\u00e9 miesto Pari\u017eeva\u010dka glavica, z ktor\u00e9ho je jeden z najkraj\u0161\u00edch v\u00fdh\u013eadov na rieku. Toto miesto ve\u013emi \u013eahko miniete, preto odpor\u00fa\u010dam nasledovn\u00fd n\u00e1vod ako to n\u00e1js\u0165. Pokia\u013e cestujete smerom od Maslenice na Obrovac po starej ceste (D54), prech\u00e1dzate aj cez obec Jasenice. Od autobusovej zast\u00e1vky pri hlavnej ceste k odbo\u010dke na po\u013en\u00fa cestu k v\u00fdhliadke je to 2,3 km. Odbo\u010dka nie je nijak ozna\u010den\u00e1. Po odbo\u010den\u00ed treba spomali\u0165, aby ste nedostali defekt, a po pribli\u017ene 600 metroch sa dostanete na ozna\u010den\u00e9 parkovisko, kde nech\u00e1te auto. A po \u010fal\u0161\u00edch 250 metroch budete unesen\u00ed v\u00fdh\u013eadmi, ktor\u00e9 v\u00e1m bud\u00fa pon\u00faknut\u00e9. Pos\u00fa\u010fte sami&#8230;<\/p>\n<div id='gallery-16' class='gallery galleryid-593 gallery-columns-1 gallery-size-full'><figure class='gallery-item'>\n\t\t\t<div class='gallery-icon portrait'>\n\t\t\t\t<a href='https:\/\/uzisibalkaninak.com\/77-3\/'><img loading=\"lazy\" decoding=\"async\" width=\"1536\" height=\"2048\" src=\"https:\/\/uzisibalkaninak.com\/wp-content\/uploads\/2026\/03\/77-2.jpg\" class=\"attachment-full size-full\" alt=\"\" srcset=\"https:\/\/uzisibalkaninak.com\/wp-content\/uploads\/2026\/03\/77-2.jpg 1536w, https:\/\/uzisibalkaninak.com\/wp-content\/uploads\/2026\/03\/77-2-225x300.jpg 225w, https:\/\/uzisibalkaninak.com\/wp-content\/uploads\/2026\/03\/77-2-768x1024.jpg 768w, https:\/\/uzisibalkaninak.com\/wp-content\/uploads\/2026\/03\/77-2-1152x1536.jpg 1152w\" sizes=\"auto, (max-width: 1536px) 100vw, 1536px\" \/><\/a>\n\t\t\t<\/div><\/figure><figure class='gallery-item'>\n\t\t\t<div class='gallery-icon portrait'>\n\t\t\t\t<a href='https:\/\/uzisibalkaninak.com\/81-3\/'><img loading=\"lazy\" decoding=\"async\" width=\"1536\" height=\"2048\" src=\"https:\/\/uzisibalkaninak.com\/wp-content\/uploads\/2026\/03\/81-2.jpg\" class=\"attachment-full size-full\" alt=\"\" srcset=\"https:\/\/uzisibalkaninak.com\/wp-content\/uploads\/2026\/03\/81-2.jpg 1536w, https:\/\/uzisibalkaninak.com\/wp-content\/uploads\/2026\/03\/81-2-225x300.jpg 225w, https:\/\/uzisibalkaninak.com\/wp-content\/uploads\/2026\/03\/81-2-768x1024.jpg 768w, https:\/\/uzisibalkaninak.com\/wp-content\/uploads\/2026\/03\/81-2-1152x1536.jpg 1152w\" sizes=\"auto, (max-width: 1536px) 100vw, 1536px\" \/><\/a>\n\t\t\t<\/div><\/figure><figure class='gallery-item'>\n\t\t\t<div class='gallery-icon portrait'>\n\t\t\t\t<a href='https:\/\/uzisibalkaninak.com\/79-3\/'><img loading=\"lazy\" decoding=\"async\" width=\"1536\" height=\"2048\" src=\"https:\/\/uzisibalkaninak.com\/wp-content\/uploads\/2026\/03\/79-2.jpg\" class=\"attachment-full size-full\" alt=\"\" srcset=\"https:\/\/uzisibalkaninak.com\/wp-content\/uploads\/2026\/03\/79-2.jpg 1536w, https:\/\/uzisibalkaninak.com\/wp-content\/uploads\/2026\/03\/79-2-225x300.jpg 225w, https:\/\/uzisibalkaninak.com\/wp-content\/uploads\/2026\/03\/79-2-768x1024.jpg 768w, https:\/\/uzisibalkaninak.com\/wp-content\/uploads\/2026\/03\/79-2-1152x1536.jpg 1152w\" sizes=\"auto, (max-width: 1536px) 100vw, 1536px\" \/><\/a>\n\t\t\t<\/div><\/figure><figure class='gallery-item'>\n\t\t\t<div class='gallery-icon landscape'>\n\t\t\t\t<a href='https:\/\/uzisibalkaninak.com\/78-3\/'><img loading=\"lazy\" decoding=\"async\" width=\"2048\" height=\"1536\" src=\"https:\/\/uzisibalkaninak.com\/wp-content\/uploads\/2026\/03\/78-2.jpg\" class=\"attachment-full size-full\" alt=\"\" srcset=\"https:\/\/uzisibalkaninak.com\/wp-content\/uploads\/2026\/03\/78-2.jpg 2048w, https:\/\/uzisibalkaninak.com\/wp-content\/uploads\/2026\/03\/78-2-300x225.jpg 300w, https:\/\/uzisibalkaninak.com\/wp-content\/uploads\/2026\/03\/78-2-1024x768.jpg 1024w, https:\/\/uzisibalkaninak.com\/wp-content\/uploads\/2026\/03\/78-2-768x576.jpg 768w, https:\/\/uzisibalkaninak.com\/wp-content\/uploads\/2026\/03\/78-2-1536x1152.jpg 1536w\" sizes=\"auto, (max-width: 2048px) 100vw, 2048px\" \/><\/a>\n\t\t\t<\/div><\/figure><figure class='gallery-item'>\n\t\t\t<div class='gallery-icon landscape'>\n\t\t\t\t<a href='https:\/\/uzisibalkaninak.com\/83-3\/'><img loading=\"lazy\" decoding=\"async\" width=\"2048\" height=\"1536\" src=\"https:\/\/uzisibalkaninak.com\/wp-content\/uploads\/2026\/03\/83-2.jpg\" class=\"attachment-full size-full\" alt=\"\" srcset=\"https:\/\/uzisibalkaninak.com\/wp-content\/uploads\/2026\/03\/83-2.jpg 2048w, https:\/\/uzisibalkaninak.com\/wp-content\/uploads\/2026\/03\/83-2-300x225.jpg 300w, https:\/\/uzisibalkaninak.com\/wp-content\/uploads\/2026\/03\/83-2-1024x768.jpg 1024w, https:\/\/uzisibalkaninak.com\/wp-content\/uploads\/2026\/03\/83-2-768x576.jpg 768w, https:\/\/uzisibalkaninak.com\/wp-content\/uploads\/2026\/03\/83-2-1536x1152.jpg 1536w\" sizes=\"auto, (max-width: 2048px) 100vw, 2048px\" \/><\/a>\n\t\t\t<\/div><\/figure><figure class='gallery-item'>\n\t\t\t<div class='gallery-icon landscape'>\n\t\t\t\t<a href='https:\/\/uzisibalkaninak.com\/84-3\/'><img loading=\"lazy\" decoding=\"async\" width=\"2048\" height=\"1536\" src=\"https:\/\/uzisibalkaninak.com\/wp-content\/uploads\/2026\/03\/84-2.jpg\" class=\"attachment-full size-full\" alt=\"\" srcset=\"https:\/\/uzisibalkaninak.com\/wp-content\/uploads\/2026\/03\/84-2.jpg 2048w, https:\/\/uzisibalkaninak.com\/wp-content\/uploads\/2026\/03\/84-2-300x225.jpg 300w, https:\/\/uzisibalkaninak.com\/wp-content\/uploads\/2026\/03\/84-2-1024x768.jpg 1024w, https:\/\/uzisibalkaninak.com\/wp-content\/uploads\/2026\/03\/84-2-768x576.jpg 768w, https:\/\/uzisibalkaninak.com\/wp-content\/uploads\/2026\/03\/84-2-1536x1152.jpg 1536w\" sizes=\"auto, (max-width: 2048px) 100vw, 2048px\" \/><\/a>\n\t\t\t<\/div><\/figure><figure class='gallery-item'>\n\t\t\t<div class='gallery-icon portrait'>\n\t\t\t\t<a href='https:\/\/uzisibalkaninak.com\/80-3\/'><img loading=\"lazy\" decoding=\"async\" width=\"1536\" height=\"2048\" src=\"https:\/\/uzisibalkaninak.com\/wp-content\/uploads\/2026\/03\/80-2.jpg\" class=\"attachment-full size-full\" alt=\"\" srcset=\"https:\/\/uzisibalkaninak.com\/wp-content\/uploads\/2026\/03\/80-2.jpg 1536w, https:\/\/uzisibalkaninak.com\/wp-content\/uploads\/2026\/03\/80-2-225x300.jpg 225w, https:\/\/uzisibalkaninak.com\/wp-content\/uploads\/2026\/03\/80-2-768x1024.jpg 768w, https:\/\/uzisibalkaninak.com\/wp-content\/uploads\/2026\/03\/80-2-1152x1536.jpg 1152w\" sizes=\"auto, (max-width: 1536px) 100vw, 1536px\" \/><\/a>\n\t\t\t<\/div><\/figure>\n\t\t<\/div>\n\n<p>Napriek tomu, \u017ee som akt\u00edvny typ a preferujem \u201cdopravu po vlastn\u00fdch\u201d, jednozna\u010dne tento z\u00e1\u017eitok odpor\u00fa\u010dam v\u0161etk\u00fdm. Ide\u00e1lne je \u00eds\u0165 v m\u00e1ji, j\u00fani alebo septembri, ke\u010f Zrmanja nebude pln\u00e1 lod\u00ed s turistami.<\/p>\n<div id='gallery-17' class='gallery galleryid-593 gallery-columns-1 gallery-size-full'><figure class='gallery-item'>\n\t\t\t<div class='gallery-icon portrait'>\n\t\t\t\t<a href='https:\/\/uzisibalkaninak.com\/85-3\/'><img loading=\"lazy\" decoding=\"async\" width=\"1200\" height=\"1600\" src=\"https:\/\/uzisibalkaninak.com\/wp-content\/uploads\/2026\/03\/85-2.jpg\" class=\"attachment-full size-full\" alt=\"\" aria-describedby=\"gallery-17-591\" srcset=\"https:\/\/uzisibalkaninak.com\/wp-content\/uploads\/2026\/03\/85-2.jpg 1200w, https:\/\/uzisibalkaninak.com\/wp-content\/uploads\/2026\/03\/85-2-225x300.jpg 225w, https:\/\/uzisibalkaninak.com\/wp-content\/uploads\/2026\/03\/85-2-768x1024.jpg 768w, https:\/\/uzisibalkaninak.com\/wp-content\/uploads\/2026\/03\/85-2-1152x1536.jpg 1152w\" sizes=\"auto, (max-width: 1200px) 100vw, 1200px\" \/><\/a>\n\t\t\t<\/div>\n\t\t\t\t<figcaption class='wp-caption-text gallery-caption' id='gallery-17-591'>\n\t\t\t\tS ocinom z na\u0161ej z\u00e1kladne v Starigrade\n\t\t\t\t<\/figcaption><\/figure>\n\t\t<\/div>\n\n<p>Ak by ste sa rozhodli \u00eds\u0165 po mojich stop\u00e1ch a potrebovali by ste \u00a0radu oh\u013eadom ubytovania, jedla, turistick\u00fdch v\u00fdstupov, \u010di in\u00e9ho sp\u00f4sobu tr\u00e1venia \u010dasu v okol\u00ed Novigradsk\u00e9ho mora, nev\u00e1hajte ma kontaktova\u0165 prostredn\u00edctvom emailovej adresy <a href=\"mailto:ajka@uzisibalkaninak.com\"><u>ajka@uzisibalkaninak.com<\/u><\/a>\u00a0, mojej\u00a0<a href=\"https:\/\/www.facebook.com\/share\/18n4hwjo1Q\/?mibextid=wwXIfr\"><u>FB str\u00e1nky U\u017ei si Balk\u00e1n inak<\/u><\/a>\u00a0alebo\u00a0<a href=\"https:\/\/www.instagram.com\/uzisibalkaninak\/?igsh=M2FscHB5dm1vZXg0&amp;utm_source=qr#\" target=\"_blank\" rel=\"noopener\">Instagramu<\/a>.<\/p>\n<div id='gallery-18' class='gallery galleryid-593 gallery-columns-1 gallery-size-full'><figure class='gallery-item'>\n\t\t\t<div class='gallery-icon portrait'>\n\t\t\t\t<a href='https:\/\/uzisibalkaninak.com\/86-3\/'><img loading=\"lazy\" decoding=\"async\" width=\"1200\" height=\"1600\" src=\"https:\/\/uzisibalkaninak.com\/wp-content\/uploads\/2026\/03\/86-2.jpg\" class=\"attachment-full size-full\" alt=\"\" aria-describedby=\"gallery-18-592\" srcset=\"https:\/\/uzisibalkaninak.com\/wp-content\/uploads\/2026\/03\/86-2.jpg 1200w, https:\/\/uzisibalkaninak.com\/wp-content\/uploads\/2026\/03\/86-2-225x300.jpg 225w, https:\/\/uzisibalkaninak.com\/wp-content\/uploads\/2026\/03\/86-2-768x1024.jpg 768w, https:\/\/uzisibalkaninak.com\/wp-content\/uploads\/2026\/03\/86-2-1152x1536.jpg 1152w\" sizes=\"auto, (max-width: 1200px) 100vw, 1200px\" \/><\/a>\n\t\t\t<\/div>\n\t\t\t\t<figcaption class='wp-caption-text gallery-caption' id='gallery-18-592'>\n\t\t\t\tAndrea\n\t\t\t\t<\/figcaption><\/figure>\n\t\t<\/div>\n\n<p>P.S.: V\u0161etky fotky s\u00fa chr\u00e1nen\u00e9 autorsk\u00fdm pr\u00e1vom \ud83d\ude09<\/p>\n<p>&nbsp;<\/p>\n<p>&nbsp;<\/p>\n","protected":false},"excerpt":{"rendered":"<p>Samozrejme, n\u00e1zov \u010dl\u00e1nku zav\u00e1dza. Ale kto by si nepam\u00e4tal filmy o legend\u00e1rnom indi\u00e1nskom n\u00e1\u010deln\u00edkovi kme\u0148a Apa\u010dov Winetuovi a jeho pokrvnom bratovi Old Shatterhandovi. Jedna z legend\u00e1rnych sc\u00e9n sa vo filme odohr\u00e1va na brehoch americkej rieky Rio Pecos, kde Old Shatterhand mus\u00ed vies\u0165 s\u00faboj v mene z\u00e1chrany svojich priate\u013eov s otcom Winetoua &#8211; n\u00e1\u010deln\u00edkom In\u010du\u010dunom. A [&hellip;]<\/p>\n","protected":false},"author":1,"featured_media":558,"comment_status":"open","ping_status":"open","sticky":false,"template":"","format":"standard","meta":{"footnotes":""},"categories":[5,1],"tags":[8,80,33,81,84,82,85,86,87,88,89,90,91,92,93,83,95,79,94,39,96,36],"class_list":["post-593","post","type-post","status-publish","format-standard","has-post-thumbnail","hentry","category-chorvatsko","category-uncategorized","tag-balkan","tag-brana-princa-marka","tag-chorvatsko","tag-jankovica-buk","tag-kanon","tag-lod","tag-maslenica","tag-maslenicki-most","tag-misija","tag-novigrad","tag-novigradske-more","tag-novska-uzina","tag-obrovac","tag-parizevacka-glavica","tag-pevnost","tag-plavba","tag-przunac","tag-rio-pecos","tag-ruiny","tag-starigrad","tag-vyhliadka","tag-zrmanja"],"lang":"sk","translations":{"sk":593},"pll_sync_post":{},"_links":{"self":[{"href":"https:\/\/uzisibalkaninak.com\/index.php\/wp-json\/wp\/v2\/posts\/593","targetHints":{"allow":["GET"]}}],"collection":[{"href":"https:\/\/uzisibalkaninak.com\/index.php\/wp-json\/wp\/v2\/posts"}],"about":[{"href":"https:\/\/uzisibalkaninak.com\/index.php\/wp-json\/wp\/v2\/types\/post"}],"author":[{"embeddable":true,"href":"https:\/\/uzisibalkaninak.com\/index.php\/wp-json\/wp\/v2\/users\/1"}],"replies":[{"embeddable":true,"href":"https:\/\/uzisibalkaninak.com\/index.php\/wp-json\/wp\/v2\/comments?post=593"}],"version-history":[{"count":3,"href":"https:\/\/uzisibalkaninak.com\/index.php\/wp-json\/wp\/v2\/posts\/593\/revisions"}],"predecessor-version":[{"id":597,"href":"https:\/\/uzisibalkaninak.com\/index.php\/wp-json\/wp\/v2\/posts\/593\/revisions\/597"}],"wp:featuredmedia":[{"embeddable":true,"href":"https:\/\/uzisibalkaninak.com\/index.php\/wp-json\/wp\/v2\/media\/558"}],"wp:attachment":[{"href":"https:\/\/uzisibalkaninak.com\/index.php\/wp-json\/wp\/v2\/media?parent=593"}],"wp:term":[{"taxonomy":"category","embeddable":true,"href":"https:\/\/uzisibalkaninak.com\/index.php\/wp-json\/wp\/v2\/categories?post=593"},{"taxonomy":"post_tag","embeddable":true,"href":"https:\/\/uzisibalkaninak.com\/index.php\/wp-json\/wp\/v2\/tags?post=593"}],"curies":[{"name":"wp","href":"https:\/\/api.w.org\/{rel}","templated":true}]}}