{"id":2574,"date":"2026-03-30T12:25:05","date_gmt":"2026-03-30T12:25:05","guid":{"rendered":"https:\/\/uzisibalkaninak.com\/?p=2574"},"modified":"2026-04-26T08:42:20","modified_gmt":"2026-04-26T08:42:20","slug":"albanska-povijesna-dragulj-tvrdava-rozafa","status":"publish","type":"post","link":"https:\/\/uzisibalkaninak.com\/index.php\/hr\/2026\/03\/30\/albanska-povijesna-dragulj-tvrdava-rozafa\/","title":{"rendered":"Albanska povijesna dragulj \u2013 tvr\u0111ava Rozafa"},"content":{"rendered":"<p>Kao \u0161to naslov sugerira, danas vas vodim u sjevernu Albaniju, u grad Shkod\u00ebr. A budu\u0107i da je to zaista prostran i zna\u010dajan povijesni spomenik, usredoto\u010dit \u0107u se isklju\u010divo na dvorac Rozafa \u263a. Dvorac je glavna turisti\u010dka atrakcija u \u0160kodri. Odvest \u0107u vas na detaljnu povijesnu turu, isprepletenu mojim fotografijama i videima, kao i mojim dojmima \u263a.<\/p>\n<p><img loading=\"lazy\" decoding=\"async\" class=\"alignnone size-medium\" src=\"https:\/\/uzisibalkaninak.com\/wp-content\/uploads\/2026\/03\/81-3.jpeg\" width=\"1200\" height=\"1600\" \/><\/p>\n<figure style=\"width: 1200px\" class=\"wp-caption alignnone\"><img loading=\"lazy\" decoding=\"async\" src=\"https:\/\/uzisibalkaninak.com\/wp-content\/uploads\/2026\/03\/1-4.jpeg\" alt=\"\" width=\"1200\" height=\"1600\" \/><figcaption class=\"wp-caption-text\">Pada ki\u0161a, ali ne\u0107u propustiti ovo<\/figcaption><\/figure>\n<p><img loading=\"lazy\" decoding=\"async\" class=\"alignnone size-medium\" src=\"https:\/\/uzisibalkaninak.com\/wp-content\/uploads\/2026\/03\/71-3.jpeg\" width=\"1200\" height=\"1600\" \/><\/p>\n<p><img loading=\"lazy\" decoding=\"async\" class=\"alignnone size-medium\" src=\"https:\/\/uzisibalkaninak.com\/wp-content\/uploads\/2026\/03\/79-3.jpeg\" width=\"1200\" height=\"1600\" \/><\/p>\n<p><img loading=\"lazy\" decoding=\"async\" class=\"alignnone size-medium\" src=\"https:\/\/uzisibalkaninak.com\/wp-content\/uploads\/2026\/03\/80-3.jpeg\" width=\"1200\" height=\"1600\" \/><\/p>\n<p>Grad Skadar nalazi se na sjeverozapadu Albanije, na obalama istoimenog jezera (Skadarsko jezero), i prote\u017ee se sve do mjesta gdje se sastaju dvije rijeke \u2013 Buna i Kir. Ovaj grad nije promijenio ime vi\u0161e od 2000 godina. Rimljani su ga zvali Scodra, kao i Grci. Danas je to najve\u0107i gospodarski i kulturni centar sjeverne Albanije. Kroz grad proti\u010du rijeke Drin, Buna i Kir, a okru\u017een je planinama Maranaj na sjeveru, planinskim lancima Cukali i Sheldia na istoku te lancem Taraboshi na jugozapadu.<\/p>\n<div style=\"width: 640px;\" class=\"wp-video\"><video class=\"wp-video-shortcode\" id=\"video-2574-1\" width=\"640\" height=\"360\" preload=\"metadata\" controls=\"controls\"><source type=\"video\/mp4\" src=\"https:\/\/uzisibalkaninak.com\/wp-content\/uploads\/2026\/03\/Ajka_video_2.mp4?_=1\" \/><a href=\"https:\/\/uzisibalkaninak.com\/wp-content\/uploads\/2026\/03\/Ajka_video_2.mp4\">https:\/\/uzisibalkaninak.com\/wp-content\/uploads\/2026\/03\/Ajka_video_2.mp4<\/a><\/video><\/div>\n<p style=\"text-align: center;\"><strong>*Drevna vremena*<\/strong><\/p>\n<p>Tvr\u0111ava Rozafa stoji na stjenovitom brdu zapadno od grada Skadra i okru\u017eena je rijekama Bun\u00eb, Drin i Kir. Njezini zidovi pokrivaju povr\u0161inu od pribli\u017eno 9 hektara. Tragovi koji datiraju iz ranog bron\u010danog doba otkriveni su na ju\u017enoj strani brda. Izgradnja utvrde zapo\u010dela je u 5.\u20134. stolje\u0107u pr. Kr.; kori\u0161teni su ogromni kamenovi, postavljeni jedni na druge bez morta, a tragovi njih ostaju i danas. U anti\u010dko doba ovo je mjesto naseljavalo ilirsko pleme Labeati. Tijekom tog razdoblja grad je do\u017eivio zna\u010dajan razvoj, o \u010demu svjedo\u010di nov\u010di\u0107 u optjecaju od 230. g. pr. Kr. Zahvaljuju\u0107i ovom arheolo\u0161kom nalazu, znamo da se grad u to vrijeme zvao Scodrinon. Godine 181. pr. Kr. grad je postao prijestolnica Ilirskog kraljevstva, kojim je vladao kralj Gentij. Tijekom tog razdoblja grad se nalazio na ju\u017enom obronku brda, okru\u017een zidinama i ulaznim vratima, dok je ilirska akropola izgra\u0111ena na brdu gdje se danas nalazi dvorac Rozafa. Najvidljiviji tragovi ilirskog razdoblja u dvorcu mogu se prona\u0107i u malom dvori\u0161tu izme\u0111u barbikana i drugog ulaza.<\/p>\n<p><img loading=\"lazy\" decoding=\"async\" class=\"alignnone size-medium\" src=\"https:\/\/uzisibalkaninak.com\/wp-content\/uploads\/2026\/03\/2-4.jpeg\" width=\"1200\" height=\"1600\" \/><\/p>\n<p><img loading=\"lazy\" decoding=\"async\" class=\"alignnone size-medium\" src=\"https:\/\/uzisibalkaninak.com\/wp-content\/uploads\/2026\/03\/3-5.jpeg\" width=\"1200\" height=\"1600\" \/><\/p>\n<p><img loading=\"lazy\" decoding=\"async\" class=\"alignnone size-medium\" src=\"https:\/\/uzisibalkaninak.com\/wp-content\/uploads\/2026\/03\/4-5.jpeg\" width=\"1200\" height=\"1600\" \/><\/p>\n<p><img loading=\"lazy\" decoding=\"async\" class=\"alignnone size-medium\" src=\"https:\/\/uzisibalkaninak.com\/wp-content\/uploads\/2026\/03\/5-6.jpeg\" width=\"1200\" height=\"1600\" \/><\/p>\n<p><img loading=\"lazy\" decoding=\"async\" class=\"alignnone size-medium\" src=\"https:\/\/uzisibalkaninak.com\/wp-content\/uploads\/2026\/03\/7-6.jpeg\" width=\"1200\" height=\"1600\" \/><\/p>\n<p>Tijekom 2. stolje\u0107a pr. Kr. u okolici dvorca vodili su se ratovi protiv rimskog cara, a 168. pr. Kr. dvorac je osvojila carska vojska. Tijekom vladavine Dioklecijana grad je (zahvaljuju\u0107i njegovim reformama) postao upravno sredi\u0161te pokrajine Preval.<\/p>\n<p style=\"text-align: center;\"><strong>*Srednji vijek*<\/strong><\/p>\n<p>Tijekom bizantskih osvajanja grad je osvojen, a u 11. stolje\u0107u postao je glavni grad dr\u017eave Zete (1040.). Kasnije su ga nakratko zauzeli Bugari. U 14. stolje\u0107u grad je postao va\u017ean autonomni centar, a 1360. i glavni grad kne\u017eevine obitelji Bal\u0161a. Godine 1396. do\u0161ao je pod mleta\u010dku vlast \u2013 u to je vrijeme bio poznat kao Skutari. U tom je razdoblju dvorac poprimio oblik koji ima i danas. Cijeli je kompleks dovr\u0161en 1468. godine, kada su se Mle\u010dani, nakon \u0161to su ugu\u0161ili niz ustanaka lokalnog stanovni\u0161tva, pripremali za osmansku invaziju.<\/p>\n<p><img loading=\"lazy\" decoding=\"async\" class=\"alignnone size-medium\" src=\"https:\/\/uzisibalkaninak.com\/wp-content\/uploads\/2026\/03\/8-6.jpeg\" width=\"1200\" height=\"1600\" \/><\/p>\n<p><img loading=\"lazy\" decoding=\"async\" class=\"alignnone size-medium\" src=\"https:\/\/uzisibalkaninak.com\/wp-content\/uploads\/2026\/03\/9-6.jpeg\" width=\"1200\" height=\"1600\" \/><\/p>\n<p><img loading=\"lazy\" decoding=\"async\" class=\"alignnone size-medium\" src=\"https:\/\/uzisibalkaninak.com\/wp-content\/uploads\/2026\/03\/10-6.jpeg\" width=\"1200\" height=\"1600\" \/><\/p>\n<p><img loading=\"lazy\" decoding=\"async\" class=\"alignnone size-medium\" src=\"https:\/\/uzisibalkaninak.com\/wp-content\/uploads\/2026\/03\/12-6.jpeg\" width=\"1200\" height=\"1600\" \/><\/p>\n<p style=\"text-align: center;\"><strong>*Osmanska okupacija*<\/strong><\/p>\n<p>Godine 1478. sultan Mehmed II opkolio je Skadar s vojskom od vi\u0161e od 100.000 ljudi (bio je to posljednji neosvojeni grad-tvr\u0111ava na kilometrima uokolo). Obrana Skadra trajala je otprilike osam mjeseci, a tvr\u0111avu je branila posada od samo 1.600 ljudi. Dana 25. travnja 1479., nakon sporazuma izme\u0111u Venecije i Osmanlija, tvr\u0111ava je predana Osmanlijama.<\/p>\n<p><img loading=\"lazy\" decoding=\"async\" class=\"alignnone size-medium\" src=\"https:\/\/uzisibalkaninak.com\/wp-content\/uploads\/2026\/03\/13-5.jpeg\" width=\"1200\" height=\"1600\" \/><\/p>\n<p><img loading=\"lazy\" decoding=\"async\" class=\"alignnone size-medium\" src=\"https:\/\/uzisibalkaninak.com\/wp-content\/uploads\/2026\/03\/16-5.jpeg\" width=\"1200\" height=\"1600\" \/><\/p>\n<p><img loading=\"lazy\" decoding=\"async\" class=\"alignnone size-medium\" src=\"https:\/\/uzisibalkaninak.com\/wp-content\/uploads\/2026\/03\/19-5.jpeg\" width=\"1200\" height=\"1600\" \/><\/p>\n<p><img loading=\"lazy\" decoding=\"async\" class=\"alignnone size-medium\" src=\"https:\/\/uzisibalkaninak.com\/wp-content\/uploads\/2026\/03\/31-5.jpeg\" width=\"1200\" height=\"1600\" \/><\/p>\n<p><img loading=\"lazy\" decoding=\"async\" class=\"alignnone size-medium\" src=\"https:\/\/uzisibalkaninak.com\/wp-content\/uploads\/2026\/03\/33-5.jpeg\" width=\"1200\" height=\"1600\" \/><\/p>\n<p>Tijekom okupacije obnovljeni su grad i dvorac, a u 17. stolje\u0107u \u010dak su postali sredi\u0161te sand\u017eaka. Od kraja 17. stolje\u0107a grad se po\u010deo \u0161iriti na podru\u010dja koja danas poznajemo. Ispod utvrde Rozafa nalazi se Olovna d\u017eamija (o kojoj je rije\u010d u drugom \u010dlanku), koju je 1768. godine dao izgraditi Mehmet-pa\u0161a Stariji Bu\u0161atlija, a slu\u017eila je kao sredi\u0161nja d\u017eamija grada sve do kraja 18. stolje\u0107a. Tijekom vladavine obitelji Bu\u0161atlid\u017e, Skadar je do\u017eivio zna\u010dajan razvoj. Izgra\u0111en je bazar s vi\u0161e od 2.500 du\u0107ana, \u010dime je postao najve\u0107i na Balkanu. U to je vrijeme grad imao 50.000 stanovnika. Do 1858. godine, dvorac je slu\u017eio kao sjedi\u0161te gradskog guvernera. Godine 1865. gradska uprava preselila se u novi centar Skadra, a dvorac je slu\u017eio samo kao baza za osmanski vojni garnizon.<\/p>\n<figure style=\"width: 1200px\" class=\"wp-caption alignnone\"><img loading=\"lazy\" decoding=\"async\" class=\"size-medium\" src=\"https:\/\/uzisibalkaninak.com\/wp-content\/uploads\/2026\/03\/Foto_olovena_mesita.jpeg\" width=\"1200\" height=\"1600\" \/><figcaption class=\"wp-caption-text\">Olovna d\u017eamija<\/figcaption><\/figure>\n<div style=\"width: 640px;\" class=\"wp-video\"><video class=\"wp-video-shortcode\" id=\"video-2574-2\" width=\"640\" height=\"360\" preload=\"metadata\" controls=\"controls\"><source type=\"video\/mp4\" src=\"https:\/\/uzisibalkaninak.com\/wp-content\/uploads\/2026\/03\/Video_5.mp4?_=2\" \/><a href=\"https:\/\/uzisibalkaninak.com\/wp-content\/uploads\/2026\/03\/Video_5.mp4\">https:\/\/uzisibalkaninak.com\/wp-content\/uploads\/2026\/03\/Video_5.mp4<\/a><\/video><\/div>\n<p style=\"text-align: center;\"><strong>*Sada\u0161njost*<\/strong><\/p>\n<p>Godine 1948. dvorac Rozafa progla\u0161en je kulturnim spomenikom i za\u0161ti\u0107en je od strane dr\u017eave. Prva restauracija zapo\u010dela je 1971. godine. U to je vrijeme obnovljena crkva sv. Stjepana; njezina izgradnja datira iz kasnog 13. stolje\u0107a, a nakon osmanske okupacije pretvorena je u d\u017eamiju (1479.). U svibnju i lipnju 2012. na dvorcu su otkriveni grobovi iz 16. stolje\u0107a.<\/p>\n<p><img loading=\"lazy\" decoding=\"async\" class=\"alignnone size-medium\" src=\"https:\/\/uzisibalkaninak.com\/wp-content\/uploads\/2026\/03\/17-5.jpeg\" width=\"1200\" height=\"1600\" \/><\/p>\n<figure style=\"width: 1200px\" class=\"wp-caption alignnone\"><img loading=\"lazy\" decoding=\"async\" src=\"https:\/\/uzisibalkaninak.com\/wp-content\/uploads\/2026\/03\/21-5.jpeg\" alt=\"\" width=\"1200\" height=\"1600\" \/><figcaption class=\"wp-caption-text\">Pogled na Skadar s utvrde<\/figcaption><\/figure>\n<figure style=\"width: 1200px\" class=\"wp-caption alignnone\"><img loading=\"lazy\" decoding=\"async\" class=\"size-medium\" src=\"https:\/\/uzisibalkaninak.com\/wp-content\/uploads\/2026\/03\/22-5.jpeg\" width=\"1200\" height=\"1600\" \/><figcaption class=\"wp-caption-text\">Izvorno crkva, kasnije d\u017eamija<\/figcaption><\/figure>\n<p><img loading=\"lazy\" decoding=\"async\" class=\"alignnone size-medium\" src=\"https:\/\/uzisibalkaninak.com\/wp-content\/uploads\/2026\/03\/23-5.jpeg\" width=\"1200\" height=\"1600\" \/><\/p>\n<p><img loading=\"lazy\" decoding=\"async\" class=\"alignnone size-medium\" src=\"https:\/\/uzisibalkaninak.com\/wp-content\/uploads\/2026\/03\/24-5.jpeg\" width=\"1200\" height=\"1600\" \/><\/p>\n<p><img loading=\"lazy\" decoding=\"async\" class=\"alignnone size-medium\" src=\"https:\/\/uzisibalkaninak.com\/wp-content\/uploads\/2026\/03\/25-5.jpeg\" width=\"1200\" height=\"1600\" \/><\/p>\n<p><img loading=\"lazy\" decoding=\"async\" class=\"alignnone size-medium\" src=\"https:\/\/uzisibalkaninak.com\/wp-content\/uploads\/2026\/03\/26-5.jpeg\" width=\"1200\" height=\"1600\" \/><\/p>\n<p><img loading=\"lazy\" decoding=\"async\" class=\"alignnone size-medium\" src=\"https:\/\/uzisibalkaninak.com\/wp-content\/uploads\/2026\/03\/28-5.jpeg\" width=\"1200\" height=\"1600\" \/><\/p>\n<p><img loading=\"lazy\" decoding=\"async\" class=\"alignnone size-medium\" src=\"https:\/\/uzisibalkaninak.com\/wp-content\/uploads\/2026\/03\/29-5.jpeg\" width=\"1200\" height=\"1600\" \/><\/p>\n<p style=\"text-align: center;\"><strong>*Tvr\u0111ava*<\/strong><\/p>\n<p>Unutra\u0161njost kompleksa dvorca podijeljena je na tri dvori\u0161ta, odvojena jedni od drugih kapijama. U svakom dvori\u0161tu nalaze se zgrade u razli\u010ditim stupnjevima o\u010duvanosti, poput okrugle kule, skladi\u0161ta i trokatnice iz venecijanskog razdoblja. Ovdje se tako\u0111er nalaze \u010detiri vodena spremnika. Tu je i zatvor, a, kao \u0161to sam ranije spomenuo, crkva pretvorena u d\u017eamiju.<\/p>\n<p><img loading=\"lazy\" decoding=\"async\" class=\"alignnone size-medium\" src=\"https:\/\/uzisibalkaninak.com\/wp-content\/uploads\/2026\/03\/30-5.jpeg\" width=\"1200\" height=\"1600\" \/><\/p>\n<p><img loading=\"lazy\" decoding=\"async\" class=\"alignnone size-medium\" src=\"https:\/\/uzisibalkaninak.com\/wp-content\/uploads\/2026\/03\/32-5.jpeg\" width=\"1200\" height=\"1600\" \/><\/p>\n<p>Dvorac je zauzimao va\u017enu strate\u0161ku poziciju, \u0161to mu je omogu\u0107avalo kontrolu nad velikim podru\u010djem. Bio je sredi\u0161te sveobuhvatnog obrambenog sustava koji je obuhva\u0107ao niz drugih manjih dvoraca poput Balleze, Drishija, Danje i drugih.<\/p>\n<p><img loading=\"lazy\" decoding=\"async\" class=\"alignnone size-medium\" src=\"https:\/\/uzisibalkaninak.com\/wp-content\/uploads\/2026\/03\/36-5.jpeg\" width=\"1200\" height=\"1600\" \/><\/p>\n<p><img loading=\"lazy\" decoding=\"async\" class=\"alignnone size-medium\" src=\"https:\/\/uzisibalkaninak.com\/wp-content\/uploads\/2026\/03\/37-5.jpeg\" width=\"1200\" height=\"1600\" \/><\/p>\n<p><img loading=\"lazy\" decoding=\"async\" class=\"alignnone size-medium\" src=\"https:\/\/uzisibalkaninak.com\/wp-content\/uploads\/2026\/03\/43-5.jpeg\" width=\"1200\" height=\"1600\" \/><\/p>\n<p><img loading=\"lazy\" decoding=\"async\" class=\"alignnone size-medium\" src=\"https:\/\/uzisibalkaninak.com\/wp-content\/uploads\/2026\/03\/45-5.jpeg\" width=\"1200\" height=\"1600\" \/><\/p>\n<p><img loading=\"lazy\" decoding=\"async\" class=\"alignnone size-medium\" src=\"https:\/\/uzisibalkaninak.com\/wp-content\/uploads\/2026\/03\/47-3.jpeg\" width=\"1200\" height=\"1600\" \/><\/p>\n<p><img loading=\"lazy\" decoding=\"async\" class=\"alignnone size-medium\" src=\"https:\/\/uzisibalkaninak.com\/wp-content\/uploads\/2026\/03\/48-3.jpeg\" width=\"1200\" height=\"1600\" \/><\/p>\n<p>Muzej dvorca Rozafa nalazi se u tre\u0107em (najvi\u0161em) dvori\u0161tu. Smje\u0161ten je u zgradi iz 15. stolje\u0107a poznatoj kao &#8222;Kapetanska \u010detvrt&#8220;, koja je slu\u017eila kao rezidencija zapovjednika dvorca. Ispred ulaza nalazi se djelo skodra\u0161kog umjetnika Skendera Kraju. Djelo prikazuje legendu o osnivanju dvorca, o kojoj \u0107emo vam re\u0107i ne\u0161to vi\u0161e. U ovim povijesnim prostorijama tako\u0111er posluje restoran u kojem mo\u017eete u\u017eivati u obroku.<\/p>\n<p><img loading=\"lazy\" decoding=\"async\" class=\"alignnone size-medium\" src=\"https:\/\/uzisibalkaninak.com\/wp-content\/uploads\/2026\/03\/35-5.jpeg\" width=\"1200\" height=\"1600\" \/><\/p>\n<p><img loading=\"lazy\" decoding=\"async\" class=\"alignnone size-medium\" src=\"https:\/\/uzisibalkaninak.com\/wp-content\/uploads\/2026\/03\/38-5.jpeg\" width=\"1200\" height=\"1600\" \/><\/p>\n<p><img loading=\"lazy\" decoding=\"async\" class=\"alignnone size-medium\" src=\"https:\/\/uzisibalkaninak.com\/wp-content\/uploads\/2026\/03\/39-5.jpeg\" width=\"1200\" height=\"1600\" \/><\/p>\n<p><img loading=\"lazy\" decoding=\"async\" class=\"alignnone size-medium\" src=\"https:\/\/uzisibalkaninak.com\/wp-content\/uploads\/2026\/03\/44-5.jpeg\" width=\"1174\" height=\"1600\" \/><\/p>\n<p><img loading=\"lazy\" decoding=\"async\" class=\"alignnone size-medium\" src=\"https:\/\/uzisibalkaninak.com\/wp-content\/uploads\/2026\/03\/76-3.jpeg\" width=\"1200\" height=\"1600\" \/><\/p>\n<p><img loading=\"lazy\" decoding=\"async\" class=\"alignnone size-medium\" src=\"https:\/\/uzisibalkaninak.com\/wp-content\/uploads\/2026\/03\/51-3.jpeg\" width=\"1200\" height=\"1600\" \/><\/p>\n<p style=\"text-align: center;\"><strong>*Legenda o podrijetlu tvr\u0111ave*<\/strong><\/p>\n<p>Ova je pri\u010da prenosila s koljena na koljeno me\u0111u Albancima. Prema legendi, tri brata poku\u0161ala su izgraditi tvr\u0111avu, ali bi se svake no\u0107i zidovi koje su upravo podigli sru\u0161ili. Bratima je ponestalo snage, pa su potra\u017eili savjet mudrog starca, koji im je rekao da je za razbijanje prokletstva potrebna ljudska \u017ertva.<\/p>\n<p><img loading=\"lazy\" decoding=\"async\" class=\"alignnone size-medium\" src=\"https:\/\/uzisibalkaninak.com\/wp-content\/uploads\/2026\/03\/34-5.jpeg\" width=\"1200\" height=\"1600\" \/><\/p>\n<p><img loading=\"lazy\" decoding=\"async\" class=\"alignnone size-medium\" src=\"https:\/\/uzisibalkaninak.com\/wp-content\/uploads\/2026\/03\/52-3.jpeg\" width=\"1200\" height=\"1600\" \/><\/p>\n<p><img loading=\"lazy\" decoding=\"async\" class=\"alignnone size-medium\" src=\"https:\/\/uzisibalkaninak.com\/wp-content\/uploads\/2026\/03\/56-3.jpeg\" width=\"1200\" height=\"1600\" \/><\/p>\n<p><img loading=\"lazy\" decoding=\"async\" class=\"alignnone size-medium\" src=\"https:\/\/uzisibalkaninak.com\/wp-content\/uploads\/2026\/03\/74-3.jpeg\" width=\"1200\" height=\"1600\" \/><\/p>\n<p>Odlu\u010deno je da \u0107e prva \u017eena koja donese ru\u010dak radnicima biti zazidana. Bila je to Rozafa, mlada supruga najmla\u0111eg brata, koja je nesvjesno zape\u010datila svoju sudbinu. Prihvatila je svoju sudbinu, ali pod jednim uvjetom: njezino desno oko, desna ruka, desna dojka i desna noga ostali bi neprekriveni kako bi mogla nastaviti odgajati i brinuti se za svoje dijete. Ova pri\u010da nije samo svjedo\u010danstvo Rozafine samopo\u017ertvovnosti, ve\u0107 i trajni simbol maj\u010dinske predanosti i \u017ertve. Odra\u017eava duboko ukorijenjene kulturne vrijednosti koje i danas odjekuju u albanskom dru\u0161tvu. To je dirljiva pri\u010da koja isti\u010de teme \u017ertve i sudbine koje pro\u017eimaju albanski folklor.<\/p>\n<p style=\"text-align: center;\"><strong>*Moji dojmovi o tvr\u0111avi Rozafa*<\/strong><\/p>\n<p>Budu\u0107i da smo moj suprug i ja ovdje bili potpuno sami, mogla sam se u potpunosti uroniti u atmosferu ove veli\u010danstvene gra\u0111evine. Tvr\u0111ava odra\u017eava razli\u010dita povijesna razdoblja, a njezina arhitektura prikazuje elemente ilirskih, rimskih, bizantskih, venecijanskih i osmanskih utjecaja. Svaki kamen pri\u010da svoju pri\u010du o vojnim strategijama, kulturnim utjecajima i arhitektonskim inovacijama tog razdoblja.<\/p>\n<p><img loading=\"lazy\" decoding=\"async\" class=\"alignnone size-medium\" src=\"https:\/\/uzisibalkaninak.com\/wp-content\/uploads\/2026\/03\/61-3.jpeg\" width=\"1200\" height=\"1600\" \/><\/p>\n<p><img loading=\"lazy\" decoding=\"async\" class=\"alignnone size-medium\" src=\"https:\/\/uzisibalkaninak.com\/wp-content\/uploads\/2026\/03\/64-3.jpeg\" width=\"1200\" height=\"1600\" \/><\/p>\n<p><img loading=\"lazy\" decoding=\"async\" class=\"alignnone size-medium\" src=\"https:\/\/uzisibalkaninak.com\/wp-content\/uploads\/2026\/03\/66-3.jpeg\" width=\"1200\" height=\"1600\" \/><\/p>\n<p><img loading=\"lazy\" decoding=\"async\" class=\"alignnone size-medium\" src=\"https:\/\/uzisibalkaninak.com\/wp-content\/uploads\/2026\/03\/73-3.jpeg\" width=\"1200\" height=\"1600\" \/><\/p>\n<p>U dvorac se ulazi kroz tri glavna prolaza, od kojih svaki predstavlja druga\u010diji arhitektonski stil. Prvi prolaz je rimski. Druga i tre\u0107a vrata odra\u017eavaju bizantske i venecijanske utjecaje te ilustriraju razvoj vojne arhitekture kroz stolje\u0107a. Za mene su ta vrata vi\u0161e od samih ulaznih to\u010daka. Ona su povijesni &#8218;kameni spomenici&#8216;, svaka sa svojom pri\u010dom o osvajanju, obrani i prilagodbi vremenu i tehnologijama.<\/p>\n<p><img loading=\"lazy\" decoding=\"async\" class=\"alignnone size-medium\" src=\"https:\/\/uzisibalkaninak.com\/wp-content\/uploads\/2026\/03\/65-3.jpeg\" width=\"1200\" height=\"1600\" \/><\/p>\n<p><img loading=\"lazy\" decoding=\"async\" class=\"alignnone size-medium\" src=\"https:\/\/uzisibalkaninak.com\/wp-content\/uploads\/2026\/03\/72-3.jpeg\" width=\"1200\" height=\"1600\" \/><\/p>\n<p><img loading=\"lazy\" decoding=\"async\" class=\"alignnone size-medium\" src=\"https:\/\/uzisibalkaninak.com\/wp-content\/uploads\/2026\/03\/67-3.jpeg\" width=\"1200\" height=\"1600\" \/><\/p>\n<p>Zidovi Rozafe svjedo\u010de o glavnoj obrambenoj ulozi utvrde. Izgra\u0111eni su da izdr\u017ee opsade i napade. Svaki sloj kamena i morta stoji kao nijemi svjedok bezbrojnih bitaka vo\u0111enih za kontrolu ove strate\u0161ke lokacije.<\/p>\n<p><img loading=\"lazy\" decoding=\"async\" class=\"alignnone size-medium\" src=\"https:\/\/uzisibalkaninak.com\/wp-content\/uploads\/2026\/03\/15-5.jpeg\" width=\"1200\" height=\"1600\" \/><\/p>\n<p><img loading=\"lazy\" decoding=\"async\" class=\"alignnone size-medium\" src=\"https:\/\/uzisibalkaninak.com\/wp-content\/uploads\/2026\/03\/53-3.jpeg\" width=\"1200\" height=\"1600\" \/><\/p>\n<p><img loading=\"lazy\" decoding=\"async\" class=\"alignnone size-medium\" src=\"https:\/\/uzisibalkaninak.com\/wp-content\/uploads\/2026\/03\/63-3.jpeg\" width=\"1200\" height=\"1600\" \/><\/p>\n<p><img loading=\"lazy\" decoding=\"async\" class=\"alignnone size-medium\" src=\"https:\/\/uzisibalkaninak.com\/wp-content\/uploads\/2026\/03\/77-3.jpeg\" width=\"1200\" height=\"1600\" \/><\/p>\n<p>Posebno su me fascinirali ostaci crkve i d\u017eamije. Crkva, izvorno izgra\u0111ena tijekom bizantskog razdoblja, kasnije je pretvorena u d\u017eamiju tijekom osmanskog razdoblja. Za mene je to manifestacija kulturne i vjerske raznolikosti po kojoj je grad \u0160kodra oduvijek poznat i koja traje do danas. Jo\u0161 jednom, nije rije\u010d samo o arhitektonskim zna\u010dajkama. To su simboli kulturnih i vjerskih dijaloga koji su se odvijali u ovoj regiji.<\/p>\n<p><img loading=\"lazy\" decoding=\"async\" class=\"alignnone size-medium\" src=\"https:\/\/uzisibalkaninak.com\/wp-content\/uploads\/2026\/03\/55-3.jpeg\" width=\"1200\" height=\"1600\" \/><\/p>\n<p><img loading=\"lazy\" decoding=\"async\" class=\"alignnone size-medium\" src=\"https:\/\/uzisibalkaninak.com\/wp-content\/uploads\/2026\/03\/75-3.jpeg\" width=\"1200\" height=\"1600\" \/><\/p>\n<p><img loading=\"lazy\" decoding=\"async\" class=\"alignnone size-medium\" src=\"https:\/\/uzisibalkaninak.com\/wp-content\/uploads\/2026\/03\/57-3.jpeg\" width=\"1200\" height=\"1600\" \/><\/p>\n<p><img loading=\"lazy\" decoding=\"async\" class=\"alignnone size-medium\" src=\"https:\/\/uzisibalkaninak.com\/wp-content\/uploads\/2026\/03\/78-3.jpeg\" width=\"1200\" height=\"1600\" \/><\/p>\n<p>Bilo je to i edukativno i inspirativno iskustvo koje mi je omogu\u0107ilo da se opipljivo pove\u017eem s povije\u0161\u0107u. Zidine dvorca i zadivljuju\u0107i pogled pru\u017eaju savr\u0161enu pozadinu za istra\u017eivanje razli\u010ditih dijelova dvorca. I nije rije\u010d samo o otkrivanju povijesti. To je prilika za povezivanje s bezvremenskim pri\u010dama koje su oblikovale albanski identitet.<\/p>\n<p><img loading=\"lazy\" decoding=\"async\" class=\"alignnone size-medium\" src=\"https:\/\/uzisibalkaninak.com\/wp-content\/uploads\/2026\/03\/50-3.jpeg\" width=\"1200\" height=\"1600\" \/><\/p>\n<p><img loading=\"lazy\" decoding=\"async\" class=\"alignnone size-medium\" src=\"https:\/\/uzisibalkaninak.com\/wp-content\/uploads\/2026\/03\/54-3.jpeg\" width=\"1200\" height=\"1600\" \/><\/p>\n<p><img loading=\"lazy\" decoding=\"async\" class=\"alignnone size-medium\" src=\"https:\/\/uzisibalkaninak.com\/wp-content\/uploads\/2026\/03\/58-3.jpeg\" width=\"1200\" height=\"1600\" \/><\/p>\n<p><img loading=\"lazy\" decoding=\"async\" class=\"alignnone size-medium\" src=\"https:\/\/uzisibalkaninak.com\/wp-content\/uploads\/2026\/03\/60-3.jpeg\" width=\"1600\" height=\"1200\" \/><\/p>\n<p><img loading=\"lazy\" decoding=\"async\" class=\"alignnone size-medium\" src=\"https:\/\/uzisibalkaninak.com\/wp-content\/uploads\/2026\/03\/68-3.jpeg\" width=\"1200\" height=\"1600\" \/><\/p>\n<p><img loading=\"lazy\" decoding=\"async\" class=\"alignnone size-medium\" src=\"https:\/\/uzisibalkaninak.com\/wp-content\/uploads\/2026\/03\/70-3.jpeg\" width=\"1200\" height=\"1600\" \/><\/p>\n<p>Za kraj bih \u017eelio podijeliti s vama narodnu legendu prevedenu s albanskog. To je grub prijevod, pa se unaprijed ispri\u010davam za sve neto\u010dnosti \u263a :<\/p>\n<p><em>Magla je legla nad Bunom i sve je obavila. Ta je magla ostala tamo tri dana i tri no\u0107i. Nakon tri dana i tri no\u0107i puhnuo je nje\u017eni povjetarac i razgonio maglu. Puhnuo ju je prema brdu Valdanuz. Tri su brata radila na vrhu brda. Gradili su dvorac. Ali zid koji su sagradili danju sru\u0161io bi se no\u0107u, pa ga nisu mogli dovr\u0161iti.<\/em><\/p>\n<p><em>U blizini hoda stariji gospodin.<\/em><\/p>\n<p><em>\u00a0\u2013 Dobro jutro, tri brata!<\/em><\/p>\n<p><em>\u2013 Hvala ti, dragi star\u010de. Ali gdje vidi\u0161 dobro u na\u0161oj situaciji? Danju radimo, a no\u0107u se sve sru\u0161i. Ima\u0161 li kakav savjet \u0161to mo\u017eemo u\u010diniti da zidovi ostanu uspravni?<\/em><\/p>\n<p><em>\u00a0\u2013 Znam, \u2013 ka\u017ee starac. Ali bojim se re\u0107i ti, jer je to grijeh.<\/em><\/p>\n<p><em>\u00a0\u2013 Neka krivnja padne na nas, jer \u017eelimo vidjeti ovaj dvorac dovr\u0161enim.<\/em><\/p>\n<p><em>\u00a0Dobri stari \u010dovjek pita:<\/em><\/p>\n<p><em>\u00a0\u2013 Jeste li sva troje u braku?<\/em><\/p>\n<p><em>\u00a0\u2013 Ka\u017eu da smo u braku. \u2013 Sva trojica imamo \u017eene. Pa recite nam, \u0161to trebamo u\u010diniti da dovr\u0161imo ovaj dvorac?<\/em><\/p>\n<p><em>\u2013 Ako \u017eeli\u0161 da zidovi stoje, ne smije\u0161 re\u0107i svojim \u017eenama ono \u0161to \u0107u sada re\u0107i. Koja god od tvoje tri \u017eene ti sutra prva donese hranu, mora biti \u017eiva zazidana u zid dvorca. Tada \u0107e zid stajati \u010dvrsto i trajati zauvijek.<\/em><\/p>\n<p><em>\u00a0Stari je \u010dovjek to rekao i oti\u0161ao.<\/em><\/p>\n<p><em>Najstariji brat je prekr\u0161io rije\u010d. Oti\u0161ao je ku\u0107i i rekao svojoj \u017eeni da sljede\u0107eg dana ne ide tamo. Srednji brat je tako\u0111er prekr\u0161io rije\u010d \u2013 rekao je svojoj \u017eeni. Samo najmla\u0111i je odr\u017eao rije\u010d \u2013 nije rekao svojoj \u017eeni ni\u0161ta o star\u010devom zahtjevu.<\/em><\/p>\n<p><em>Jutro. Tri brata se brzo ustaju i odlaze na posao. \u010ceki\u0107i udaraju, kamenje se lomi, srca kucaju, zidovi rastu.<\/em><\/p>\n<p><em>Kod ku\u0107e majka dje\u010daka ne zna ni\u0161ta. Ka\u017ee supruzi svog najstarijeg sina:<\/em><\/p>\n<p><em>\u2013 Moja najstarija snaha, mu\u0161karci \u017eele kruh i vodu; \u017eele bundevu s vinom.<\/em><\/p>\n<p><em>Mlada izmi\u0161lja izgovore:<\/em><\/p>\n<p><em>\u2013 Besa, mama, ne mogu i\u0107i jer sam bolestan.<\/em><\/p>\n<p><em>\u00a0Okre\u0107e se nevjesti svoga srednjeg sina i ka\u017ee:<\/em><\/p>\n<p><em>\u2013 Moja srednja snaha, mu\u0161karcima treba kruh i voda; oni \u017eele bundevu s vinom.<\/em><\/p>\n<p><em>\u2013 Besa, mama, ne mogu i\u0107i jer moram posjetiti neke ro\u0111ake.<\/em><\/p>\n<p><em>Majka dje\u010daka se obra\u0107a mladenki svoga najmla\u0111eg sina:<\/em><\/p>\n<p><em>\u2013 Moja najmla\u0111a mladenka&#8230;<\/em><\/p>\n<p><em>Mlada ustaje:<\/em><\/p>\n<p><em>\u2013 Da, mama!<\/em><\/p>\n<p><em>\u2013 Mu\u0161karci \u017eele kruh i vodu; \u017eele bundevu s vinom.<\/em><\/p>\n<p><em>\u2013 Besa, mama, ne mogu i\u0107i; imam malog dje\u010daka. Bojim se da \u0107e htjeti mlijeko i po\u010deti plakati.<\/em><\/p>\n<p><em>\u2013 Hajde, hajde, idemo vidjeti dje\u010daka; ne\u0107emo ga ostaviti samog \u2013 ka\u017eu \u0161ogorice.<\/em><\/p>\n<p><em>Ona ustane, uzme malo kruha i vode, uzme bokal vina, poljubi dje\u010daka u obje obraze, ode i krene prema Kazenu; ondje se popne na brdo Valdanuz i do\u0111e na mjesto gdje trojica mu\u0161karaca rade: dva \u0161ogora i njezin suprug.<\/em><\/p>\n<p><em>\u2013 Dobro ste se sna\u0161li, mu\u0161karci!<\/em><\/p>\n<p><em>\u010ceki\u0107i uti\u0161avaju, ali srca kucaju br\u017ee i ja\u010de. Lica blede. Kad najmla\u0111i brat ugleda svoju \u017eenu, baci \u010deki\u0107 i prokleje kamen i zid. Njegova \u017eena ka\u017ee:<\/em><\/p>\n<p><em>\u2013 \u0160to ti je, mu\u017eu moj? Za\u0161to psuje\u0161 kamen i zid?<\/em><\/p>\n<p><em>Najstariji zet ka\u017ee:<\/em><\/p>\n<p><em>\u00a0\u2013 Ro\u0111ena si na mra\u010dan dan, moja \u0161ogorice. Odlu\u010dili smo te \u017eivu zazidati u zid dvorca.<\/em><\/p>\n<p><em>\u2013 Kako ka\u017ee\u0161, \u0161ogore. Ali imam jedan uvjet: kad me zidom ogradi\u0161, ostavi mi desno oko van, desnu ruku van, desno stopalo van, desnu dojku van. Jer je moj sin mali. Kad po\u010dne plakati \u2013 pogledat \u0107u ga jednim okom, milovati ga jednom rukom, ljuljati njegovu kolijevku jednim stopalom i hraniti ga mlijekom iz jedne dojke. Neka mi se dojke o\u010dvrsnu, neka dvorac stoji, neka moj sin bude hrabar, neka bude kralj i vlada!<\/em><\/p>\n<p><em>Oni uzmu mladu i zidaju je u podno\u017eju dvorca. I zidovi rastu, rastu, vi\u0161e se ne ru\u0161e kao prije. Kamenje je jo\u0161 uvijek mokro i prekriveno mahovinom, jer maj\u010dine suze za svojim sinom jo\u0161 uvijek padaju\u2026<\/em><\/p>\n<p><em>\u00a0A sin? Sin je odrastao, borio se i vladao.<\/em><\/p>\n<figure style=\"width: 1200px\" class=\"wp-caption alignnone\"><img loading=\"lazy\" decoding=\"async\" src=\"https:\/\/uzisibalkaninak.com\/wp-content\/uploads\/2026\/03\/Posledna-fotka.jpeg\" alt=\"\" width=\"1200\" height=\"1600\" \/><figcaption class=\"wp-caption-text\">Andrea<\/figcaption><\/figure>\n<p>Ako odlu\u010dite krenuti mojim stopama i trebate savjet o smje\u0161taju, hrani, planinarskim stazama ili drugim na\u010dinima provo\u0111enja vremena u okolici albanskog grada Skodra, slobodno me kontaktirajte putem e-po\u0161te na ajka@uzisibalkaninak.com, moju Facebook stranicu &#8218;<a href=\"https:\/\/www.facebook.com\/share\/18n4hwjo1Q\/?mibextid=wwXIfr\" target=\"_blank\" rel=\"noopener\">U\u017eivajte u Balkanu druga\u010dije<\/a>&#8218; ili <a href=\"https:\/\/www.instagram.com\/uzisibalkaninak\/?igsh=M2FscHB5dm1vZXg0&amp;utm_source=qr\" target=\"_blank\" rel=\"noopener\">Instagram<\/a>.<\/p>\n<p>P.S.: Sve su fotografije moje i za\u0161ti\u0107ene autorskim pravima \u263a \u2026<\/p>\n<p>&nbsp;<\/p>\n<p>&nbsp;<\/p>\n","protected":false},"excerpt":{"rendered":"<p>Kao \u0161to naslov sugerira, danas vas vodim u sjevernu Albaniju, u grad Shkod\u00ebr. A budu\u0107i da je to zaista prostran i zna\u010dajan povijesni spomenik, usredoto\u010dit \u0107u se isklju\u010divo na dvorac Rozafa \u263a. Dvorac je glavna turisti\u010dka atrakcija u \u0160kodri. Odvest \u0107u vas na detaljnu povijesnu turu, isprepletenu mojim fotografijama i videima, kao i mojim dojmima [&hellip;]<\/p>\n","protected":false},"author":1,"featured_media":2161,"comment_status":"open","ping_status":"open","sticky":false,"template":"","format":"standard","meta":{"footnotes":""},"categories":[1266,880],"tags":[1268,887,1284,1286,1272,1288,1290,1278,1280,1292,1179,1294,1296,1274,1282,1298,1270,1276],"class_list":["post-2574","post","type-post","status-publish","format-standard","has-post-thumbnail","hentry","category-albanija","category-uncategorized","tag-albanija","tag-balkan","tag-buna","tag-drin","tag-grad","tag-kir","tag-legenda","tag-olovna-dzamija","tag-rijeka","tag-rozafa","tag-setnja","tag-shkoder","tag-skadar","tag-skadarsko-jezero","tag-skodra","tag-tvrdava","tag-veljaca-u-albaniji","tag-zidovi"],"lang":"hr","translations":{"hr":2574,"ru":2581,"sk":2160},"pll_sync_post":{},"_links":{"self":[{"href":"https:\/\/uzisibalkaninak.com\/index.php\/wp-json\/wp\/v2\/posts\/2574","targetHints":{"allow":["GET"]}}],"collection":[{"href":"https:\/\/uzisibalkaninak.com\/index.php\/wp-json\/wp\/v2\/posts"}],"about":[{"href":"https:\/\/uzisibalkaninak.com\/index.php\/wp-json\/wp\/v2\/types\/post"}],"author":[{"embeddable":true,"href":"https:\/\/uzisibalkaninak.com\/index.php\/wp-json\/wp\/v2\/users\/1"}],"replies":[{"embeddable":true,"href":"https:\/\/uzisibalkaninak.com\/index.php\/wp-json\/wp\/v2\/comments?post=2574"}],"version-history":[{"count":4,"href":"https:\/\/uzisibalkaninak.com\/index.php\/wp-json\/wp\/v2\/posts\/2574\/revisions"}],"predecessor-version":[{"id":2578,"href":"https:\/\/uzisibalkaninak.com\/index.php\/wp-json\/wp\/v2\/posts\/2574\/revisions\/2578"}],"wp:featuredmedia":[{"embeddable":true,"href":"https:\/\/uzisibalkaninak.com\/index.php\/wp-json\/wp\/v2\/media\/2161"}],"wp:attachment":[{"href":"https:\/\/uzisibalkaninak.com\/index.php\/wp-json\/wp\/v2\/media?parent=2574"}],"wp:term":[{"taxonomy":"category","embeddable":true,"href":"https:\/\/uzisibalkaninak.com\/index.php\/wp-json\/wp\/v2\/categories?post=2574"},{"taxonomy":"post_tag","embeddable":true,"href":"https:\/\/uzisibalkaninak.com\/index.php\/wp-json\/wp\/v2\/tags?post=2574"}],"curies":[{"name":"wp","href":"https:\/\/api.w.org\/{rel}","templated":true}]}}