{"id":2429,"date":"2026-04-20T14:12:40","date_gmt":"2026-04-20T14:12:40","guid":{"rendered":"https:\/\/uzisibalkaninak.com\/?p=2429"},"modified":"2026-04-22T17:36:41","modified_gmt":"2026-04-22T17:36:41","slug":"po-dazdoch-na-balkane-za-vodou-v-horach-cast-2","status":"publish","type":"post","link":"https:\/\/uzisibalkaninak.com\/index.php\/2026\/04\/20\/po-dazdoch-na-balkane-za-vodou-v-horach-cast-2\/","title":{"rendered":"Po da\u017e\u010foch na Balk\u00e1ne za vodou v hor\u00e1ch, \u010das\u0165 2."},"content":{"rendered":"<p class=\"tm7\"><span class=\"tm8\">T\u00fdmto \u010dl\u00e1nkom pokra\u010duje <\/span><u><a href=\"https:\/\/uzisibalkaninak.com\/index.php\/2026\/03\/26\/po-dazdoch-na-balkane-za-vodou-v-horach\/\"><span class=\"tm8\">moje dobrodru\u017estvo<\/span><\/a><\/u> v podhor\u00ed Rumije, ne\u010faleko mesta Bar v \u010ciernej Hore. Pop\u00edsala som v\u00e1m moju t\u00faru z horskej dedinky Tudjemili ponad rieku \u017deljeznica, cez osadu Dumezi\u0107 k vodop\u00e1du Skak a n\u00e1sledne k vodop\u00e1dom Zup. A tu som sa trochu \u201ezasekla\u201c, nako\u013eko pod\u013ea p\u00f4vodn\u00e9ho pl\u00e1nu som mala na tomto mieste prejs\u0165 cez rieku \u017deljeznica, prejs\u0165 cez horu ku kl\u00e1\u0161toru Ribnjak a vyst\u00fapi\u0165 na kopec Gradac, kde som si chcela prezrie\u0165 Chr\u00e1m Svetog Vasilija Ostro\u0161kog. Ke\u010f som pri vodop\u00e1doch Zup na\u0161la miesto, ktor\u00e9 bolo zna\u010dkou ozna\u010den\u00e9 ako brod, len som sa pousmiala a bolo mi jasn\u00e9, \u017ee pri tomto stave vody \u201etudy cesta nevede \u263a\u201c a \u017ee sa budem musie\u0165 dosta\u0165 ku kl\u00e1\u0161toru Ribnjak ok\u013eukou.<\/p>\n<div id='gallery-1' class='gallery galleryid-2429 gallery-columns-1 gallery-size-full'><figure class='gallery-item'>\n\t\t\t<div class='gallery-icon portrait'>\n\t\t\t\t<a href='https:\/\/uzisibalkaninak.com\/index.php\/2026\/04\/20\/po-dazdoch-na-balkane-za-vodou-v-horach-cast-2\/81-1\/'><img loading=\"lazy\" decoding=\"async\" width=\"1200\" height=\"1600\" src=\"https:\/\/uzisibalkaninak.com\/wp-content\/uploads\/2026\/04\/81-1.jpeg\" class=\"attachment-full size-full\" alt=\"\" aria-describedby=\"gallery-1-2476\" srcset=\"https:\/\/uzisibalkaninak.com\/wp-content\/uploads\/2026\/04\/81-1.jpeg 1200w, https:\/\/uzisibalkaninak.com\/wp-content\/uploads\/2026\/04\/81-1-225x300.jpeg 225w, https:\/\/uzisibalkaninak.com\/wp-content\/uploads\/2026\/04\/81-1-768x1024.jpeg 768w, https:\/\/uzisibalkaninak.com\/wp-content\/uploads\/2026\/04\/81-1-1152x1536.jpeg 1152w\" sizes=\"auto, (max-width: 1200px) 100vw, 1200px\" \/><\/a>\n\t\t\t<\/div>\n\t\t\t\t<figcaption class='wp-caption-text gallery-caption' id='gallery-1-2476'>\n\t\t\t\tMoja reakcia&#8230;\n\t\t\t\t<\/figcaption><\/figure><figure class='gallery-item'>\n\t\t\t<div class='gallery-icon portrait'>\n\t\t\t\t<a href='https:\/\/uzisibalkaninak.com\/index.php\/2026\/04\/20\/po-dazdoch-na-balkane-za-vodou-v-horach-cast-2\/15-24\/'><img loading=\"lazy\" decoding=\"async\" width=\"1200\" height=\"1600\" src=\"https:\/\/uzisibalkaninak.com\/wp-content\/uploads\/2026\/04\/15-1.jpeg\" class=\"attachment-full size-full\" alt=\"\" aria-describedby=\"gallery-1-2432\" srcset=\"https:\/\/uzisibalkaninak.com\/wp-content\/uploads\/2026\/04\/15-1.jpeg 1200w, https:\/\/uzisibalkaninak.com\/wp-content\/uploads\/2026\/04\/15-1-225x300.jpeg 225w, https:\/\/uzisibalkaninak.com\/wp-content\/uploads\/2026\/04\/15-1-768x1024.jpeg 768w, https:\/\/uzisibalkaninak.com\/wp-content\/uploads\/2026\/04\/15-1-1152x1536.jpeg 1152w\" sizes=\"auto, (max-width: 1200px) 100vw, 1200px\" \/><\/a>\n\t\t\t<\/div>\n\t\t\t\t<figcaption class='wp-caption-text gallery-caption' id='gallery-1-2432'>\n\t\t\t\tTu niekde je brod \ud83d\ude42\n\t\t\t\t<\/figcaption><\/figure>\n\t\t<\/div>\n\n<p class=\"tm6\"><span class=\"tm7\">Najprv som sa popri vodop\u00e1doch Zup a rieke \u017deljeznica vr\u00e1tila do osady Dumezi\u0107. Tu som na\u0161la spr\u00e1vnu cesti\u010dku, ktor\u00e1 ma priviedla k mostu cez rieku \u017deljeznica. Nasledovalo pol kilometra pozd\u013a\u017e rieky a ocitla som sa v obci Zupci. Na to, \u017ee je to obec len s pribli\u017ene 115 st\u00e1lymi obyvate\u013emi, je pomerne roz\u013eahl\u00e1. Nach\u00e1dza sa na juhoz\u00e1padn\u00fdch svahoch pohoria Vrsuta, pod vrcholom Sto.<\/span><\/p>\n<div id='gallery-2' class='gallery galleryid-2429 gallery-columns-1 gallery-size-full'><figure class='gallery-item'>\n\t\t\t<div class='gallery-icon portrait'>\n\t\t\t\t<a href='https:\/\/uzisibalkaninak.com\/index.php\/2026\/04\/20\/po-dazdoch-na-balkane-za-vodou-v-horach-cast-2\/3-24\/'><img loading=\"lazy\" decoding=\"async\" width=\"1200\" height=\"1600\" src=\"https:\/\/uzisibalkaninak.com\/wp-content\/uploads\/2026\/04\/3-1.jpeg\" class=\"attachment-full size-full\" alt=\"\" srcset=\"https:\/\/uzisibalkaninak.com\/wp-content\/uploads\/2026\/04\/3-1.jpeg 1200w, https:\/\/uzisibalkaninak.com\/wp-content\/uploads\/2026\/04\/3-1-225x300.jpeg 225w, https:\/\/uzisibalkaninak.com\/wp-content\/uploads\/2026\/04\/3-1-768x1024.jpeg 768w, https:\/\/uzisibalkaninak.com\/wp-content\/uploads\/2026\/04\/3-1-1152x1536.jpeg 1152w\" sizes=\"auto, (max-width: 1200px) 100vw, 1200px\" \/><\/a>\n\t\t\t<\/div><\/figure><figure class='gallery-item'>\n\t\t\t<div class='gallery-icon portrait'>\n\t\t\t\t<a href='https:\/\/uzisibalkaninak.com\/index.php\/2026\/04\/20\/po-dazdoch-na-balkane-za-vodou-v-horach-cast-2\/2-26\/'><img loading=\"lazy\" decoding=\"async\" width=\"1200\" height=\"1600\" src=\"https:\/\/uzisibalkaninak.com\/wp-content\/uploads\/2026\/04\/2-1.jpeg\" class=\"attachment-full size-full\" alt=\"\" srcset=\"https:\/\/uzisibalkaninak.com\/wp-content\/uploads\/2026\/04\/2-1.jpeg 1200w, https:\/\/uzisibalkaninak.com\/wp-content\/uploads\/2026\/04\/2-1-225x300.jpeg 225w, https:\/\/uzisibalkaninak.com\/wp-content\/uploads\/2026\/04\/2-1-768x1024.jpeg 768w, https:\/\/uzisibalkaninak.com\/wp-content\/uploads\/2026\/04\/2-1-1152x1536.jpeg 1152w\" sizes=\"auto, (max-width: 1200px) 100vw, 1200px\" \/><\/a>\n\t\t\t<\/div><\/figure><figure class='gallery-item'>\n\t\t\t<div class='gallery-icon portrait'>\n\t\t\t\t<a href='https:\/\/uzisibalkaninak.com\/index.php\/2026\/04\/20\/po-dazdoch-na-balkane-za-vodou-v-horach-cast-2\/4-24\/'><img loading=\"lazy\" decoding=\"async\" width=\"1200\" height=\"1600\" src=\"https:\/\/uzisibalkaninak.com\/wp-content\/uploads\/2026\/04\/4-1.jpeg\" class=\"attachment-full size-full\" alt=\"\" srcset=\"https:\/\/uzisibalkaninak.com\/wp-content\/uploads\/2026\/04\/4-1.jpeg 1200w, https:\/\/uzisibalkaninak.com\/wp-content\/uploads\/2026\/04\/4-1-225x300.jpeg 225w, https:\/\/uzisibalkaninak.com\/wp-content\/uploads\/2026\/04\/4-1-768x1024.jpeg 768w, https:\/\/uzisibalkaninak.com\/wp-content\/uploads\/2026\/04\/4-1-1152x1536.jpeg 1152w\" sizes=\"auto, (max-width: 1200px) 100vw, 1200px\" \/><\/a>\n\t\t\t<\/div><\/figure><figure class='gallery-item'>\n\t\t\t<div class='gallery-icon portrait'>\n\t\t\t\t<a href='https:\/\/uzisibalkaninak.com\/index.php\/2026\/04\/20\/po-dazdoch-na-balkane-za-vodou-v-horach-cast-2\/6-23\/'><img loading=\"lazy\" decoding=\"async\" width=\"1200\" height=\"1600\" src=\"https:\/\/uzisibalkaninak.com\/wp-content\/uploads\/2026\/04\/6-1.jpeg\" class=\"attachment-full size-full\" alt=\"\" aria-describedby=\"gallery-2-2438\" srcset=\"https:\/\/uzisibalkaninak.com\/wp-content\/uploads\/2026\/04\/6-1.jpeg 1200w, https:\/\/uzisibalkaninak.com\/wp-content\/uploads\/2026\/04\/6-1-225x300.jpeg 225w, https:\/\/uzisibalkaninak.com\/wp-content\/uploads\/2026\/04\/6-1-768x1024.jpeg 768w, https:\/\/uzisibalkaninak.com\/wp-content\/uploads\/2026\/04\/6-1-1152x1536.jpeg 1152w\" sizes=\"auto, (max-width: 1200px) 100vw, 1200px\" \/><\/a>\n\t\t\t<\/div>\n\t\t\t\t<figcaption class='wp-caption-text gallery-caption' id='gallery-2-2438'>\n\t\t\t\tVodop\u00e1dy Zup\n\t\t\t\t<\/figcaption><\/figure><figure class='gallery-item'>\n\t\t\t<div class='gallery-icon portrait'>\n\t\t\t\t<a href='https:\/\/uzisibalkaninak.com\/index.php\/2026\/04\/20\/po-dazdoch-na-balkane-za-vodou-v-horach-cast-2\/7-24\/'><img loading=\"lazy\" decoding=\"async\" width=\"900\" height=\"1600\" src=\"https:\/\/uzisibalkaninak.com\/wp-content\/uploads\/2026\/04\/7-1.jpeg\" class=\"attachment-full size-full\" alt=\"\" srcset=\"https:\/\/uzisibalkaninak.com\/wp-content\/uploads\/2026\/04\/7-1.jpeg 900w, https:\/\/uzisibalkaninak.com\/wp-content\/uploads\/2026\/04\/7-1-169x300.jpeg 169w, https:\/\/uzisibalkaninak.com\/wp-content\/uploads\/2026\/04\/7-1-576x1024.jpeg 576w, https:\/\/uzisibalkaninak.com\/wp-content\/uploads\/2026\/04\/7-1-768x1365.jpeg 768w, https:\/\/uzisibalkaninak.com\/wp-content\/uploads\/2026\/04\/7-1-864x1536.jpeg 864w\" sizes=\"auto, (max-width: 900px) 100vw, 900px\" \/><\/a>\n\t\t\t<\/div><\/figure><figure class='gallery-item'>\n\t\t\t<div class='gallery-icon portrait'>\n\t\t\t\t<a href='https:\/\/uzisibalkaninak.com\/index.php\/2026\/04\/20\/po-dazdoch-na-balkane-za-vodou-v-horach-cast-2\/10-24\/'><img loading=\"lazy\" decoding=\"async\" width=\"1200\" height=\"1600\" src=\"https:\/\/uzisibalkaninak.com\/wp-content\/uploads\/2026\/04\/10-1.jpeg\" class=\"attachment-full size-full\" alt=\"\" srcset=\"https:\/\/uzisibalkaninak.com\/wp-content\/uploads\/2026\/04\/10-1.jpeg 1200w, https:\/\/uzisibalkaninak.com\/wp-content\/uploads\/2026\/04\/10-1-225x300.jpeg 225w, https:\/\/uzisibalkaninak.com\/wp-content\/uploads\/2026\/04\/10-1-768x1024.jpeg 768w, https:\/\/uzisibalkaninak.com\/wp-content\/uploads\/2026\/04\/10-1-1152x1536.jpeg 1152w\" sizes=\"auto, (max-width: 1200px) 100vw, 1200px\" \/><\/a>\n\t\t\t<\/div><\/figure><figure class='gallery-item'>\n\t\t\t<div class='gallery-icon portrait'>\n\t\t\t\t<a href='https:\/\/uzisibalkaninak.com\/index.php\/2026\/04\/20\/po-dazdoch-na-balkane-za-vodou-v-horach-cast-2\/11-23\/'><img loading=\"lazy\" decoding=\"async\" width=\"1200\" height=\"1600\" src=\"https:\/\/uzisibalkaninak.com\/wp-content\/uploads\/2026\/04\/11-1.jpeg\" class=\"attachment-full size-full\" alt=\"\" srcset=\"https:\/\/uzisibalkaninak.com\/wp-content\/uploads\/2026\/04\/11-1.jpeg 1200w, https:\/\/uzisibalkaninak.com\/wp-content\/uploads\/2026\/04\/11-1-225x300.jpeg 225w, https:\/\/uzisibalkaninak.com\/wp-content\/uploads\/2026\/04\/11-1-768x1024.jpeg 768w, https:\/\/uzisibalkaninak.com\/wp-content\/uploads\/2026\/04\/11-1-1152x1536.jpeg 1152w\" sizes=\"auto, (max-width: 1200px) 100vw, 1200px\" \/><\/a>\n\t\t\t<\/div><\/figure><figure class='gallery-item'>\n\t\t\t<div class='gallery-icon portrait'>\n\t\t\t\t<a href='https:\/\/uzisibalkaninak.com\/index.php\/2026\/04\/20\/po-dazdoch-na-balkane-za-vodou-v-horach-cast-2\/16-24\/'><img loading=\"lazy\" decoding=\"async\" width=\"1200\" height=\"1600\" src=\"https:\/\/uzisibalkaninak.com\/wp-content\/uploads\/2026\/04\/16-1.jpeg\" class=\"attachment-full size-full\" alt=\"\" srcset=\"https:\/\/uzisibalkaninak.com\/wp-content\/uploads\/2026\/04\/16-1.jpeg 1200w, https:\/\/uzisibalkaninak.com\/wp-content\/uploads\/2026\/04\/16-1-225x300.jpeg 225w, https:\/\/uzisibalkaninak.com\/wp-content\/uploads\/2026\/04\/16-1-768x1024.jpeg 768w, https:\/\/uzisibalkaninak.com\/wp-content\/uploads\/2026\/04\/16-1-1152x1536.jpeg 1152w\" sizes=\"auto, (max-width: 1200px) 100vw, 1200px\" \/><\/a>\n\t\t\t<\/div><\/figure><figure class='gallery-item'>\n\t\t\t<div class='gallery-icon portrait'>\n\t\t\t\t<a href='https:\/\/uzisibalkaninak.com\/index.php\/2026\/04\/20\/po-dazdoch-na-balkane-za-vodou-v-horach-cast-2\/14-23\/'><img loading=\"lazy\" decoding=\"async\" width=\"1200\" height=\"1600\" src=\"https:\/\/uzisibalkaninak.com\/wp-content\/uploads\/2026\/04\/14-1.jpeg\" class=\"attachment-full size-full\" alt=\"\" srcset=\"https:\/\/uzisibalkaninak.com\/wp-content\/uploads\/2026\/04\/14-1.jpeg 1200w, https:\/\/uzisibalkaninak.com\/wp-content\/uploads\/2026\/04\/14-1-225x300.jpeg 225w, https:\/\/uzisibalkaninak.com\/wp-content\/uploads\/2026\/04\/14-1-768x1024.jpeg 768w, https:\/\/uzisibalkaninak.com\/wp-content\/uploads\/2026\/04\/14-1-1152x1536.jpeg 1152w\" sizes=\"auto, (max-width: 1200px) 100vw, 1200px\" \/><\/a>\n\t\t\t<\/div><\/figure><figure class='gallery-item'>\n\t\t\t<div class='gallery-icon portrait'>\n\t\t\t\t<a href='https:\/\/uzisibalkaninak.com\/index.php\/2026\/04\/20\/po-dazdoch-na-balkane-za-vodou-v-horach-cast-2\/dumezic2\/'><img loading=\"lazy\" decoding=\"async\" width=\"1200\" height=\"1600\" src=\"https:\/\/uzisibalkaninak.com\/wp-content\/uploads\/2026\/04\/Dumezic2.jpeg\" class=\"attachment-full size-full\" alt=\"\" aria-describedby=\"gallery-2-2448\" srcset=\"https:\/\/uzisibalkaninak.com\/wp-content\/uploads\/2026\/04\/Dumezic2.jpeg 1200w, https:\/\/uzisibalkaninak.com\/wp-content\/uploads\/2026\/04\/Dumezic2-225x300.jpeg 225w, https:\/\/uzisibalkaninak.com\/wp-content\/uploads\/2026\/04\/Dumezic2-768x1024.jpeg 768w, https:\/\/uzisibalkaninak.com\/wp-content\/uploads\/2026\/04\/Dumezic2-1152x1536.jpeg 1152w\" sizes=\"auto, (max-width: 1200px) 100vw, 1200px\" \/><\/a>\n\t\t\t<\/div>\n\t\t\t\t<figcaption class='wp-caption-text gallery-caption' id='gallery-2-2448'>\n\t\t\t\tOsada Dumezi\u0107\n\t\t\t\t<\/figcaption><\/figure><figure class='gallery-item'>\n\t\t\t<div class='gallery-icon portrait'>\n\t\t\t\t<a href='https:\/\/uzisibalkaninak.com\/index.php\/2026\/04\/20\/po-dazdoch-na-balkane-za-vodou-v-horach-cast-2\/dumezic1\/'><img loading=\"lazy\" decoding=\"async\" width=\"1200\" height=\"1600\" src=\"https:\/\/uzisibalkaninak.com\/wp-content\/uploads\/2026\/04\/Dumezic1.jpeg\" class=\"attachment-full size-full\" alt=\"\" srcset=\"https:\/\/uzisibalkaninak.com\/wp-content\/uploads\/2026\/04\/Dumezic1.jpeg 1200w, https:\/\/uzisibalkaninak.com\/wp-content\/uploads\/2026\/04\/Dumezic1-225x300.jpeg 225w, https:\/\/uzisibalkaninak.com\/wp-content\/uploads\/2026\/04\/Dumezic1-768x1024.jpeg 768w, https:\/\/uzisibalkaninak.com\/wp-content\/uploads\/2026\/04\/Dumezic1-1152x1536.jpeg 1152w\" sizes=\"auto, (max-width: 1200px) 100vw, 1200px\" \/><\/a>\n\t\t\t<\/div><\/figure><figure class='gallery-item'>\n\t\t\t<div class='gallery-icon portrait'>\n\t\t\t\t<a href='https:\/\/uzisibalkaninak.com\/index.php\/2026\/04\/20\/po-dazdoch-na-balkane-za-vodou-v-horach-cast-2\/dumezic3\/'><img loading=\"lazy\" decoding=\"async\" width=\"1200\" height=\"1600\" src=\"https:\/\/uzisibalkaninak.com\/wp-content\/uploads\/2026\/04\/Dumezic3.jpeg\" class=\"attachment-full size-full\" alt=\"\" srcset=\"https:\/\/uzisibalkaninak.com\/wp-content\/uploads\/2026\/04\/Dumezic3.jpeg 1200w, https:\/\/uzisibalkaninak.com\/wp-content\/uploads\/2026\/04\/Dumezic3-225x300.jpeg 225w, https:\/\/uzisibalkaninak.com\/wp-content\/uploads\/2026\/04\/Dumezic3-768x1024.jpeg 768w, https:\/\/uzisibalkaninak.com\/wp-content\/uploads\/2026\/04\/Dumezic3-1152x1536.jpeg 1152w\" sizes=\"auto, (max-width: 1200px) 100vw, 1200px\" \/><\/a>\n\t\t\t<\/div><\/figure><figure class='gallery-item'>\n\t\t\t<div class='gallery-icon portrait'>\n\t\t\t\t<a href='https:\/\/uzisibalkaninak.com\/index.php\/2026\/04\/20\/po-dazdoch-na-balkane-za-vodou-v-horach-cast-2\/dumezic5\/'><img loading=\"lazy\" decoding=\"async\" width=\"1200\" height=\"1600\" src=\"https:\/\/uzisibalkaninak.com\/wp-content\/uploads\/2026\/04\/Dumezic5.jpeg\" class=\"attachment-full size-full\" alt=\"\" srcset=\"https:\/\/uzisibalkaninak.com\/wp-content\/uploads\/2026\/04\/Dumezic5.jpeg 1200w, https:\/\/uzisibalkaninak.com\/wp-content\/uploads\/2026\/04\/Dumezic5-225x300.jpeg 225w, https:\/\/uzisibalkaninak.com\/wp-content\/uploads\/2026\/04\/Dumezic5-768x1024.jpeg 768w, https:\/\/uzisibalkaninak.com\/wp-content\/uploads\/2026\/04\/Dumezic5-1152x1536.jpeg 1152w\" sizes=\"auto, (max-width: 1200px) 100vw, 1200px\" \/><\/a>\n\t\t\t<\/div><\/figure>\n\t\t<\/div>\n\n<p class=\"tm6\"><span class=\"tm7\">Pribli\u017ene po kilometri ch\u00f4dze cez dedinu som pri\u0161la ku katol\u00edckemu kostolu Sv. Ivana Krstitelja. Ide o pekn\u00fa stavbu, na kr\u00e1snom mieste, ale plastov\u00e9 okn\u00e1 na kostole som naozaj ne\u010dakala. Nad vchodov\u00fdmi dverami som si pre\u010d\u00edtala n\u00e1pis, ktor\u00fd tvrd\u00ed, \u017ee \u201emiestni obyvatelia prestavali tento kostol od z\u00e1kladov v roku 2006\u201c. To ma zaujalo a preto som sa rovno na mieste rozhodla trochu p\u00e1tra\u0165 \u263a .<\/span><\/p>\n<div id='gallery-3' class='gallery galleryid-2429 gallery-columns-1 gallery-size-full'><figure class='gallery-item'>\n\t\t\t<div class='gallery-icon portrait'>\n\t\t\t\t<a href='https:\/\/uzisibalkaninak.com\/index.php\/2026\/04\/20\/po-dazdoch-na-balkane-za-vodou-v-horach-cast-2\/18-23\/'><img loading=\"lazy\" decoding=\"async\" width=\"1200\" height=\"1600\" src=\"https:\/\/uzisibalkaninak.com\/wp-content\/uploads\/2026\/04\/18-1.jpeg\" class=\"attachment-full size-full\" alt=\"\" aria-describedby=\"gallery-3-2452\" srcset=\"https:\/\/uzisibalkaninak.com\/wp-content\/uploads\/2026\/04\/18-1.jpeg 1200w, https:\/\/uzisibalkaninak.com\/wp-content\/uploads\/2026\/04\/18-1-225x300.jpeg 225w, https:\/\/uzisibalkaninak.com\/wp-content\/uploads\/2026\/04\/18-1-768x1024.jpeg 768w, https:\/\/uzisibalkaninak.com\/wp-content\/uploads\/2026\/04\/18-1-1152x1536.jpeg 1152w\" sizes=\"auto, (max-width: 1200px) 100vw, 1200px\" \/><\/a>\n\t\t\t<\/div>\n\t\t\t\t<figcaption class='wp-caption-text gallery-caption' id='gallery-3-2452'>\n\t\t\t\tMost nad \u017deljeznicou\n\t\t\t\t<\/figcaption><\/figure><figure class='gallery-item'>\n\t\t\t<div class='gallery-icon portrait'>\n\t\t\t\t<a href='https:\/\/uzisibalkaninak.com\/index.php\/2026\/04\/20\/po-dazdoch-na-balkane-za-vodou-v-horach-cast-2\/19-24\/'><img loading=\"lazy\" decoding=\"async\" width=\"1200\" height=\"1600\" src=\"https:\/\/uzisibalkaninak.com\/wp-content\/uploads\/2026\/04\/19-1.jpeg\" class=\"attachment-full size-full\" alt=\"\" srcset=\"https:\/\/uzisibalkaninak.com\/wp-content\/uploads\/2026\/04\/19-1.jpeg 1200w, https:\/\/uzisibalkaninak.com\/wp-content\/uploads\/2026\/04\/19-1-225x300.jpeg 225w, https:\/\/uzisibalkaninak.com\/wp-content\/uploads\/2026\/04\/19-1-768x1024.jpeg 768w, https:\/\/uzisibalkaninak.com\/wp-content\/uploads\/2026\/04\/19-1-1152x1536.jpeg 1152w\" sizes=\"auto, (max-width: 1200px) 100vw, 1200px\" \/><\/a>\n\t\t\t<\/div><\/figure><figure class='gallery-item'>\n\t\t\t<div class='gallery-icon portrait'>\n\t\t\t\t<a href='https:\/\/uzisibalkaninak.com\/index.php\/2026\/04\/20\/po-dazdoch-na-balkane-za-vodou-v-horach-cast-2\/20-23\/'><img loading=\"lazy\" decoding=\"async\" width=\"1200\" height=\"1600\" src=\"https:\/\/uzisibalkaninak.com\/wp-content\/uploads\/2026\/04\/20-1.jpeg\" class=\"attachment-full size-full\" alt=\"\" srcset=\"https:\/\/uzisibalkaninak.com\/wp-content\/uploads\/2026\/04\/20-1.jpeg 1200w, https:\/\/uzisibalkaninak.com\/wp-content\/uploads\/2026\/04\/20-1-225x300.jpeg 225w, https:\/\/uzisibalkaninak.com\/wp-content\/uploads\/2026\/04\/20-1-768x1024.jpeg 768w, https:\/\/uzisibalkaninak.com\/wp-content\/uploads\/2026\/04\/20-1-1152x1536.jpeg 1152w\" sizes=\"auto, (max-width: 1200px) 100vw, 1200px\" \/><\/a>\n\t\t\t<\/div><\/figure><figure class='gallery-item'>\n\t\t\t<div class='gallery-icon portrait'>\n\t\t\t\t<a href='https:\/\/uzisibalkaninak.com\/index.php\/2026\/04\/20\/po-dazdoch-na-balkane-za-vodou-v-horach-cast-2\/21-25\/'><img loading=\"lazy\" decoding=\"async\" width=\"1200\" height=\"1600\" src=\"https:\/\/uzisibalkaninak.com\/wp-content\/uploads\/2026\/04\/21-1.jpeg\" class=\"attachment-full size-full\" alt=\"\" aria-describedby=\"gallery-3-2455\" srcset=\"https:\/\/uzisibalkaninak.com\/wp-content\/uploads\/2026\/04\/21-1.jpeg 1200w, https:\/\/uzisibalkaninak.com\/wp-content\/uploads\/2026\/04\/21-1-225x300.jpeg 225w, https:\/\/uzisibalkaninak.com\/wp-content\/uploads\/2026\/04\/21-1-768x1024.jpeg 768w, https:\/\/uzisibalkaninak.com\/wp-content\/uploads\/2026\/04\/21-1-1152x1536.jpeg 1152w\" sizes=\"auto, (max-width: 1200px) 100vw, 1200px\" \/><\/a>\n\t\t\t<\/div>\n\t\t\t\t<figcaption class='wp-caption-text gallery-caption' id='gallery-3-2455'>\n\t\t\t\tCrkva Svetog Ivana Krstitelja\n\t\t\t\t<\/figcaption><\/figure><figure class='gallery-item'>\n\t\t\t<div class='gallery-icon portrait'>\n\t\t\t\t<a href='https:\/\/uzisibalkaninak.com\/index.php\/2026\/04\/20\/po-dazdoch-na-balkane-za-vodou-v-horach-cast-2\/22-24\/'><img loading=\"lazy\" decoding=\"async\" width=\"1200\" height=\"1600\" src=\"https:\/\/uzisibalkaninak.com\/wp-content\/uploads\/2026\/04\/22-1.jpeg\" class=\"attachment-full size-full\" alt=\"\" srcset=\"https:\/\/uzisibalkaninak.com\/wp-content\/uploads\/2026\/04\/22-1.jpeg 1200w, https:\/\/uzisibalkaninak.com\/wp-content\/uploads\/2026\/04\/22-1-225x300.jpeg 225w, https:\/\/uzisibalkaninak.com\/wp-content\/uploads\/2026\/04\/22-1-768x1024.jpeg 768w, https:\/\/uzisibalkaninak.com\/wp-content\/uploads\/2026\/04\/22-1-1152x1536.jpeg 1152w\" sizes=\"auto, (max-width: 1200px) 100vw, 1200px\" \/><\/a>\n\t\t\t<\/div><\/figure>\n\t\t<\/div>\n\n<p class=\"tm6\"><span class=\"tm7\">Zistila som, \u017ee na tomto mieste st\u00e1la p\u00f4vodne in\u00e1, tie\u017e katol\u00edcka stavba Crkvi sv. Ivana Krstitelja. \u010co sa s \u0148ou stalo a pre\u010do musela by\u0165 prestavan\u00e1 v roku 2006, som sa nedozvedela. Dozvedela som sa v\u0161ak, \u017ee p\u00f4vodn\u00fd kostol bol postaven\u00fd v roku 1844 z pozostatkov e\u0161te star\u0161ieho kostola (tie\u017e Sv. Ivana Krstitelja), ktor\u00e9 boli do nov\u0161ej \u010dasti dediny Zupci prevezen\u00e9 z lokality Ribnjak (v roku 1667 ho zni\u010dilo zemetrasenie). Trochu som mala v hlave zm\u00e4tok, nako\u013eko som bola v tom, \u017ee v lokalite Ribnjak sa nach\u00e1dza pravosl\u00e1vny kl\u00e1\u0161tor a ke\u010f\u017ee tam som to mala \u010falej nasmerovan\u00e9, rozhodla som sa, \u017ee si to poriadne na\u0161tudujem.<\/span><\/p>\n<div id='gallery-4' class='gallery galleryid-2429 gallery-columns-1 gallery-size-full'><figure class='gallery-item'>\n\t\t\t<div class='gallery-icon portrait'>\n\t\t\t\t<a href='https:\/\/uzisibalkaninak.com\/index.php\/2026\/04\/20\/po-dazdoch-na-balkane-za-vodou-v-horach-cast-2\/23-24\/'><img loading=\"lazy\" decoding=\"async\" width=\"1200\" height=\"1600\" src=\"https:\/\/uzisibalkaninak.com\/wp-content\/uploads\/2026\/04\/23-1.jpeg\" class=\"attachment-full size-full\" alt=\"\" srcset=\"https:\/\/uzisibalkaninak.com\/wp-content\/uploads\/2026\/04\/23-1.jpeg 1200w, https:\/\/uzisibalkaninak.com\/wp-content\/uploads\/2026\/04\/23-1-225x300.jpeg 225w, https:\/\/uzisibalkaninak.com\/wp-content\/uploads\/2026\/04\/23-1-768x1024.jpeg 768w, https:\/\/uzisibalkaninak.com\/wp-content\/uploads\/2026\/04\/23-1-1152x1536.jpeg 1152w\" sizes=\"auto, (max-width: 1200px) 100vw, 1200px\" \/><\/a>\n\t\t\t<\/div><\/figure>\n\t\t<\/div>\n\n<p class=\"tm6\"><span class=\"tm7\">Dop\u00e1trala som sa, \u017ee dne\u0161n\u00fd pravosl\u00e1vny kl\u00e1\u0161tor Ribnjak je postaven\u00fd na z\u00e1kladoch kl\u00e1\u0161tora Sv. Ivana Krstitelja, ktor\u00fd dala postavi\u0165 Helena z Anjou (cca. 1230 &#8211; 1314), nesk\u00f4r naz\u00fdvan\u00e1 Sv\u00e4t\u00e1 Helena Srbsk\u00e1, srbsk\u00e1 kr\u00e1\u013eovn\u00e1 a man\u017eelka kr\u00e1\u013ea \u0160tefana Uro\u0161a I. Nemanji\u0107a, matka neskor\u0161\u00edch kr\u00e1\u013eov &#8211; Dragutina a Milutina. Jej p\u00f4vod je nejasn\u00fd, ale viacer\u00ed historici ju ozna\u010duj\u00fa ako \u201eFranc\u00fazku\u201c. Vydala sa okolo roku 1245. Podporovala r\u00edmskokatol\u00edcku vieru a dala postavi\u0165 viacero katol\u00edckych kostolov v Kotore, Bare, Ulcinji. Ve\u013emi ma zaujalo, \u017ee ju kanonizovala Srbsk\u00e1 pravosl\u00e1vna cirkev (ako predstavite\u013eku katol\u00edckej viery). V srbskom folkl\u00f3re je sp\u00e1jan\u00e1 s orgov\u00e1nom &#8211; \u00fadajne pr\u00e1ve ona \u201epriniesla\u201c orgov\u00e1ny do Srbska. Dnes sa v Srbsku ka\u017edoro\u010dne konaj\u00fa Dani jorgovani (dni orgov\u00e1nu) na jej po\u010des\u0165.<\/span><\/p>\n<p class=\"tm6\"><span class=\"tm7\">V\u00fdstavbu kl\u00e1\u0161tora Sv. Ivana Krstitelja v Ribnjaku historici odhaduj\u00fa na obdobie 1250 &#8211; 1280. A a\u017e dodnes sa v Ribnjaku zachovali z\u00e1klady kostola z t\u00fdch \u010dias. Po\u010das v\u00fdstavby dala Helena na po\u010des\u0165 svojich synov zasadi\u0165 dva duby. Jeden z nich sa dne\u0161n\u00fdch dn\u00ed u\u017e nedo\u017eil, druh\u00fd je mo\u017en\u00e9 st\u00e1le obdivova\u0165. <\/span><\/p>\n<p class=\"tm6\"><span class=\"tm7\">Tak a\u017e tak\u00fato d\u00e1vnu hist\u00f3riu m\u00e1 men\u0161ia nen\u00e1padn\u00e1 stavba kostol\u00edka v dedinke Zupci \u263a.<\/span><\/p>\n<div id='gallery-5' class='gallery galleryid-2429 gallery-columns-1 gallery-size-full'><figure class='gallery-item'>\n\t\t\t<div class='gallery-icon portrait'>\n\t\t\t\t<a href='https:\/\/uzisibalkaninak.com\/index.php\/2026\/04\/20\/po-dazdoch-na-balkane-za-vodou-v-horach-cast-2\/25-25\/'><img loading=\"lazy\" decoding=\"async\" width=\"1200\" height=\"1600\" src=\"https:\/\/uzisibalkaninak.com\/wp-content\/uploads\/2026\/04\/25-2.jpeg\" class=\"attachment-full size-full\" alt=\"\" srcset=\"https:\/\/uzisibalkaninak.com\/wp-content\/uploads\/2026\/04\/25-2.jpeg 1200w, https:\/\/uzisibalkaninak.com\/wp-content\/uploads\/2026\/04\/25-2-225x300.jpeg 225w, https:\/\/uzisibalkaninak.com\/wp-content\/uploads\/2026\/04\/25-2-768x1024.jpeg 768w, https:\/\/uzisibalkaninak.com\/wp-content\/uploads\/2026\/04\/25-2-1152x1536.jpeg 1152w\" sizes=\"auto, (max-width: 1200px) 100vw, 1200px\" \/><\/a>\n\t\t\t<\/div><\/figure><figure class='gallery-item'>\n\t\t\t<div class='gallery-icon portrait'>\n\t\t\t\t<a href='https:\/\/uzisibalkaninak.com\/index.php\/2026\/04\/20\/po-dazdoch-na-balkane-za-vodou-v-horach-cast-2\/24-24\/'><img loading=\"lazy\" decoding=\"async\" width=\"1200\" height=\"1600\" src=\"https:\/\/uzisibalkaninak.com\/wp-content\/uploads\/2026\/04\/24-1.jpeg\" class=\"attachment-full size-full\" alt=\"\" srcset=\"https:\/\/uzisibalkaninak.com\/wp-content\/uploads\/2026\/04\/24-1.jpeg 1200w, https:\/\/uzisibalkaninak.com\/wp-content\/uploads\/2026\/04\/24-1-225x300.jpeg 225w, https:\/\/uzisibalkaninak.com\/wp-content\/uploads\/2026\/04\/24-1-768x1024.jpeg 768w, https:\/\/uzisibalkaninak.com\/wp-content\/uploads\/2026\/04\/24-1-1152x1536.jpeg 1152w\" sizes=\"auto, (max-width: 1200px) 100vw, 1200px\" \/><\/a>\n\t\t\t<\/div><\/figure>\n\t\t<\/div>\n\n<p class=\"tm6\"><span class=\"tm7\">Od Crkvi Sv. Ivana Krstitelja moje kroky smerovali do lokality Ribnjak. Uprednostnila som s\u00edce dlh\u0161iu, ale \u201eneblatov\u00fa \u263a \u201c cestu, ktorou mi to trvalo tak do hodinky (2,8 km).<\/span><\/p>\n<div id='gallery-6' class='gallery galleryid-2429 gallery-columns-1 gallery-size-full'><figure class='gallery-item'>\n\t\t\t<div class='gallery-icon portrait'>\n\t\t\t\t<a href='https:\/\/uzisibalkaninak.com\/index.php\/2026\/04\/20\/po-dazdoch-na-balkane-za-vodou-v-horach-cast-2\/26-24\/'><img loading=\"lazy\" decoding=\"async\" width=\"1200\" height=\"1600\" src=\"https:\/\/uzisibalkaninak.com\/wp-content\/uploads\/2026\/04\/26-1.jpeg\" class=\"attachment-full size-full\" alt=\"\" aria-describedby=\"gallery-6-2460\" srcset=\"https:\/\/uzisibalkaninak.com\/wp-content\/uploads\/2026\/04\/26-1.jpeg 1200w, https:\/\/uzisibalkaninak.com\/wp-content\/uploads\/2026\/04\/26-1-225x300.jpeg 225w, https:\/\/uzisibalkaninak.com\/wp-content\/uploads\/2026\/04\/26-1-768x1024.jpeg 768w, https:\/\/uzisibalkaninak.com\/wp-content\/uploads\/2026\/04\/26-1-1152x1536.jpeg 1152w\" sizes=\"auto, (max-width: 1200px) 100vw, 1200px\" \/><\/a>\n\t\t\t<\/div>\n\t\t\t\t<figcaption class='wp-caption-text gallery-caption' id='gallery-6-2460'>\n\t\t\t\tMas\u00edv Derinac\n\t\t\t\t<\/figcaption><\/figure><figure class='gallery-item'>\n\t\t\t<div class='gallery-icon portrait'>\n\t\t\t\t<a href='https:\/\/uzisibalkaninak.com\/index.php\/2026\/04\/20\/po-dazdoch-na-balkane-za-vodou-v-horach-cast-2\/29-24\/'><img loading=\"lazy\" decoding=\"async\" width=\"1200\" height=\"1600\" src=\"https:\/\/uzisibalkaninak.com\/wp-content\/uploads\/2026\/04\/29-1.jpeg\" class=\"attachment-full size-full\" alt=\"\" srcset=\"https:\/\/uzisibalkaninak.com\/wp-content\/uploads\/2026\/04\/29-1.jpeg 1200w, https:\/\/uzisibalkaninak.com\/wp-content\/uploads\/2026\/04\/29-1-225x300.jpeg 225w, https:\/\/uzisibalkaninak.com\/wp-content\/uploads\/2026\/04\/29-1-768x1024.jpeg 768w, https:\/\/uzisibalkaninak.com\/wp-content\/uploads\/2026\/04\/29-1-1152x1536.jpeg 1152w\" sizes=\"auto, (max-width: 1200px) 100vw, 1200px\" \/><\/a>\n\t\t\t<\/div><\/figure><figure class='gallery-item'>\n\t\t\t<div class='gallery-icon portrait'>\n\t\t\t\t<a href='https:\/\/uzisibalkaninak.com\/index.php\/2026\/04\/20\/po-dazdoch-na-balkane-za-vodou-v-horach-cast-2\/28-24\/'><img loading=\"lazy\" decoding=\"async\" width=\"1200\" height=\"1600\" src=\"https:\/\/uzisibalkaninak.com\/wp-content\/uploads\/2026\/04\/28-1.jpeg\" class=\"attachment-full size-full\" alt=\"\" aria-describedby=\"gallery-6-2461\" srcset=\"https:\/\/uzisibalkaninak.com\/wp-content\/uploads\/2026\/04\/28-1.jpeg 1200w, https:\/\/uzisibalkaninak.com\/wp-content\/uploads\/2026\/04\/28-1-225x300.jpeg 225w, https:\/\/uzisibalkaninak.com\/wp-content\/uploads\/2026\/04\/28-1-768x1024.jpeg 768w, https:\/\/uzisibalkaninak.com\/wp-content\/uploads\/2026\/04\/28-1-1152x1536.jpeg 1152w\" sizes=\"auto, (max-width: 1200px) 100vw, 1200px\" \/><\/a>\n\t\t\t<\/div>\n\t\t\t\t<figcaption class='wp-caption-text gallery-caption' id='gallery-6-2461'>\n\t\t\t\tZvy\u0161ky osady Ribnjak\n\t\t\t\t<\/figcaption><\/figure>\n\t\t<\/div>\n\n<p class=\"tm6\"><span class=\"tm7\">Pravosl\u00e1vny kl\u00e1\u0161tor bol postaven\u00fd koncom 19. &#8211; za\u010diatkom 20. storo\u010dia a je zasv\u00e4ten\u00fd Sv. Vasilijovi Ostro\u017esk\u00e9mu. Pozost\u00e1va z nieko\u013ek\u00fdch chr\u00e1mov, ubik\u00e1ci\u00ed a hospod\u00e1rskych budov. Do are\u00e1lu som nevstupovala, ke\u010f\u017ee u\u017e bol pokro\u010dil\u00fd \u010das a ja som sa potrebovala vr\u00e1ti\u0165 k autu do dedinky Tudjemili.<\/span><\/p>\n<div id='gallery-7' class='gallery galleryid-2429 gallery-columns-1 gallery-size-full'><figure class='gallery-item'>\n\t\t\t<div class='gallery-icon portrait'>\n\t\t\t\t<a href='https:\/\/uzisibalkaninak.com\/index.php\/2026\/04\/20\/po-dazdoch-na-balkane-za-vodou-v-horach-cast-2\/27-23\/'><img loading=\"lazy\" decoding=\"async\" width=\"1200\" height=\"1600\" src=\"https:\/\/uzisibalkaninak.com\/wp-content\/uploads\/2026\/04\/27-1.jpeg\" class=\"attachment-full size-full\" alt=\"\" aria-describedby=\"gallery-7-2463\" srcset=\"https:\/\/uzisibalkaninak.com\/wp-content\/uploads\/2026\/04\/27-1.jpeg 1200w, https:\/\/uzisibalkaninak.com\/wp-content\/uploads\/2026\/04\/27-1-225x300.jpeg 225w, https:\/\/uzisibalkaninak.com\/wp-content\/uploads\/2026\/04\/27-1-768x1024.jpeg 768w, https:\/\/uzisibalkaninak.com\/wp-content\/uploads\/2026\/04\/27-1-1152x1536.jpeg 1152w\" sizes=\"auto, (max-width: 1200px) 100vw, 1200px\" \/><\/a>\n\t\t\t<\/div>\n\t\t\t\t<figcaption class='wp-caption-text gallery-caption' id='gallery-7-2463'>\n\t\t\t\tKl\u00e1\u0161tor Ribnjak\n\t\t\t\t<\/figcaption><\/figure>\n\t\t<\/div>\n\n<p class=\"tm6\"><span class=\"tm7\">Nad are\u00e1lom smerom k pohoriu Rumija \u010dnie do v\u00fd\u0161ky skalnat\u00fd kopec, na vrchole ktor\u00e9ho sa nach\u00e1dzaj\u00fa zvy\u0161ky pevnosti Crni Kr\u0161.<\/span><\/p>\n<div id='gallery-8' class='gallery galleryid-2429 gallery-columns-1 gallery-size-full'><figure class='gallery-item'>\n\t\t\t<div class='gallery-icon portrait'>\n\t\t\t\t<a href='https:\/\/uzisibalkaninak.com\/index.php\/2026\/04\/20\/po-dazdoch-na-balkane-za-vodou-v-horach-cast-2\/whatsapp-image-2026-04-20-at-15-57-45\/'><img loading=\"lazy\" decoding=\"async\" width=\"1200\" height=\"1600\" src=\"https:\/\/uzisibalkaninak.com\/wp-content\/uploads\/2026\/04\/WhatsApp-Image-2026-04-20-at-15.57.45.jpeg\" class=\"attachment-full size-full\" alt=\"\" srcset=\"https:\/\/uzisibalkaninak.com\/wp-content\/uploads\/2026\/04\/WhatsApp-Image-2026-04-20-at-15.57.45.jpeg 1200w, https:\/\/uzisibalkaninak.com\/wp-content\/uploads\/2026\/04\/WhatsApp-Image-2026-04-20-at-15.57.45-225x300.jpeg 225w, https:\/\/uzisibalkaninak.com\/wp-content\/uploads\/2026\/04\/WhatsApp-Image-2026-04-20-at-15.57.45-768x1024.jpeg 768w, https:\/\/uzisibalkaninak.com\/wp-content\/uploads\/2026\/04\/WhatsApp-Image-2026-04-20-at-15.57.45-1152x1536.jpeg 1152w\" sizes=\"auto, (max-width: 1200px) 100vw, 1200px\" \/><\/a>\n\t\t\t<\/div><\/figure>\n\t\t<\/div>\n\n<p class=\"tm6\"><span class=\"tm7\">Ak sa pozer\u00e1me smerom k pohoriu Vrsuta, tak vid\u00edme nad are\u00e1lom kl\u00e1\u0161tora kopec Gradac (na ktor\u00fd som p\u00f4vodne pl\u00e1novala vyst\u00fapi\u0165). Na jeho vrchole sa nach\u00e1dza Crkva svetog Vasilija Ostro\u0161kog, s ktorou sa via\u017ee zauj\u00edmav\u00e1 legenda. Ke\u010f \u010diernohorsk\u00e1 arm\u00e1da pod veden\u00edm knie\u017ea\u0165a Nikolu Njego\u0161a v novembri 1877 bojovala s Turkami o mesto Bar, jej hlavn\u00e1 \u010das\u0165 sa spolu s knie\u017ea\u0165om ut\u00e1borila na Ribnjackej planine, aby si odd\u00fdchla. Knie\u017ea vyst\u00fapil na kopec Gradac a tam zaspal. Vo sne sa mu zjavil sv\u00e4t\u00fd Vasilje Ostro\u0161ki a ozn\u00e1mil mu, \u017ee na Vianoce dobyje Bar. A tak sa aj stalo, 9.janu\u00e1ra 1878 Turci vzt\u00fd\u010dili nad Barom bielu vlajku. A knie\u017ea Nikolaj dal postavi\u0165 chr\u00e1m na mieste kde sa mu zjavil sv\u00e4t\u00fd (chr\u00e1m bol vysveten\u00fd 12.m\u00e1ja 1879 &#8211; dnes sa sl\u00e1vi ako Vasilijev dan).<\/span><\/p>\n<p class=\"tm6\"><span class=\"tm7\">Venujem e\u0161te posledn\u00fd poh\u013ead kl\u00e1\u0161toru a pon\u00e1h\u013eam sa do Tudjemili. Po 2 kilometroch u\u017e stoj\u00edm na asfaltke (R-28) a zv\u00fd\u0161ny pol kilometer u\u017e skoro prebehnem \u263a. Nasko\u010d\u00edm do auta a pon\u00e1h\u013eam sa do ubytka foti\u0165 z\u00e1pad slnka.<\/span><\/p>\n<div id='gallery-9' class='gallery galleryid-2429 gallery-columns-1 gallery-size-full'><figure class='gallery-item'>\n\t\t\t<div class='gallery-icon portrait'>\n\t\t\t\t<a href='https:\/\/uzisibalkaninak.com\/index.php\/2026\/04\/20\/po-dazdoch-na-balkane-za-vodou-v-horach-cast-2\/30-24\/'><img loading=\"lazy\" decoding=\"async\" width=\"1200\" height=\"1600\" src=\"https:\/\/uzisibalkaninak.com\/wp-content\/uploads\/2026\/04\/30-1.jpeg\" class=\"attachment-full size-full\" alt=\"\" srcset=\"https:\/\/uzisibalkaninak.com\/wp-content\/uploads\/2026\/04\/30-1.jpeg 1200w, https:\/\/uzisibalkaninak.com\/wp-content\/uploads\/2026\/04\/30-1-225x300.jpeg 225w, https:\/\/uzisibalkaninak.com\/wp-content\/uploads\/2026\/04\/30-1-768x1024.jpeg 768w, https:\/\/uzisibalkaninak.com\/wp-content\/uploads\/2026\/04\/30-1-1152x1536.jpeg 1152w\" sizes=\"auto, (max-width: 1200px) 100vw, 1200px\" \/><\/a>\n\t\t\t<\/div><\/figure><figure class='gallery-item'>\n\t\t\t<div class='gallery-icon portrait'>\n\t\t\t\t<a href='https:\/\/uzisibalkaninak.com\/index.php\/2026\/04\/20\/po-dazdoch-na-balkane-za-vodou-v-horach-cast-2\/31-24\/'><img loading=\"lazy\" decoding=\"async\" width=\"1200\" height=\"1600\" src=\"https:\/\/uzisibalkaninak.com\/wp-content\/uploads\/2026\/04\/31-1.jpeg\" class=\"attachment-full size-full\" alt=\"\" srcset=\"https:\/\/uzisibalkaninak.com\/wp-content\/uploads\/2026\/04\/31-1.jpeg 1200w, https:\/\/uzisibalkaninak.com\/wp-content\/uploads\/2026\/04\/31-1-225x300.jpeg 225w, https:\/\/uzisibalkaninak.com\/wp-content\/uploads\/2026\/04\/31-1-768x1024.jpeg 768w, https:\/\/uzisibalkaninak.com\/wp-content\/uploads\/2026\/04\/31-1-1152x1536.jpeg 1152w\" sizes=\"auto, (max-width: 1200px) 100vw, 1200px\" \/><\/a>\n\t\t\t<\/div><\/figure><figure class='gallery-item'>\n\t\t\t<div class='gallery-icon portrait'>\n\t\t\t\t<a href='https:\/\/uzisibalkaninak.com\/index.php\/2026\/04\/20\/po-dazdoch-na-balkane-za-vodou-v-horach-cast-2\/32-24\/'><img loading=\"lazy\" decoding=\"async\" width=\"1200\" height=\"1600\" src=\"https:\/\/uzisibalkaninak.com\/wp-content\/uploads\/2026\/04\/32-1.jpeg\" class=\"attachment-full size-full\" alt=\"\" srcset=\"https:\/\/uzisibalkaninak.com\/wp-content\/uploads\/2026\/04\/32-1.jpeg 1200w, https:\/\/uzisibalkaninak.com\/wp-content\/uploads\/2026\/04\/32-1-225x300.jpeg 225w, https:\/\/uzisibalkaninak.com\/wp-content\/uploads\/2026\/04\/32-1-768x1024.jpeg 768w, https:\/\/uzisibalkaninak.com\/wp-content\/uploads\/2026\/04\/32-1-1152x1536.jpeg 1152w\" sizes=\"auto, (max-width: 1200px) 100vw, 1200px\" \/><\/a>\n\t\t\t<\/div><\/figure><figure class='gallery-item'>\n\t\t\t<div class='gallery-icon portrait'>\n\t\t\t\t<a href='https:\/\/uzisibalkaninak.com\/index.php\/2026\/04\/20\/po-dazdoch-na-balkane-za-vodou-v-horach-cast-2\/33-24\/'><img loading=\"lazy\" decoding=\"async\" width=\"1200\" height=\"1600\" src=\"https:\/\/uzisibalkaninak.com\/wp-content\/uploads\/2026\/04\/33-1.jpeg\" class=\"attachment-full size-full\" alt=\"\" aria-describedby=\"gallery-9-2470\" srcset=\"https:\/\/uzisibalkaninak.com\/wp-content\/uploads\/2026\/04\/33-1.jpeg 1200w, https:\/\/uzisibalkaninak.com\/wp-content\/uploads\/2026\/04\/33-1-225x300.jpeg 225w, https:\/\/uzisibalkaninak.com\/wp-content\/uploads\/2026\/04\/33-1-768x1024.jpeg 768w, https:\/\/uzisibalkaninak.com\/wp-content\/uploads\/2026\/04\/33-1-1152x1536.jpeg 1152w\" sizes=\"auto, (max-width: 1200px) 100vw, 1200px\" \/><\/a>\n\t\t\t<\/div>\n\t\t\t\t<figcaption class='wp-caption-text gallery-caption' id='gallery-9-2470'>\n\t\t\t\tobec Tudjemili\n\t\t\t\t<\/figcaption><\/figure><figure class='gallery-item'>\n\t\t\t<div class='gallery-icon portrait'>\n\t\t\t\t<a href='https:\/\/uzisibalkaninak.com\/index.php\/2026\/04\/20\/po-dazdoch-na-balkane-za-vodou-v-horach-cast-2\/whatsapp-image-2026-04-19-at-16-31-35\/'><img loading=\"lazy\" decoding=\"async\" width=\"1200\" height=\"1600\" src=\"https:\/\/uzisibalkaninak.com\/wp-content\/uploads\/2026\/04\/WhatsApp-Image-2026-04-19-at-16.31.35.jpeg\" class=\"attachment-full size-full\" alt=\"\" aria-describedby=\"gallery-9-2472\" srcset=\"https:\/\/uzisibalkaninak.com\/wp-content\/uploads\/2026\/04\/WhatsApp-Image-2026-04-19-at-16.31.35.jpeg 1200w, https:\/\/uzisibalkaninak.com\/wp-content\/uploads\/2026\/04\/WhatsApp-Image-2026-04-19-at-16.31.35-225x300.jpeg 225w, https:\/\/uzisibalkaninak.com\/wp-content\/uploads\/2026\/04\/WhatsApp-Image-2026-04-19-at-16.31.35-768x1024.jpeg 768w, https:\/\/uzisibalkaninak.com\/wp-content\/uploads\/2026\/04\/WhatsApp-Image-2026-04-19-at-16.31.35-1152x1536.jpeg 1152w\" sizes=\"auto, (max-width: 1200px) 100vw, 1200px\" \/><\/a>\n\t\t\t<\/div>\n\t\t\t\t<figcaption class='wp-caption-text gallery-caption' id='gallery-9-2472'>\n\t\t\t\tZ\u00e1pad slnka z Dobrej Vody\n\t\t\t\t<\/figcaption><\/figure><figure class='gallery-item'>\n\t\t\t<div class='gallery-icon portrait'>\n\t\t\t\t<a href='https:\/\/uzisibalkaninak.com\/index.php\/2026\/04\/20\/po-dazdoch-na-balkane-za-vodou-v-horach-cast-2\/whatsapp-image-2026-04-19-at-16-31-352\/'><img loading=\"lazy\" decoding=\"async\" width=\"1200\" height=\"1600\" src=\"https:\/\/uzisibalkaninak.com\/wp-content\/uploads\/2026\/04\/WhatsApp-Image-2026-04-19-at-16.31.352.jpeg\" class=\"attachment-full size-full\" alt=\"\" aria-describedby=\"gallery-9-2473\" srcset=\"https:\/\/uzisibalkaninak.com\/wp-content\/uploads\/2026\/04\/WhatsApp-Image-2026-04-19-at-16.31.352.jpeg 1200w, https:\/\/uzisibalkaninak.com\/wp-content\/uploads\/2026\/04\/WhatsApp-Image-2026-04-19-at-16.31.352-225x300.jpeg 225w, https:\/\/uzisibalkaninak.com\/wp-content\/uploads\/2026\/04\/WhatsApp-Image-2026-04-19-at-16.31.352-768x1024.jpeg 768w, https:\/\/uzisibalkaninak.com\/wp-content\/uploads\/2026\/04\/WhatsApp-Image-2026-04-19-at-16.31.352-1152x1536.jpeg 1152w\" sizes=\"auto, (max-width: 1200px) 100vw, 1200px\" \/><\/a>\n\t\t\t<\/div>\n\t\t\t\t<figcaption class='wp-caption-text gallery-caption' id='gallery-9-2473'>\n\t\t\t\t&#8230; a ide sa haja\u0165&#8230; \ud83d\ude42\n\t\t\t\t<\/figcaption><\/figure>\n\t\t<\/div>\n\n<p class=\"tm7\"><span class=\"tm8\">Ak by ste sa rozhodli \u00eds\u0165 po mojich stop\u00e1ch a potrebovali by ste \u00a0radu oh\u013eadom ubytovania, jedla, turistick\u00fdch v\u00fdstupov, \u010di in\u00e9ho sp\u00f4sobu tr\u00e1venia \u010dasu na rivi\u00e9re v okol\u00ed mesta Bar alebo Sutomore,\u00a0nev\u00e1hajte ma kontaktova\u0165 prostredn\u00edctvom emailovej adresy <\/span><u><a href=\"https:\/\/uzisibalkaninak.com\/index.php\/2025\/12\/21\/ferratou-na-vrchol-najfotogenickejsieho-vrchu-juzneho-durmitoru-uvitu-gredu\/mailto:ajka@uzisibalkaninak.com\"><span class=\"tm8\">ajka@uzisibalkaninak.com<\/span><\/a><\/u><span class=\"tm8\">\u00a0, mojej <\/span><u><a href=\"https:\/\/www.facebook.com\/share\/18n4hwjo1Q\/?mibextid=wwXIfr\"><span class=\"tm8\">FB str\u00e1nky U\u017ei si Balk\u00e1n inak<\/span><\/a><\/u><span class=\"tm8\">\u00a0alebo <\/span><u><a href=\"https:\/\/www.instagram.com\/uzisibalkaninak\/?igsh=M2FscHB5dm1vZXg0&amp;utm_source=qr\"><span class=\"tm8\">Instagramu<\/span><\/a><\/u><span class=\"tm8\">.<\/span><\/p>\n<div id='gallery-10' class='gallery galleryid-2429 gallery-columns-1 gallery-size-full'><figure class='gallery-item'>\n\t\t\t<div class='gallery-icon portrait'>\n\t\t\t\t<a href='https:\/\/uzisibalkaninak.com\/index.php\/2026\/04\/20\/po-dazdoch-na-balkane-za-vodou-v-horach-cast-2\/17-24\/'><img loading=\"lazy\" decoding=\"async\" width=\"1199\" height=\"1600\" src=\"https:\/\/uzisibalkaninak.com\/wp-content\/uploads\/2026\/04\/17-1.jpeg\" class=\"attachment-full size-full\" alt=\"\" aria-describedby=\"gallery-10-2474\" srcset=\"https:\/\/uzisibalkaninak.com\/wp-content\/uploads\/2026\/04\/17-1.jpeg 1199w, https:\/\/uzisibalkaninak.com\/wp-content\/uploads\/2026\/04\/17-1-225x300.jpeg 225w, https:\/\/uzisibalkaninak.com\/wp-content\/uploads\/2026\/04\/17-1-767x1024.jpeg 767w, https:\/\/uzisibalkaninak.com\/wp-content\/uploads\/2026\/04\/17-1-768x1025.jpeg 768w, https:\/\/uzisibalkaninak.com\/wp-content\/uploads\/2026\/04\/17-1-1151x1536.jpeg 1151w\" sizes=\"auto, (max-width: 1199px) 100vw, 1199px\" \/><\/a>\n\t\t\t<\/div>\n\t\t\t\t<figcaption class='wp-caption-text gallery-caption' id='gallery-10-2474'>\n\t\t\t\tWith love Andrea \ud83d\ude42\n\t\t\t\t<\/figcaption><\/figure>\n\t\t<\/div>\n\n<p>&nbsp;<\/p>\n<p class=\"tm6\"><span class=\"tm7\">P.S.: V\u0161etky fotky s\u00fa moje a s\u00fa chr\u00e1nen\u00e9 autorsk\u00fdm pr\u00e1vom \ud83d\ude42 &#8230;<\/span><\/p>\n<p>&nbsp;<\/p>\n","protected":false},"excerpt":{"rendered":"<p>T\u00fdmto \u010dl\u00e1nkom pokra\u010duje moje dobrodru\u017estvo v podhor\u00ed Rumije, ne\u010faleko mesta Bar v \u010ciernej Hore. Pop\u00edsala som v\u00e1m moju t\u00faru z horskej dedinky Tudjemili ponad rieku \u017deljeznica, cez osadu Dumezi\u0107 k vodop\u00e1du Skak a n\u00e1sledne k vodop\u00e1dom Zup. A tu som sa trochu \u201ezasekla\u201c, nako\u013eko pod\u013ea p\u00f4vodn\u00e9ho pl\u00e1nu som mala na tomto mieste prejs\u0165 cez rieku [&hellip;]<\/p>\n","protected":false},"author":1,"featured_media":2430,"comment_status":"open","ping_status":"open","sticky":false,"template":"","format":"standard","meta":{"footnotes":""},"categories":[6,1],"tags":[8,226,9,805,229,803,132,30,216,220,801,800,806,234,47,32,223,802,804,77],"class_list":["post-2429","post","type-post","status-publish","format-standard","has-post-thumbnail","hentry","category-cierna-hora","category-uncategorized","tag-balkan","tag-bar","tag-cierna-hora","tag-crkva-sv-ivana-krstitelja","tag-dumezic","tag-gradac","tag-hike","tag-hiking","tag-klastor","tag-ribnjak","tag-rieka-zeljeznica","tag-rumija","tag-trip","tag-tudjemili","tag-tura","tag-turistika","tag-vodopad","tag-vodopad-zup","tag-vrsuta","tag-zupci"],"lang":"sk","translations":{"sk":2429,"ru":2537,"en":2531,"hr":2534},"pll_sync_post":{},"_links":{"self":[{"href":"https:\/\/uzisibalkaninak.com\/index.php\/wp-json\/wp\/v2\/posts\/2429","targetHints":{"allow":["GET"]}}],"collection":[{"href":"https:\/\/uzisibalkaninak.com\/index.php\/wp-json\/wp\/v2\/posts"}],"about":[{"href":"https:\/\/uzisibalkaninak.com\/index.php\/wp-json\/wp\/v2\/types\/post"}],"author":[{"embeddable":true,"href":"https:\/\/uzisibalkaninak.com\/index.php\/wp-json\/wp\/v2\/users\/1"}],"replies":[{"embeddable":true,"href":"https:\/\/uzisibalkaninak.com\/index.php\/wp-json\/wp\/v2\/comments?post=2429"}],"version-history":[{"count":3,"href":"https:\/\/uzisibalkaninak.com\/index.php\/wp-json\/wp\/v2\/posts\/2429\/revisions"}],"predecessor-version":[{"id":2477,"href":"https:\/\/uzisibalkaninak.com\/index.php\/wp-json\/wp\/v2\/posts\/2429\/revisions\/2477"}],"wp:featuredmedia":[{"embeddable":true,"href":"https:\/\/uzisibalkaninak.com\/index.php\/wp-json\/wp\/v2\/media\/2430"}],"wp:attachment":[{"href":"https:\/\/uzisibalkaninak.com\/index.php\/wp-json\/wp\/v2\/media?parent=2429"}],"wp:term":[{"taxonomy":"category","embeddable":true,"href":"https:\/\/uzisibalkaninak.com\/index.php\/wp-json\/wp\/v2\/categories?post=2429"},{"taxonomy":"post_tag","embeddable":true,"href":"https:\/\/uzisibalkaninak.com\/index.php\/wp-json\/wp\/v2\/tags?post=2429"}],"curies":[{"name":"wp","href":"https:\/\/api.w.org\/{rel}","templated":true}]}}