{"id":2254,"date":"2026-04-10T17:21:16","date_gmt":"2026-04-10T17:21:16","guid":{"rendered":"https:\/\/uzisibalkaninak.com\/?p=2254"},"modified":"2026-04-19T14:17:35","modified_gmt":"2026-04-19T14:17:35","slug":"o-mestecku-starigrad-paklenica","status":"publish","type":"post","link":"https:\/\/uzisibalkaninak.com\/index.php\/2026\/04\/10\/o-mestecku-starigrad-paklenica\/","title":{"rendered":"O meste\u010dku Starigrad Paklenica"},"content":{"rendered":"<p class=\"tm6\"><span class=\"tm7\">O mojich potulk\u00e1ch po Paklenici som u\u017e nap\u00edsala nieko\u013eko \u010dl\u00e1nkov. Ale nikdy som v\u00e1m nepredstavila pr\u00edmorsk\u00e9 meste\u010dko Starigrad, ktor\u00e9 m\u00e1m ve\u013emi rada a ktor\u00fd vyu\u017e\u00edvam ako \u201emoju z\u00e1klad\u0148u\u201c pri potulk\u00e1ch po k\u00fatoch Ju\u017en\u00e9ho Velebitu.<\/span><\/p>\n<div id='gallery-1' class='gallery galleryid-2254 gallery-columns-1 gallery-size-full'><figure class='gallery-item'>\n\t\t\t<div class='gallery-icon landscape'>\n\t\t\t\t<a href='https:\/\/uzisibalkaninak.com\/index.php\/2026\/04\/10\/o-mestecku-starigrad-paklenica\/6-22\/'><img loading=\"lazy\" decoding=\"async\" width=\"1600\" height=\"1200\" src=\"https:\/\/uzisibalkaninak.com\/wp-content\/uploads\/2026\/04\/6.jpeg\" class=\"attachment-full size-full\" alt=\"\" srcset=\"https:\/\/uzisibalkaninak.com\/wp-content\/uploads\/2026\/04\/6.jpeg 1600w, https:\/\/uzisibalkaninak.com\/wp-content\/uploads\/2026\/04\/6-300x225.jpeg 300w, https:\/\/uzisibalkaninak.com\/wp-content\/uploads\/2026\/04\/6-1024x768.jpeg 1024w, https:\/\/uzisibalkaninak.com\/wp-content\/uploads\/2026\/04\/6-768x576.jpeg 768w, https:\/\/uzisibalkaninak.com\/wp-content\/uploads\/2026\/04\/6-1536x1152.jpeg 1536w\" sizes=\"auto, (max-width: 1600px) 100vw, 1600px\" \/><\/a>\n\t\t\t<\/div><\/figure><figure class='gallery-item'>\n\t\t\t<div class='gallery-icon landscape'>\n\t\t\t\t<a href='https:\/\/uzisibalkaninak.com\/index.php\/2026\/04\/10\/o-mestecku-starigrad-paklenica\/77-15\/'><img loading=\"lazy\" decoding=\"async\" width=\"1600\" height=\"1200\" src=\"https:\/\/uzisibalkaninak.com\/wp-content\/uploads\/2026\/04\/77.jpeg\" class=\"attachment-full size-full\" alt=\"\" srcset=\"https:\/\/uzisibalkaninak.com\/wp-content\/uploads\/2026\/04\/77.jpeg 1600w, https:\/\/uzisibalkaninak.com\/wp-content\/uploads\/2026\/04\/77-300x225.jpeg 300w, https:\/\/uzisibalkaninak.com\/wp-content\/uploads\/2026\/04\/77-1024x768.jpeg 1024w, https:\/\/uzisibalkaninak.com\/wp-content\/uploads\/2026\/04\/77-768x576.jpeg 768w, https:\/\/uzisibalkaninak.com\/wp-content\/uploads\/2026\/04\/77-1536x1152.jpeg 1536w\" sizes=\"auto, (max-width: 1600px) 100vw, 1600px\" \/><\/a>\n\t\t\t<\/div><\/figure><figure class='gallery-item'>\n\t\t\t<div class='gallery-icon landscape'>\n\t\t\t\t<a href='https:\/\/uzisibalkaninak.com\/index.php\/2026\/04\/10\/o-mestecku-starigrad-paklenica\/60-17\/'><img loading=\"lazy\" decoding=\"async\" width=\"1600\" height=\"1200\" src=\"https:\/\/uzisibalkaninak.com\/wp-content\/uploads\/2026\/04\/60.jpeg\" class=\"attachment-full size-full\" alt=\"\" srcset=\"https:\/\/uzisibalkaninak.com\/wp-content\/uploads\/2026\/04\/60.jpeg 1600w, https:\/\/uzisibalkaninak.com\/wp-content\/uploads\/2026\/04\/60-300x225.jpeg 300w, https:\/\/uzisibalkaninak.com\/wp-content\/uploads\/2026\/04\/60-1024x768.jpeg 1024w, https:\/\/uzisibalkaninak.com\/wp-content\/uploads\/2026\/04\/60-768x576.jpeg 768w, https:\/\/uzisibalkaninak.com\/wp-content\/uploads\/2026\/04\/60-1536x1152.jpeg 1536w\" sizes=\"auto, (max-width: 1600px) 100vw, 1600px\" \/><\/a>\n\t\t\t<\/div><\/figure><figure class='gallery-item'>\n\t\t\t<div class='gallery-icon landscape'>\n\t\t\t\t<a href='https:\/\/uzisibalkaninak.com\/index.php\/2026\/04\/10\/o-mestecku-starigrad-paklenica\/69-17\/'><img loading=\"lazy\" decoding=\"async\" width=\"1600\" height=\"1200\" src=\"https:\/\/uzisibalkaninak.com\/wp-content\/uploads\/2026\/04\/69.jpeg\" class=\"attachment-full size-full\" alt=\"\" srcset=\"https:\/\/uzisibalkaninak.com\/wp-content\/uploads\/2026\/04\/69.jpeg 1600w, https:\/\/uzisibalkaninak.com\/wp-content\/uploads\/2026\/04\/69-300x225.jpeg 300w, https:\/\/uzisibalkaninak.com\/wp-content\/uploads\/2026\/04\/69-1024x768.jpeg 1024w, https:\/\/uzisibalkaninak.com\/wp-content\/uploads\/2026\/04\/69-768x576.jpeg 768w, https:\/\/uzisibalkaninak.com\/wp-content\/uploads\/2026\/04\/69-1536x1152.jpeg 1536w\" sizes=\"auto, (max-width: 1600px) 100vw, 1600px\" \/><\/a>\n\t\t\t<\/div><\/figure><figure class='gallery-item'>\n\t\t\t<div class='gallery-icon portrait'>\n\t\t\t\t<a href='https:\/\/uzisibalkaninak.com\/index.php\/2026\/04\/10\/o-mestecku-starigrad-paklenica\/7-23\/'><img loading=\"lazy\" decoding=\"async\" width=\"900\" height=\"1600\" src=\"https:\/\/uzisibalkaninak.com\/wp-content\/uploads\/2026\/04\/7.jpeg\" class=\"attachment-full size-full\" alt=\"\" srcset=\"https:\/\/uzisibalkaninak.com\/wp-content\/uploads\/2026\/04\/7.jpeg 900w, https:\/\/uzisibalkaninak.com\/wp-content\/uploads\/2026\/04\/7-169x300.jpeg 169w, https:\/\/uzisibalkaninak.com\/wp-content\/uploads\/2026\/04\/7-576x1024.jpeg 576w, https:\/\/uzisibalkaninak.com\/wp-content\/uploads\/2026\/04\/7-768x1365.jpeg 768w, https:\/\/uzisibalkaninak.com\/wp-content\/uploads\/2026\/04\/7-864x1536.jpeg 864w\" sizes=\"auto, (max-width: 900px) 100vw, 900px\" \/><\/a>\n\t\t\t<\/div><\/figure>\n\t\t<\/div>\n\n<p class=\"tm6\"><span class=\"tm7\">Toto mesto pon\u00faka v\u0161etko, \u010do potrebujem: nedotknut\u00fa pr\u00edrodu v okol\u00ed, pokoj (obzvl\u00e1\u0161\u0165 na jar a jese\u0148), modr\u00e9 more, tepl\u00e9 slnko a n\u00e1dych hist\u00f3rie.<\/span><\/p>\n<p>&nbsp;<\/p>\n<p class=\"tm6\" style=\"text-align: center;\"><strong><span class=\"tm7\">*Trochu z hist\u00f3rie*<\/span><\/strong><\/p>\n<p class=\"tm6\"><span class=\"tm7\">Hoci pobre\u017en\u00fd svah pohoria Velebit vyzer\u00e1 na prv\u00fd poh\u013ead neob\u00fdvate\u013en\u00fd, lokalita, kde dnes le\u017e\u00ed Starigrad a bl\u00edzka obec Seline, bola os\u00eddlen\u00e1 u\u017e od praveku. T\u00e1to oblas\u0165 je ob\u00fdvan\u00e1 u\u017e minim\u00e1lne desa\u0165tis\u00edc rokov.<\/span><\/p>\n<div id='gallery-2' class='gallery galleryid-2254 gallery-columns-1 gallery-size-full'><figure class='gallery-item'>\n\t\t\t<div class='gallery-icon landscape'>\n\t\t\t\t<a href='https:\/\/uzisibalkaninak.com\/index.php\/2026\/04\/10\/o-mestecku-starigrad-paklenica\/103-7\/'><img loading=\"lazy\" decoding=\"async\" width=\"1600\" height=\"1200\" src=\"https:\/\/uzisibalkaninak.com\/wp-content\/uploads\/2026\/04\/103.jpeg\" class=\"attachment-full size-full\" alt=\"\" srcset=\"https:\/\/uzisibalkaninak.com\/wp-content\/uploads\/2026\/04\/103.jpeg 1600w, https:\/\/uzisibalkaninak.com\/wp-content\/uploads\/2026\/04\/103-300x225.jpeg 300w, https:\/\/uzisibalkaninak.com\/wp-content\/uploads\/2026\/04\/103-1024x768.jpeg 1024w, https:\/\/uzisibalkaninak.com\/wp-content\/uploads\/2026\/04\/103-768x576.jpeg 768w, https:\/\/uzisibalkaninak.com\/wp-content\/uploads\/2026\/04\/103-1536x1152.jpeg 1536w\" sizes=\"auto, (max-width: 1600px) 100vw, 1600px\" \/><\/a>\n\t\t\t<\/div><\/figure><figure class='gallery-item'>\n\t\t\t<div class='gallery-icon landscape'>\n\t\t\t\t<a href='https:\/\/uzisibalkaninak.com\/index.php\/2026\/04\/10\/o-mestecku-starigrad-paklenica\/73-16\/'><img loading=\"lazy\" decoding=\"async\" width=\"1600\" height=\"1200\" src=\"https:\/\/uzisibalkaninak.com\/wp-content\/uploads\/2026\/04\/73.jpeg\" class=\"attachment-full size-full\" alt=\"\" srcset=\"https:\/\/uzisibalkaninak.com\/wp-content\/uploads\/2026\/04\/73.jpeg 1600w, https:\/\/uzisibalkaninak.com\/wp-content\/uploads\/2026\/04\/73-300x225.jpeg 300w, https:\/\/uzisibalkaninak.com\/wp-content\/uploads\/2026\/04\/73-1024x768.jpeg 1024w, https:\/\/uzisibalkaninak.com\/wp-content\/uploads\/2026\/04\/73-768x576.jpeg 768w, https:\/\/uzisibalkaninak.com\/wp-content\/uploads\/2026\/04\/73-1536x1152.jpeg 1536w\" sizes=\"auto, (max-width: 1600px) 100vw, 1600px\" \/><\/a>\n\t\t\t<\/div><\/figure><figure class='gallery-item'>\n\t\t\t<div class='gallery-icon landscape'>\n\t\t\t\t<a href='https:\/\/uzisibalkaninak.com\/index.php\/2026\/04\/10\/o-mestecku-starigrad-paklenica\/50-21\/'><img loading=\"lazy\" decoding=\"async\" width=\"1600\" height=\"1200\" src=\"https:\/\/uzisibalkaninak.com\/wp-content\/uploads\/2026\/04\/50.jpeg\" class=\"attachment-full size-full\" alt=\"\" srcset=\"https:\/\/uzisibalkaninak.com\/wp-content\/uploads\/2026\/04\/50.jpeg 1600w, https:\/\/uzisibalkaninak.com\/wp-content\/uploads\/2026\/04\/50-300x225.jpeg 300w, https:\/\/uzisibalkaninak.com\/wp-content\/uploads\/2026\/04\/50-1024x768.jpeg 1024w, https:\/\/uzisibalkaninak.com\/wp-content\/uploads\/2026\/04\/50-768x576.jpeg 768w, https:\/\/uzisibalkaninak.com\/wp-content\/uploads\/2026\/04\/50-1536x1152.jpeg 1536w\" sizes=\"auto, (max-width: 1600px) 100vw, 1600px\" \/><\/a>\n\t\t\t<\/div><\/figure><figure class='gallery-item'>\n\t\t\t<div class='gallery-icon landscape'>\n\t\t\t\t<a href='https:\/\/uzisibalkaninak.com\/index.php\/2026\/04\/10\/o-mestecku-starigrad-paklenica\/101-7\/'><img loading=\"lazy\" decoding=\"async\" width=\"1600\" height=\"1130\" src=\"https:\/\/uzisibalkaninak.com\/wp-content\/uploads\/2026\/04\/101.jpeg\" class=\"attachment-full size-full\" alt=\"\" srcset=\"https:\/\/uzisibalkaninak.com\/wp-content\/uploads\/2026\/04\/101.jpeg 1600w, https:\/\/uzisibalkaninak.com\/wp-content\/uploads\/2026\/04\/101-300x212.jpeg 300w, https:\/\/uzisibalkaninak.com\/wp-content\/uploads\/2026\/04\/101-1024x723.jpeg 1024w, https:\/\/uzisibalkaninak.com\/wp-content\/uploads\/2026\/04\/101-768x542.jpeg 768w, https:\/\/uzisibalkaninak.com\/wp-content\/uploads\/2026\/04\/101-1536x1085.jpeg 1536w\" sizes=\"auto, (max-width: 1600px) 100vw, 1600px\" \/><\/a>\n\t\t\t<\/div><\/figure>\n\t\t<\/div>\n\n<p class=\"tm6\"><span class=\"tm7\">Predpoklad\u00e1 sa, \u017ee t\u00fato oblas\u0165 ob\u00fdvali po\u010das poslednej doby \u013eadovej mal\u00e9 skupiny lovcov. Hladina mora bola vtedy o 120 m ni\u017e\u0161ia ako dnes. Cel\u00fd severn\u00fd Jadran bol v tom \u010dase rozsiahlou tr\u00e1vnatou planinou, kde sa p\u00e1sli st\u00e1da div\u00e9ho dobytka. Velebitsk\u00fd kan\u00e1l bol \u0161irok\u00fdm \u00fadol\u00edm, ktor\u00fdm tiekla rieka. A pohorie Velebit bolo chladn\u00e9 a nehostinn\u00e9, jeho najvy\u0161\u0161ie \u010dasti boli pokryt\u00e9 \u013eadovcami. Ke\u010f na konci doby \u013eadovej za\u010dala st\u00fapa\u0165 hladina mora, \u013eudia museli h\u013eada\u0165 nov\u00e9 sp\u00f4soby pre\u017eitia vo vy\u0161\u0161\u00edch, horsk\u00fdch oblastiach. Pr\u00e1ve z tohto obdobia poch\u00e1dzaj\u00fa najstar\u0161ie stopy \u013eudskej pr\u00edtomnosti na Velebite.<\/span><\/p>\n<div id='gallery-3' class='gallery galleryid-2254 gallery-columns-1 gallery-size-full'><figure class='gallery-item'>\n\t\t\t<div class='gallery-icon landscape'>\n\t\t\t\t<a href='https:\/\/uzisibalkaninak.com\/index.php\/2026\/04\/10\/o-mestecku-starigrad-paklenica\/3-23\/'><img loading=\"lazy\" decoding=\"async\" width=\"1600\" height=\"1200\" src=\"https:\/\/uzisibalkaninak.com\/wp-content\/uploads\/2026\/04\/3.jpeg\" class=\"attachment-full size-full\" alt=\"\" srcset=\"https:\/\/uzisibalkaninak.com\/wp-content\/uploads\/2026\/04\/3.jpeg 1600w, https:\/\/uzisibalkaninak.com\/wp-content\/uploads\/2026\/04\/3-300x225.jpeg 300w, https:\/\/uzisibalkaninak.com\/wp-content\/uploads\/2026\/04\/3-1024x768.jpeg 1024w, https:\/\/uzisibalkaninak.com\/wp-content\/uploads\/2026\/04\/3-768x576.jpeg 768w, https:\/\/uzisibalkaninak.com\/wp-content\/uploads\/2026\/04\/3-1536x1152.jpeg 1536w\" sizes=\"auto, (max-width: 1600px) 100vw, 1600px\" \/><\/a>\n\t\t\t<\/div><\/figure><figure class='gallery-item'>\n\t\t\t<div class='gallery-icon portrait'>\n\t\t\t\t<a href='https:\/\/uzisibalkaninak.com\/index.php\/2026\/04\/10\/o-mestecku-starigrad-paklenica\/46-20\/'><img loading=\"lazy\" decoding=\"async\" width=\"901\" height=\"1600\" src=\"https:\/\/uzisibalkaninak.com\/wp-content\/uploads\/2026\/04\/46.jpeg\" class=\"attachment-full size-full\" alt=\"\" srcset=\"https:\/\/uzisibalkaninak.com\/wp-content\/uploads\/2026\/04\/46.jpeg 901w, https:\/\/uzisibalkaninak.com\/wp-content\/uploads\/2026\/04\/46-169x300.jpeg 169w, https:\/\/uzisibalkaninak.com\/wp-content\/uploads\/2026\/04\/46-577x1024.jpeg 577w, https:\/\/uzisibalkaninak.com\/wp-content\/uploads\/2026\/04\/46-768x1364.jpeg 768w, https:\/\/uzisibalkaninak.com\/wp-content\/uploads\/2026\/04\/46-865x1536.jpeg 865w\" sizes=\"auto, (max-width: 901px) 100vw, 901px\" \/><\/a>\n\t\t\t<\/div><\/figure><figure class='gallery-item'>\n\t\t\t<div class='gallery-icon landscape'>\n\t\t\t\t<a href='https:\/\/uzisibalkaninak.com\/index.php\/2026\/04\/10\/o-mestecku-starigrad-paklenica\/9-23\/'><img loading=\"lazy\" decoding=\"async\" width=\"1600\" height=\"1200\" src=\"https:\/\/uzisibalkaninak.com\/wp-content\/uploads\/2026\/04\/9.jpeg\" class=\"attachment-full size-full\" alt=\"\" srcset=\"https:\/\/uzisibalkaninak.com\/wp-content\/uploads\/2026\/04\/9.jpeg 1600w, https:\/\/uzisibalkaninak.com\/wp-content\/uploads\/2026\/04\/9-300x225.jpeg 300w, https:\/\/uzisibalkaninak.com\/wp-content\/uploads\/2026\/04\/9-1024x768.jpeg 1024w, https:\/\/uzisibalkaninak.com\/wp-content\/uploads\/2026\/04\/9-768x576.jpeg 768w, https:\/\/uzisibalkaninak.com\/wp-content\/uploads\/2026\/04\/9-1536x1152.jpeg 1536w\" sizes=\"auto, (max-width: 1600px) 100vw, 1600px\" \/><\/a>\n\t\t\t<\/div><\/figure><figure class='gallery-item'>\n\t\t\t<div class='gallery-icon portrait'>\n\t\t\t\t<a href='https:\/\/uzisibalkaninak.com\/index.php\/2026\/04\/10\/o-mestecku-starigrad-paklenica\/19-23\/'><img loading=\"lazy\" decoding=\"async\" width=\"1200\" height=\"1600\" src=\"https:\/\/uzisibalkaninak.com\/wp-content\/uploads\/2026\/04\/19.jpeg\" class=\"attachment-full size-full\" alt=\"\" srcset=\"https:\/\/uzisibalkaninak.com\/wp-content\/uploads\/2026\/04\/19.jpeg 1200w, https:\/\/uzisibalkaninak.com\/wp-content\/uploads\/2026\/04\/19-225x300.jpeg 225w, https:\/\/uzisibalkaninak.com\/wp-content\/uploads\/2026\/04\/19-768x1024.jpeg 768w, https:\/\/uzisibalkaninak.com\/wp-content\/uploads\/2026\/04\/19-1152x1536.jpeg 1152w\" sizes=\"auto, (max-width: 1200px) 100vw, 1200px\" \/><\/a>\n\t\t\t<\/div><\/figure><figure class='gallery-item'>\n\t\t\t<div class='gallery-icon portrait'>\n\t\t\t\t<a href='https:\/\/uzisibalkaninak.com\/index.php\/2026\/04\/10\/o-mestecku-starigrad-paklenica\/22-23\/'><img loading=\"lazy\" decoding=\"async\" width=\"1474\" height=\"1600\" src=\"https:\/\/uzisibalkaninak.com\/wp-content\/uploads\/2026\/04\/22.jpeg\" class=\"attachment-full size-full\" alt=\"\" srcset=\"https:\/\/uzisibalkaninak.com\/wp-content\/uploads\/2026\/04\/22.jpeg 1474w, https:\/\/uzisibalkaninak.com\/wp-content\/uploads\/2026\/04\/22-276x300.jpeg 276w, https:\/\/uzisibalkaninak.com\/wp-content\/uploads\/2026\/04\/22-943x1024.jpeg 943w, https:\/\/uzisibalkaninak.com\/wp-content\/uploads\/2026\/04\/22-768x834.jpeg 768w, https:\/\/uzisibalkaninak.com\/wp-content\/uploads\/2026\/04\/22-1415x1536.jpeg 1415w\" sizes=\"auto, (max-width: 1474px) 100vw, 1474px\" \/><\/a>\n\t\t\t<\/div><\/figure><figure class='gallery-item'>\n\t\t\t<div class='gallery-icon portrait'>\n\t\t\t\t<a href='https:\/\/uzisibalkaninak.com\/index.php\/2026\/04\/10\/o-mestecku-starigrad-paklenica\/41-22\/'><img loading=\"lazy\" decoding=\"async\" width=\"1200\" height=\"1600\" src=\"https:\/\/uzisibalkaninak.com\/wp-content\/uploads\/2026\/04\/41.jpeg\" class=\"attachment-full size-full\" alt=\"\" srcset=\"https:\/\/uzisibalkaninak.com\/wp-content\/uploads\/2026\/04\/41.jpeg 1200w, https:\/\/uzisibalkaninak.com\/wp-content\/uploads\/2026\/04\/41-225x300.jpeg 225w, https:\/\/uzisibalkaninak.com\/wp-content\/uploads\/2026\/04\/41-768x1024.jpeg 768w, https:\/\/uzisibalkaninak.com\/wp-content\/uploads\/2026\/04\/41-1152x1536.jpeg 1152w\" sizes=\"auto, (max-width: 1200px) 100vw, 1200px\" \/><\/a>\n\t\t\t<\/div><\/figure><figure class='gallery-item'>\n\t\t\t<div class='gallery-icon portrait'>\n\t\t\t\t<a href='https:\/\/uzisibalkaninak.com\/index.php\/2026\/04\/10\/o-mestecku-starigrad-paklenica\/40-22\/'><img loading=\"lazy\" decoding=\"async\" width=\"1200\" height=\"1600\" src=\"https:\/\/uzisibalkaninak.com\/wp-content\/uploads\/2026\/04\/40.jpeg\" class=\"attachment-full size-full\" alt=\"\" srcset=\"https:\/\/uzisibalkaninak.com\/wp-content\/uploads\/2026\/04\/40.jpeg 1200w, https:\/\/uzisibalkaninak.com\/wp-content\/uploads\/2026\/04\/40-225x300.jpeg 225w, https:\/\/uzisibalkaninak.com\/wp-content\/uploads\/2026\/04\/40-768x1024.jpeg 768w, https:\/\/uzisibalkaninak.com\/wp-content\/uploads\/2026\/04\/40-1152x1536.jpeg 1152w\" sizes=\"auto, (max-width: 1200px) 100vw, 1200px\" \/><\/a>\n\t\t\t<\/div><\/figure><figure class='gallery-item'>\n\t\t\t<div class='gallery-icon landscape'>\n\t\t\t\t<a href='https:\/\/uzisibalkaninak.com\/index.php\/2026\/04\/10\/o-mestecku-starigrad-paklenica\/49-20\/'><img loading=\"lazy\" decoding=\"async\" width=\"1600\" height=\"1200\" src=\"https:\/\/uzisibalkaninak.com\/wp-content\/uploads\/2026\/04\/49.jpeg\" class=\"attachment-full size-full\" alt=\"\" srcset=\"https:\/\/uzisibalkaninak.com\/wp-content\/uploads\/2026\/04\/49.jpeg 1600w, https:\/\/uzisibalkaninak.com\/wp-content\/uploads\/2026\/04\/49-300x225.jpeg 300w, https:\/\/uzisibalkaninak.com\/wp-content\/uploads\/2026\/04\/49-1024x768.jpeg 1024w, https:\/\/uzisibalkaninak.com\/wp-content\/uploads\/2026\/04\/49-768x576.jpeg 768w, https:\/\/uzisibalkaninak.com\/wp-content\/uploads\/2026\/04\/49-1536x1152.jpeg 1536w\" sizes=\"auto, (max-width: 1600px) 100vw, 1600px\" \/><\/a>\n\t\t\t<\/div><\/figure><figure class='gallery-item'>\n\t\t\t<div class='gallery-icon portrait'>\n\t\t\t\t<a href='https:\/\/uzisibalkaninak.com\/index.php\/2026\/04\/10\/o-mestecku-starigrad-paklenica\/53-19\/'><img loading=\"lazy\" decoding=\"async\" width=\"1200\" height=\"1600\" src=\"https:\/\/uzisibalkaninak.com\/wp-content\/uploads\/2026\/04\/53.jpeg\" class=\"attachment-full size-full\" alt=\"\" srcset=\"https:\/\/uzisibalkaninak.com\/wp-content\/uploads\/2026\/04\/53.jpeg 1200w, https:\/\/uzisibalkaninak.com\/wp-content\/uploads\/2026\/04\/53-225x300.jpeg 225w, https:\/\/uzisibalkaninak.com\/wp-content\/uploads\/2026\/04\/53-768x1024.jpeg 768w, https:\/\/uzisibalkaninak.com\/wp-content\/uploads\/2026\/04\/53-1152x1536.jpeg 1152w\" sizes=\"auto, (max-width: 1200px) 100vw, 1200px\" \/><\/a>\n\t\t\t<\/div><\/figure><figure class='gallery-item'>\n\t\t\t<div class='gallery-icon portrait'>\n\t\t\t\t<a href='https:\/\/uzisibalkaninak.com\/index.php\/2026\/04\/10\/o-mestecku-starigrad-paklenica\/56-18\/'><img loading=\"lazy\" decoding=\"async\" width=\"1200\" height=\"1600\" src=\"https:\/\/uzisibalkaninak.com\/wp-content\/uploads\/2026\/04\/56.jpeg\" class=\"attachment-full size-full\" alt=\"\" srcset=\"https:\/\/uzisibalkaninak.com\/wp-content\/uploads\/2026\/04\/56.jpeg 1200w, https:\/\/uzisibalkaninak.com\/wp-content\/uploads\/2026\/04\/56-225x300.jpeg 225w, https:\/\/uzisibalkaninak.com\/wp-content\/uploads\/2026\/04\/56-768x1024.jpeg 768w, https:\/\/uzisibalkaninak.com\/wp-content\/uploads\/2026\/04\/56-1152x1536.jpeg 1152w\" sizes=\"auto, (max-width: 1200px) 100vw, 1200px\" \/><\/a>\n\t\t\t<\/div><\/figure><figure class='gallery-item'>\n\t\t\t<div class='gallery-icon portrait'>\n\t\t\t\t<a href='https:\/\/uzisibalkaninak.com\/index.php\/2026\/04\/10\/o-mestecku-starigrad-paklenica\/58-17\/'><img loading=\"lazy\" decoding=\"async\" width=\"1200\" height=\"1600\" src=\"https:\/\/uzisibalkaninak.com\/wp-content\/uploads\/2026\/04\/58.jpeg\" class=\"attachment-full size-full\" alt=\"\" srcset=\"https:\/\/uzisibalkaninak.com\/wp-content\/uploads\/2026\/04\/58.jpeg 1200w, https:\/\/uzisibalkaninak.com\/wp-content\/uploads\/2026\/04\/58-225x300.jpeg 225w, https:\/\/uzisibalkaninak.com\/wp-content\/uploads\/2026\/04\/58-768x1024.jpeg 768w, https:\/\/uzisibalkaninak.com\/wp-content\/uploads\/2026\/04\/58-1152x1536.jpeg 1152w\" sizes=\"auto, (max-width: 1200px) 100vw, 1200px\" \/><\/a>\n\t\t\t<\/div><\/figure><figure class='gallery-item'>\n\t\t\t<div class='gallery-icon portrait'>\n\t\t\t\t<a href='https:\/\/uzisibalkaninak.com\/index.php\/2026\/04\/10\/o-mestecku-starigrad-paklenica\/57-17\/'><img loading=\"lazy\" decoding=\"async\" width=\"1200\" height=\"1600\" src=\"https:\/\/uzisibalkaninak.com\/wp-content\/uploads\/2026\/04\/57.jpeg\" class=\"attachment-full size-full\" alt=\"\" srcset=\"https:\/\/uzisibalkaninak.com\/wp-content\/uploads\/2026\/04\/57.jpeg 1200w, https:\/\/uzisibalkaninak.com\/wp-content\/uploads\/2026\/04\/57-225x300.jpeg 225w, https:\/\/uzisibalkaninak.com\/wp-content\/uploads\/2026\/04\/57-768x1024.jpeg 768w, https:\/\/uzisibalkaninak.com\/wp-content\/uploads\/2026\/04\/57-1152x1536.jpeg 1152w\" sizes=\"auto, (max-width: 1200px) 100vw, 1200px\" \/><\/a>\n\t\t\t<\/div><\/figure><figure class='gallery-item'>\n\t\t\t<div class='gallery-icon landscape'>\n\t\t\t\t<a href='https:\/\/uzisibalkaninak.com\/index.php\/2026\/04\/10\/o-mestecku-starigrad-paklenica\/61-17\/'><img loading=\"lazy\" decoding=\"async\" width=\"1600\" height=\"1200\" src=\"https:\/\/uzisibalkaninak.com\/wp-content\/uploads\/2026\/04\/61.jpeg\" class=\"attachment-full size-full\" alt=\"\" srcset=\"https:\/\/uzisibalkaninak.com\/wp-content\/uploads\/2026\/04\/61.jpeg 1600w, https:\/\/uzisibalkaninak.com\/wp-content\/uploads\/2026\/04\/61-300x225.jpeg 300w, https:\/\/uzisibalkaninak.com\/wp-content\/uploads\/2026\/04\/61-1024x768.jpeg 1024w, https:\/\/uzisibalkaninak.com\/wp-content\/uploads\/2026\/04\/61-768x576.jpeg 768w, https:\/\/uzisibalkaninak.com\/wp-content\/uploads\/2026\/04\/61-1536x1152.jpeg 1536w\" sizes=\"auto, (max-width: 1600px) 100vw, 1600px\" \/><\/a>\n\t\t\t<\/div><\/figure>\n\t\t<\/div>\n\n<p class=\"tm6\"><span class=\"tm7\">Pred osemtis\u00edc rokmi sa na Jadrane objavili skupiny pastierov a ro\u013en\u00edkov. Prich\u00e1dzali po mori, v mal\u00fdch skupin\u00e1ch a so sebou priniesli p\u0161enicu, dom\u00e1ci dobytok a z\u00e1kladn\u00e9 vedomosti o ich chove. Tak sa na Velebite za\u010dal pastiersky \u017eivot, ktor\u00fd zostal doned\u00e1vna jednou z najd\u00f4le\u017eitej\u0161\u00edch hospod\u00e1rskych aktiv\u00edt. Pasienky boli roztr\u00fasen\u00e9 po hor\u00e1ch v r\u00f4znych nadmorsk\u00fdch v\u00fd\u0161kach, \u010do pon\u00fakalo mo\u017enos\u0165 ich sez\u00f3nneho vyu\u017eitia.<\/span><\/p>\n<div id='gallery-4' class='gallery galleryid-2254 gallery-columns-1 gallery-size-full'><figure class='gallery-item'>\n\t\t\t<div class='gallery-icon landscape'>\n\t\t\t\t<a href='https:\/\/uzisibalkaninak.com\/index.php\/2026\/04\/10\/o-mestecku-starigrad-paklenica\/85-13\/'><img loading=\"lazy\" decoding=\"async\" width=\"1600\" height=\"1200\" src=\"https:\/\/uzisibalkaninak.com\/wp-content\/uploads\/2026\/04\/85.jpeg\" class=\"attachment-full size-full\" alt=\"\" srcset=\"https:\/\/uzisibalkaninak.com\/wp-content\/uploads\/2026\/04\/85.jpeg 1600w, https:\/\/uzisibalkaninak.com\/wp-content\/uploads\/2026\/04\/85-300x225.jpeg 300w, https:\/\/uzisibalkaninak.com\/wp-content\/uploads\/2026\/04\/85-1024x768.jpeg 1024w, https:\/\/uzisibalkaninak.com\/wp-content\/uploads\/2026\/04\/85-768x576.jpeg 768w, https:\/\/uzisibalkaninak.com\/wp-content\/uploads\/2026\/04\/85-1536x1152.jpeg 1536w\" sizes=\"auto, (max-width: 1600px) 100vw, 1600px\" \/><\/a>\n\t\t\t<\/div><\/figure><figure class='gallery-item'>\n\t\t\t<div class='gallery-icon landscape'>\n\t\t\t\t<a href='https:\/\/uzisibalkaninak.com\/index.php\/2026\/04\/10\/o-mestecku-starigrad-paklenica\/116-5\/'><img loading=\"lazy\" decoding=\"async\" width=\"1600\" height=\"1200\" src=\"https:\/\/uzisibalkaninak.com\/wp-content\/uploads\/2026\/04\/116.jpeg\" class=\"attachment-full size-full\" alt=\"\" srcset=\"https:\/\/uzisibalkaninak.com\/wp-content\/uploads\/2026\/04\/116.jpeg 1600w, https:\/\/uzisibalkaninak.com\/wp-content\/uploads\/2026\/04\/116-300x225.jpeg 300w, https:\/\/uzisibalkaninak.com\/wp-content\/uploads\/2026\/04\/116-1024x768.jpeg 1024w, https:\/\/uzisibalkaninak.com\/wp-content\/uploads\/2026\/04\/116-768x576.jpeg 768w, https:\/\/uzisibalkaninak.com\/wp-content\/uploads\/2026\/04\/116-1536x1152.jpeg 1536w\" sizes=\"auto, (max-width: 1600px) 100vw, 1600px\" \/><\/a>\n\t\t\t<\/div><\/figure><figure class='gallery-item'>\n\t\t\t<div class='gallery-icon landscape'>\n\t\t\t\t<a href='https:\/\/uzisibalkaninak.com\/index.php\/2026\/04\/10\/o-mestecku-starigrad-paklenica\/82-13\/'><img loading=\"lazy\" decoding=\"async\" width=\"1600\" height=\"1200\" src=\"https:\/\/uzisibalkaninak.com\/wp-content\/uploads\/2026\/04\/82.jpeg\" class=\"attachment-full size-full\" alt=\"\" srcset=\"https:\/\/uzisibalkaninak.com\/wp-content\/uploads\/2026\/04\/82.jpeg 1600w, https:\/\/uzisibalkaninak.com\/wp-content\/uploads\/2026\/04\/82-300x225.jpeg 300w, https:\/\/uzisibalkaninak.com\/wp-content\/uploads\/2026\/04\/82-1024x768.jpeg 1024w, https:\/\/uzisibalkaninak.com\/wp-content\/uploads\/2026\/04\/82-768x576.jpeg 768w, https:\/\/uzisibalkaninak.com\/wp-content\/uploads\/2026\/04\/82-1536x1152.jpeg 1536w\" sizes=\"auto, (max-width: 1600px) 100vw, 1600px\" \/><\/a>\n\t\t\t<\/div><\/figure><figure class='gallery-item'>\n\t\t\t<div class='gallery-icon portrait'>\n\t\t\t\t<a href='https:\/\/uzisibalkaninak.com\/3-10\/'><img loading=\"lazy\" decoding=\"async\" width=\"1200\" height=\"1600\" src=\"https:\/\/uzisibalkaninak.com\/wp-content\/uploads\/2026\/03\/3-9.jpg\" class=\"attachment-full size-full\" alt=\"\" srcset=\"https:\/\/uzisibalkaninak.com\/wp-content\/uploads\/2026\/03\/3-9.jpg 1200w, https:\/\/uzisibalkaninak.com\/wp-content\/uploads\/2026\/03\/3-9-225x300.jpg 225w, https:\/\/uzisibalkaninak.com\/wp-content\/uploads\/2026\/03\/3-9-768x1024.jpg 768w, https:\/\/uzisibalkaninak.com\/wp-content\/uploads\/2026\/03\/3-9-1152x1536.jpg 1152w\" sizes=\"auto, (max-width: 1200px) 100vw, 1200px\" \/><\/a>\n\t\t\t<\/div><\/figure><figure class='gallery-item'>\n\t\t\t<div class='gallery-icon landscape'>\n\t\t\t\t<a href='https:\/\/uzisibalkaninak.com\/index.php\/2026\/04\/10\/o-mestecku-starigrad-paklenica\/117-5\/'><img loading=\"lazy\" decoding=\"async\" width=\"1600\" height=\"900\" src=\"https:\/\/uzisibalkaninak.com\/wp-content\/uploads\/2026\/04\/117.jpeg\" class=\"attachment-full size-full\" alt=\"\" srcset=\"https:\/\/uzisibalkaninak.com\/wp-content\/uploads\/2026\/04\/117.jpeg 1600w, https:\/\/uzisibalkaninak.com\/wp-content\/uploads\/2026\/04\/117-300x169.jpeg 300w, https:\/\/uzisibalkaninak.com\/wp-content\/uploads\/2026\/04\/117-1024x576.jpeg 1024w, https:\/\/uzisibalkaninak.com\/wp-content\/uploads\/2026\/04\/117-768x432.jpeg 768w, https:\/\/uzisibalkaninak.com\/wp-content\/uploads\/2026\/04\/117-1536x864.jpeg 1536w\" sizes=\"auto, (max-width: 1600px) 100vw, 1600px\" \/><\/a>\n\t\t\t<\/div><\/figure>\n\t\t<\/div>\n\n<p class=\"tm6\"><span class=\"tm7\">Doba bronzov\u00e1 priniesla \u017eivot v po\u010detnej\u0161\u00edch komunit\u00e1ch a v\u00fdstavbu prv\u00fdch budov. Mnoh\u00e9 strategicky d\u00f4le\u017eit\u00e9 body na skalnat\u00fdch v\u00fdbe\u017ekoch boli opevnen\u00e9 hradbami &#8211; tak\u00e9to opevnenia sa naz\u00fdvaj\u00fa hradiskami a mali obrann\u00fa \u00falohu. Dnes s\u00fa u\u017e zni\u010den\u00e9. Zn\u00e1me boli hradisk\u00e1 nad dne\u0161n\u00fdmi Modri\u010dom, Seline, Starigradom a Milovcom, ktor\u00e9 chr\u00e1nili ve\u013ek\u00fa plochu \u00farodn\u00fdch pol\u00ed v tejto \u010dasti pobre\u017eia. Okolo hrad\u00edsk sa nach\u00e1dzali hroby miestnych panovn\u00edkov z doby bronzovej a \u017eeleznej, ktor\u00ed vl\u00e1dli v tomto regi\u00f3ne. V\u00e4\u010d\u0161ina moh\u00fdl bola u\u017e d\u00e1vno rozkopan\u00e1 a hroby boli vyplienen\u00e9.<\/span><\/p>\n<p class=\"tm6\"><span class=\"tm7\">Po\u010das posledn\u00fdch dvoch storo\u010d\u00ed pred Kristom bolo v\u00fdchodn\u00e9 pobre\u017eie Jadranu postupne obsadzovan\u00e9 r\u00edmskymi vojskami. Na za\u010diatku 1. storo\u010dia n\u00e1\u0161ho letopo\u010dtu vznikla r\u00edmska provincia Dalm\u00e1cia. A pr\u00e1ve v tomto \u010dase bol zalo\u017een\u00fd Starigrad, v tom \u010dase r\u00edmske Argyruntum, ktor\u00e9 sa r\u00fdchlo vyvinulo na d\u00f4le\u017eit\u00e9 obchodn\u00e9 centrum. Mesto v \u010dase trvania \u201er\u00edmskeho mieru\u201c prosperovalo. \u017divot v meste \u201evymrel\u201c na za\u010diatku 4. storo\u010dia, ke\u010f sa za\u010dali vp\u00e1dy \u201ebarbarsk\u00fdch\u201c n\u00e1rodov.<\/span><\/p>\n<p class=\"tm6\"><span class=\"tm7\">Stredovek sa niesol v znamen\u00ed \u201eVe\u013ek\u00e9ho s\u0165ahovania n\u00e1rodov\u201c. A pr\u00e1ve toto sa stalo obdob\u00edm pr\u00edchodu Chorv\u00e1tov do Dalm\u00e1cie. Najstar\u0161ou zachovanou stopou ich pr\u00edtomnosti je kostol sv. Juraja v Rovanjskej (postaven\u00fd v 9. &#8211; 10. storo\u010d\u00ed). V Starigrade je podobnou stopou kostol Sv. Petra.<\/span><\/p>\n<p class=\"tm6\"><span class=\"tm7\">Nasledovali dve storo\u010dia vojen s Turkami, v d\u00f4sledku ktor\u00fdch podhorie Velebitu ve\u013emi utrpelo a spustlo. Turci v roku 1527 obsadili Liku a vn\u00fatrozemie Dalm\u00e1cie, ako aj mesto Obrovac na rieke Zrmanja. O nie\u010do nesk\u00f4r aj ve\u013ek\u00fa \u010das\u0165 Ravni Kotari. Po tom, ako prenikli do Novigradsk\u00e9ho mora, bolo \u00faplne preru\u0161en\u00e9 pozemn\u00e9 spojenie medzi severnou a ju\u017enou \u010das\u0165ou Chorv\u00e1tska. T\u00fdm sa pobre\u017en\u00fd svah Velebitu (vr\u00e1tane Starigradu) zmenil na \u201ezem nikoho\u201c a stal sa dejiskom \u010dast\u00fdch vojensk\u00fdch oper\u00e1ci\u00ed a n\u00e1jazdov. Tento stav trval pribli\u017ene 150 rokov. Ke\u010f tureck\u00e1 moc oslabla, za\u010dali ben\u00e1tske \u00farady os\u00edd\u013eova\u0165 opusten\u00fd Starigrad u\u017e od roku 1671. Do konca 17. storo\u010dia bolo takmer cel\u00e9 predhorie znovu os\u00eddlen\u00e9. V roku 1700 sa Turci defin\u00edtvne stiahli a predhorie ju\u017en\u00e9ho Velebitu sa stalo s\u00fa\u010das\u0165ou ben\u00e1tskej Dalm\u00e1cie.<\/span><\/p>\n<p class=\"tm6\"><span class=\"tm7\">Nesk\u00f4r Dalm\u00e1ciu po\u010das kr\u00e1tkeho obdobia ovl\u00e1dali Franc\u00fazi (1806 &#8211; 1814), a v roku 1815 sa stala s\u00fa\u010das\u0165ou Rak\u00fasko-Uhorska (do roku 1918).<\/span><\/p>\n<p>&nbsp;<\/p>\n<p class=\"tm6\" style=\"text-align: center;\"><strong><span class=\"tm7\">*Moje postrehy \u263a *<\/span><\/strong><\/p>\n<p class=\"tm6\"><span class=\"tm7\">Centrum Starigradu, kde sa nach\u00e1dza v\u00e4\u010d\u0161ina kaviarni\u010diek, re\u0161taur\u00e1ci\u00ed a aj historick\u00fdch pamiatok je vymedzen\u00e9 priestorom medzi n\u00e1mest\u00edm Stjepana Radi\u0107a a bo\u010dn\u00fdmi ulicami Sv. Jurja a Stjepana Bu\u0161ljete. Ide o pobre\u017en\u00fa z\u00f3nu s pr\u00edstavom.<\/span><\/p>\n<div id='gallery-5' class='gallery galleryid-2254 gallery-columns-1 gallery-size-full'><figure class='gallery-item'>\n\t\t\t<div class='gallery-icon portrait'>\n\t\t\t\t<a href='https:\/\/uzisibalkaninak.com\/index.php\/2026\/04\/10\/o-mestecku-starigrad-paklenica\/48-21\/'><img loading=\"lazy\" decoding=\"async\" width=\"1229\" height=\"1600\" src=\"https:\/\/uzisibalkaninak.com\/wp-content\/uploads\/2026\/04\/48.jpeg\" class=\"attachment-full size-full\" alt=\"\" srcset=\"https:\/\/uzisibalkaninak.com\/wp-content\/uploads\/2026\/04\/48.jpeg 1229w, https:\/\/uzisibalkaninak.com\/wp-content\/uploads\/2026\/04\/48-230x300.jpeg 230w, https:\/\/uzisibalkaninak.com\/wp-content\/uploads\/2026\/04\/48-787x1024.jpeg 787w, https:\/\/uzisibalkaninak.com\/wp-content\/uploads\/2026\/04\/48-768x1000.jpeg 768w, https:\/\/uzisibalkaninak.com\/wp-content\/uploads\/2026\/04\/48-1180x1536.jpeg 1180w\" sizes=\"auto, (max-width: 1229px) 100vw, 1229px\" \/><\/a>\n\t\t\t<\/div><\/figure><figure class='gallery-item'>\n\t\t\t<div class='gallery-icon portrait'>\n\t\t\t\t<a href='https:\/\/uzisibalkaninak.com\/index.php\/2026\/04\/10\/o-mestecku-starigrad-paklenica\/62-16\/'><img loading=\"lazy\" decoding=\"async\" width=\"1200\" height=\"1600\" src=\"https:\/\/uzisibalkaninak.com\/wp-content\/uploads\/2026\/04\/62.jpeg\" class=\"attachment-full size-full\" alt=\"\" srcset=\"https:\/\/uzisibalkaninak.com\/wp-content\/uploads\/2026\/04\/62.jpeg 1200w, https:\/\/uzisibalkaninak.com\/wp-content\/uploads\/2026\/04\/62-225x300.jpeg 225w, https:\/\/uzisibalkaninak.com\/wp-content\/uploads\/2026\/04\/62-768x1024.jpeg 768w, https:\/\/uzisibalkaninak.com\/wp-content\/uploads\/2026\/04\/62-1152x1536.jpeg 1152w\" sizes=\"auto, (max-width: 1200px) 100vw, 1200px\" \/><\/a>\n\t\t\t<\/div><\/figure><figure class='gallery-item'>\n\t\t\t<div class='gallery-icon landscape'>\n\t\t\t\t<a href='https:\/\/uzisibalkaninak.com\/index.php\/2026\/04\/10\/o-mestecku-starigrad-paklenica\/51-21\/'><img loading=\"lazy\" decoding=\"async\" width=\"1600\" height=\"1200\" src=\"https:\/\/uzisibalkaninak.com\/wp-content\/uploads\/2026\/04\/51.jpeg\" class=\"attachment-full size-full\" alt=\"\" srcset=\"https:\/\/uzisibalkaninak.com\/wp-content\/uploads\/2026\/04\/51.jpeg 1600w, https:\/\/uzisibalkaninak.com\/wp-content\/uploads\/2026\/04\/51-300x225.jpeg 300w, https:\/\/uzisibalkaninak.com\/wp-content\/uploads\/2026\/04\/51-1024x768.jpeg 1024w, https:\/\/uzisibalkaninak.com\/wp-content\/uploads\/2026\/04\/51-768x576.jpeg 768w, https:\/\/uzisibalkaninak.com\/wp-content\/uploads\/2026\/04\/51-1536x1152.jpeg 1536w\" sizes=\"auto, (max-width: 1600px) 100vw, 1600px\" \/><\/a>\n\t\t\t<\/div><\/figure>\n\t\t<\/div>\n\n<p class=\"tm6\"><span class=\"tm7\">Ak p\u00f4jdete od n\u00e1mestia po ulici Sv. Jurja pribli\u017ene 700 metrov, tak pr\u00eddete k informa\u010dnej tabuli, ktor\u00e1 informuje o r\u00edmskom meste Argyruntum na mieste dne\u0161n\u00e9ho Starigradu.<\/span><\/p>\n<div id='gallery-6' class='gallery galleryid-2254 gallery-columns-1 gallery-size-full'><figure class='gallery-item'>\n\t\t\t<div class='gallery-icon portrait'>\n\t\t\t\t<a href='https:\/\/uzisibalkaninak.com\/index.php\/2026\/04\/10\/o-mestecku-starigrad-paklenica\/64-17\/'><img loading=\"lazy\" decoding=\"async\" width=\"1200\" height=\"1600\" src=\"https:\/\/uzisibalkaninak.com\/wp-content\/uploads\/2026\/04\/64.jpeg\" class=\"attachment-full size-full\" alt=\"\" aria-describedby=\"gallery-6-2296\" srcset=\"https:\/\/uzisibalkaninak.com\/wp-content\/uploads\/2026\/04\/64.jpeg 1200w, https:\/\/uzisibalkaninak.com\/wp-content\/uploads\/2026\/04\/64-225x300.jpeg 225w, https:\/\/uzisibalkaninak.com\/wp-content\/uploads\/2026\/04\/64-768x1024.jpeg 768w, https:\/\/uzisibalkaninak.com\/wp-content\/uploads\/2026\/04\/64-1152x1536.jpeg 1152w\" sizes=\"auto, (max-width: 1200px) 100vw, 1200px\" \/><\/a>\n\t\t\t<\/div>\n\t\t\t\t<figcaption class='wp-caption-text gallery-caption' id='gallery-6-2296'>\n\t\t\t\tZ r\u00edmskych \u010dias&#8230;\n\t\t\t\t<\/figcaption><\/figure>\n\t\t<\/div>\n\n<p class=\"tm6\"><span class=\"tm7\">Ak sa oto\u010d\u00edte chrbtom k informa\u010dnej tabuli, tak uvid\u00edte star\u00fd cintor\u00edn s ruinami kostol\u00edka. Prejdite sa po \u0148om a sk\u00faste prec\u00edti\u0165 magick\u00fa auru vy\u017earuj\u00facu z tohto miesta.<\/span><\/p>\n<div id='gallery-7' class='gallery galleryid-2254 gallery-columns-1 gallery-size-full'><figure class='gallery-item'>\n\t\t\t<div class='gallery-icon landscape'>\n\t\t\t\t<a href='https:\/\/uzisibalkaninak.com\/index.php\/2026\/04\/10\/o-mestecku-starigrad-paklenica\/67-17\/'><img loading=\"lazy\" decoding=\"async\" width=\"1600\" height=\"1200\" src=\"https:\/\/uzisibalkaninak.com\/wp-content\/uploads\/2026\/04\/67.jpeg\" class=\"attachment-full size-full\" alt=\"\" srcset=\"https:\/\/uzisibalkaninak.com\/wp-content\/uploads\/2026\/04\/67.jpeg 1600w, https:\/\/uzisibalkaninak.com\/wp-content\/uploads\/2026\/04\/67-300x225.jpeg 300w, https:\/\/uzisibalkaninak.com\/wp-content\/uploads\/2026\/04\/67-1024x768.jpeg 1024w, https:\/\/uzisibalkaninak.com\/wp-content\/uploads\/2026\/04\/67-768x576.jpeg 768w, https:\/\/uzisibalkaninak.com\/wp-content\/uploads\/2026\/04\/67-1536x1152.jpeg 1536w\" sizes=\"auto, (max-width: 1600px) 100vw, 1600px\" \/><\/a>\n\t\t\t<\/div><\/figure><figure class='gallery-item'>\n\t\t\t<div class='gallery-icon landscape'>\n\t\t\t\t<a href='https:\/\/uzisibalkaninak.com\/index.php\/2026\/04\/10\/o-mestecku-starigrad-paklenica\/63-17\/'><img loading=\"lazy\" decoding=\"async\" width=\"1600\" height=\"1200\" src=\"https:\/\/uzisibalkaninak.com\/wp-content\/uploads\/2026\/04\/63.jpeg\" class=\"attachment-full size-full\" alt=\"\" srcset=\"https:\/\/uzisibalkaninak.com\/wp-content\/uploads\/2026\/04\/63.jpeg 1600w, https:\/\/uzisibalkaninak.com\/wp-content\/uploads\/2026\/04\/63-300x225.jpeg 300w, https:\/\/uzisibalkaninak.com\/wp-content\/uploads\/2026\/04\/63-1024x768.jpeg 1024w, https:\/\/uzisibalkaninak.com\/wp-content\/uploads\/2026\/04\/63-768x576.jpeg 768w, https:\/\/uzisibalkaninak.com\/wp-content\/uploads\/2026\/04\/63-1536x1152.jpeg 1536w\" sizes=\"auto, (max-width: 1600px) 100vw, 1600px\" \/><\/a>\n\t\t\t<\/div><\/figure><figure class='gallery-item'>\n\t\t\t<div class='gallery-icon landscape'>\n\t\t\t\t<a href='https:\/\/uzisibalkaninak.com\/index.php\/2026\/04\/10\/o-mestecku-starigrad-paklenica\/66-17\/'><img loading=\"lazy\" decoding=\"async\" width=\"1600\" height=\"1200\" src=\"https:\/\/uzisibalkaninak.com\/wp-content\/uploads\/2026\/04\/66.jpeg\" class=\"attachment-full size-full\" alt=\"\" srcset=\"https:\/\/uzisibalkaninak.com\/wp-content\/uploads\/2026\/04\/66.jpeg 1600w, https:\/\/uzisibalkaninak.com\/wp-content\/uploads\/2026\/04\/66-300x225.jpeg 300w, https:\/\/uzisibalkaninak.com\/wp-content\/uploads\/2026\/04\/66-1024x768.jpeg 1024w, https:\/\/uzisibalkaninak.com\/wp-content\/uploads\/2026\/04\/66-768x576.jpeg 768w, https:\/\/uzisibalkaninak.com\/wp-content\/uploads\/2026\/04\/66-1536x1152.jpeg 1536w\" sizes=\"auto, (max-width: 1600px) 100vw, 1600px\" \/><\/a>\n\t\t\t<\/div><\/figure><figure class='gallery-item'>\n\t\t\t<div class='gallery-icon landscape'>\n\t\t\t\t<a href='https:\/\/uzisibalkaninak.com\/index.php\/2026\/04\/10\/o-mestecku-starigrad-paklenica\/65-17\/'><img loading=\"lazy\" decoding=\"async\" width=\"1600\" height=\"1200\" src=\"https:\/\/uzisibalkaninak.com\/wp-content\/uploads\/2026\/04\/65.jpeg\" class=\"attachment-full size-full\" alt=\"\" srcset=\"https:\/\/uzisibalkaninak.com\/wp-content\/uploads\/2026\/04\/65.jpeg 1600w, https:\/\/uzisibalkaninak.com\/wp-content\/uploads\/2026\/04\/65-300x225.jpeg 300w, https:\/\/uzisibalkaninak.com\/wp-content\/uploads\/2026\/04\/65-1024x768.jpeg 1024w, https:\/\/uzisibalkaninak.com\/wp-content\/uploads\/2026\/04\/65-768x576.jpeg 768w, https:\/\/uzisibalkaninak.com\/wp-content\/uploads\/2026\/04\/65-1536x1152.jpeg 1536w\" sizes=\"auto, (max-width: 1600px) 100vw, 1600px\" \/><\/a>\n\t\t\t<\/div><\/figure>\n\t\t<\/div>\n\n<p class=\"tm6\"><span class=\"tm7\">Potom pokra\u010dujte po ulici Sv. Jurja po pobre\u017e\u00ed asi 100 metrov a pr\u00eddete ku kostolu Sv. Juraja. Tento kostol bol postaven\u00fd v roku 1850 a aj v s\u00fa\u010dasnosti sa v \u0148om sl\u00fa\u017eia bohoslu\u017eby.<\/span><\/p>\n<div id='gallery-8' class='gallery galleryid-2254 gallery-columns-1 gallery-size-full'><figure class='gallery-item'>\n\t\t\t<div class='gallery-icon portrait'>\n\t\t\t\t<a href='https:\/\/uzisibalkaninak.com\/index.php\/2026\/04\/10\/o-mestecku-starigrad-paklenica\/59-16\/'><img loading=\"lazy\" decoding=\"async\" width=\"1200\" height=\"1600\" src=\"https:\/\/uzisibalkaninak.com\/wp-content\/uploads\/2026\/04\/59.jpeg\" class=\"attachment-full size-full\" alt=\"\" srcset=\"https:\/\/uzisibalkaninak.com\/wp-content\/uploads\/2026\/04\/59.jpeg 1200w, https:\/\/uzisibalkaninak.com\/wp-content\/uploads\/2026\/04\/59-225x300.jpeg 225w, https:\/\/uzisibalkaninak.com\/wp-content\/uploads\/2026\/04\/59-768x1024.jpeg 768w, https:\/\/uzisibalkaninak.com\/wp-content\/uploads\/2026\/04\/59-1152x1536.jpeg 1152w\" sizes=\"auto, (max-width: 1200px) 100vw, 1200px\" \/><\/a>\n\t\t\t<\/div><\/figure>\n\t\t<\/div>\n\n<p class=\"tm6\"><span class=\"tm7\">Pokia\u013e pokra\u010dujete \u010falej po tej istej ulici a\u017e na jej koniec (kde sa prech\u00e1dza na ulicu Franje Tudmana), prejdete popri viacer\u00fdch miestach vhodn\u00fdch na k\u00fapanie v mori, ako aj popri mojej ob\u013e\u00fabenej re\u0161taur\u00e1cii Dalmacija, kde si na dezert ur\u010dite nezabudnite da\u0165 vynikaj\u00facu \u010dokol\u00e1dov\u00fa tortu \u263a .<\/span><\/p>\n<div id='gallery-9' class='gallery galleryid-2254 gallery-columns-1 gallery-size-full'><figure class='gallery-item'>\n\t\t\t<div class='gallery-icon portrait'>\n\t\t\t\t<a href='https:\/\/uzisibalkaninak.com\/index.php\/2026\/04\/10\/o-mestecku-starigrad-paklenica\/23-23\/'><img loading=\"lazy\" decoding=\"async\" width=\"900\" height=\"1600\" src=\"https:\/\/uzisibalkaninak.com\/wp-content\/uploads\/2026\/04\/23.jpeg\" class=\"attachment-full size-full\" alt=\"\" srcset=\"https:\/\/uzisibalkaninak.com\/wp-content\/uploads\/2026\/04\/23.jpeg 900w, https:\/\/uzisibalkaninak.com\/wp-content\/uploads\/2026\/04\/23-169x300.jpeg 169w, https:\/\/uzisibalkaninak.com\/wp-content\/uploads\/2026\/04\/23-576x1024.jpeg 576w, https:\/\/uzisibalkaninak.com\/wp-content\/uploads\/2026\/04\/23-768x1365.jpeg 768w, https:\/\/uzisibalkaninak.com\/wp-content\/uploads\/2026\/04\/23-864x1536.jpeg 864w\" sizes=\"auto, (max-width: 900px) 100vw, 900px\" \/><\/a>\n\t\t\t<\/div><\/figure><figure class='gallery-item'>\n\t\t\t<div class='gallery-icon portrait'>\n\t\t\t\t<a href='https:\/\/uzisibalkaninak.com\/index.php\/2026\/04\/10\/o-mestecku-starigrad-paklenica\/55-19\/'><img loading=\"lazy\" decoding=\"async\" width=\"1200\" height=\"1600\" src=\"https:\/\/uzisibalkaninak.com\/wp-content\/uploads\/2026\/04\/55.jpeg\" class=\"attachment-full size-full\" alt=\"\" srcset=\"https:\/\/uzisibalkaninak.com\/wp-content\/uploads\/2026\/04\/55.jpeg 1200w, https:\/\/uzisibalkaninak.com\/wp-content\/uploads\/2026\/04\/55-225x300.jpeg 225w, https:\/\/uzisibalkaninak.com\/wp-content\/uploads\/2026\/04\/55-768x1024.jpeg 768w, https:\/\/uzisibalkaninak.com\/wp-content\/uploads\/2026\/04\/55-1152x1536.jpeg 1152w\" sizes=\"auto, (max-width: 1200px) 100vw, 1200px\" \/><\/a>\n\t\t\t<\/div><\/figure><figure class='gallery-item'>\n\t\t\t<div class='gallery-icon portrait'>\n\t\t\t\t<a href='https:\/\/uzisibalkaninak.com\/index.php\/2026\/04\/10\/o-mestecku-starigrad-paklenica\/54-19\/'><img loading=\"lazy\" decoding=\"async\" width=\"1200\" height=\"1600\" src=\"https:\/\/uzisibalkaninak.com\/wp-content\/uploads\/2026\/04\/54.jpeg\" class=\"attachment-full size-full\" alt=\"\" srcset=\"https:\/\/uzisibalkaninak.com\/wp-content\/uploads\/2026\/04\/54.jpeg 1200w, https:\/\/uzisibalkaninak.com\/wp-content\/uploads\/2026\/04\/54-225x300.jpeg 225w, https:\/\/uzisibalkaninak.com\/wp-content\/uploads\/2026\/04\/54-768x1024.jpeg 768w, https:\/\/uzisibalkaninak.com\/wp-content\/uploads\/2026\/04\/54-1152x1536.jpeg 1152w\" sizes=\"auto, (max-width: 1200px) 100vw, 1200px\" \/><\/a>\n\t\t\t<\/div><\/figure><figure class='gallery-item'>\n\t\t\t<div class='gallery-icon portrait'>\n\t\t\t\t<a href='https:\/\/uzisibalkaninak.com\/index.php\/2026\/04\/10\/o-mestecku-starigrad-paklenica\/139-3\/'><img loading=\"lazy\" decoding=\"async\" width=\"1200\" height=\"1600\" src=\"https:\/\/uzisibalkaninak.com\/wp-content\/uploads\/2026\/04\/139.jpeg\" class=\"attachment-full size-full\" alt=\"\" srcset=\"https:\/\/uzisibalkaninak.com\/wp-content\/uploads\/2026\/04\/139.jpeg 1200w, https:\/\/uzisibalkaninak.com\/wp-content\/uploads\/2026\/04\/139-225x300.jpeg 225w, https:\/\/uzisibalkaninak.com\/wp-content\/uploads\/2026\/04\/139-768x1024.jpeg 768w, https:\/\/uzisibalkaninak.com\/wp-content\/uploads\/2026\/04\/139-1152x1536.jpeg 1152w\" sizes=\"auto, (max-width: 1200px) 100vw, 1200px\" \/><\/a>\n\t\t\t<\/div><\/figure><figure class='gallery-item'>\n\t\t\t<div class='gallery-icon portrait'>\n\t\t\t\t<a href='https:\/\/uzisibalkaninak.com\/index.php\/2026\/04\/10\/o-mestecku-starigrad-paklenica\/20220413_163409\/'><img loading=\"lazy\" decoding=\"async\" width=\"1920\" height=\"2560\" src=\"https:\/\/uzisibalkaninak.com\/wp-content\/uploads\/2026\/04\/20220413_163409-scaled.jpg\" class=\"attachment-full size-full\" alt=\"\" srcset=\"https:\/\/uzisibalkaninak.com\/wp-content\/uploads\/2026\/04\/20220413_163409-scaled.jpg 1920w, https:\/\/uzisibalkaninak.com\/wp-content\/uploads\/2026\/04\/20220413_163409-225x300.jpg 225w, https:\/\/uzisibalkaninak.com\/wp-content\/uploads\/2026\/04\/20220413_163409-768x1024.jpg 768w, https:\/\/uzisibalkaninak.com\/wp-content\/uploads\/2026\/04\/20220413_163409-1152x1536.jpg 1152w, https:\/\/uzisibalkaninak.com\/wp-content\/uploads\/2026\/04\/20220413_163409-1536x2048.jpg 1536w\" sizes=\"auto, (max-width: 1920px) 100vw, 1920px\" \/><\/a>\n\t\t\t<\/div><\/figure>\n\t\t<\/div>\n\n<p class=\"tm6\"><span class=\"tm7\">Na mieste, kde sa stret\u00e1vaj\u00fa ulica Sv. Jurja a ulica Franje Tudmana sa nach\u00e1dza m\u00f4j ob\u013e\u00faben\u00fd cafebar B &amp; T, kde si po\u010das prech\u00e1dzok po Starigrade zvyknem da\u0165 k\u00e1vi\u010dku alebo \u201eto\u010den\u00e9\u201c pivo.<\/span><\/p>\n<div id='gallery-10' class='gallery galleryid-2254 gallery-columns-1 gallery-size-full'><figure class='gallery-item'>\n\t\t\t<div class='gallery-icon portrait'>\n\t\t\t\t<a href='https:\/\/uzisibalkaninak.com\/index.php\/2026\/04\/10\/o-mestecku-starigrad-paklenica\/70-17\/'><img loading=\"lazy\" decoding=\"async\" width=\"1200\" height=\"1600\" src=\"https:\/\/uzisibalkaninak.com\/wp-content\/uploads\/2026\/04\/70.jpeg\" class=\"attachment-full size-full\" alt=\"\" srcset=\"https:\/\/uzisibalkaninak.com\/wp-content\/uploads\/2026\/04\/70.jpeg 1200w, https:\/\/uzisibalkaninak.com\/wp-content\/uploads\/2026\/04\/70-225x300.jpeg 225w, https:\/\/uzisibalkaninak.com\/wp-content\/uploads\/2026\/04\/70-768x1024.jpeg 768w, https:\/\/uzisibalkaninak.com\/wp-content\/uploads\/2026\/04\/70-1152x1536.jpeg 1152w\" sizes=\"auto, (max-width: 1200px) 100vw, 1200px\" \/><\/a>\n\t\t\t<\/div><\/figure><figure class='gallery-item'>\n\t\t\t<div class='gallery-icon portrait'>\n\t\t\t\t<a href='https:\/\/uzisibalkaninak.com\/index.php\/2026\/04\/10\/o-mestecku-starigrad-paklenica\/1-25\/'><img loading=\"lazy\" decoding=\"async\" width=\"1200\" height=\"1600\" src=\"https:\/\/uzisibalkaninak.com\/wp-content\/uploads\/2026\/04\/1.jpeg\" class=\"attachment-full size-full\" alt=\"\" srcset=\"https:\/\/uzisibalkaninak.com\/wp-content\/uploads\/2026\/04\/1.jpeg 1200w, https:\/\/uzisibalkaninak.com\/wp-content\/uploads\/2026\/04\/1-225x300.jpeg 225w, https:\/\/uzisibalkaninak.com\/wp-content\/uploads\/2026\/04\/1-768x1024.jpeg 768w, https:\/\/uzisibalkaninak.com\/wp-content\/uploads\/2026\/04\/1-1152x1536.jpeg 1152w\" sizes=\"auto, (max-width: 1200px) 100vw, 1200px\" \/><\/a>\n\t\t\t<\/div><\/figure>\n\t\t<\/div>\n\n<p class=\"tm6\"><span class=\"tm7\">Odpor\u00fa\u010dam pokra\u010dova\u0165 po ulici Tudmana smerom na obec Seline a pri vstupe do kempu zahn\u00fa\u0165 doprava a \u010falej \u00eds\u0165 po pobre\u017e\u00ed. Dostanete sa na pl\u00e1\u017ee, ktor\u00e9 patria k rezortu Bluesun Hotel Alan. Pozor, tak\u00fato prech\u00e1dzku v\u00e1m dovolia len k\u00fdm nie je ofici\u00e1lna sez\u00f3na! Ak sa chcete prejs\u0165 po\u010das sez\u00f3ny, tak pri vstupe do kempu pokra\u010dujte \u010falej po ulici Tudmana a doprava zahnite a\u017e po tom ako miniete are\u00e1l hotela, hne\u010f za supermarketom Tommy a cho\u010fte rovno k moru.<\/span><\/p>\n<div id='gallery-11' class='gallery galleryid-2254 gallery-columns-1 gallery-size-full'><figure class='gallery-item'>\n\t\t\t<div class='gallery-icon portrait'>\n\t\t\t\t<a href='https:\/\/uzisibalkaninak.com\/index.php\/2026\/04\/10\/o-mestecku-starigrad-paklenica\/8-23\/'><img loading=\"lazy\" decoding=\"async\" width=\"1200\" height=\"1600\" src=\"https:\/\/uzisibalkaninak.com\/wp-content\/uploads\/2026\/04\/8.jpeg\" class=\"attachment-full size-full\" alt=\"\" srcset=\"https:\/\/uzisibalkaninak.com\/wp-content\/uploads\/2026\/04\/8.jpeg 1200w, https:\/\/uzisibalkaninak.com\/wp-content\/uploads\/2026\/04\/8-225x300.jpeg 225w, https:\/\/uzisibalkaninak.com\/wp-content\/uploads\/2026\/04\/8-768x1024.jpeg 768w, https:\/\/uzisibalkaninak.com\/wp-content\/uploads\/2026\/04\/8-1152x1536.jpeg 1152w\" sizes=\"auto, (max-width: 1200px) 100vw, 1200px\" \/><\/a>\n\t\t\t<\/div><\/figure><figure class='gallery-item'>\n\t\t\t<div class='gallery-icon portrait'>\n\t\t\t\t<a href='https:\/\/uzisibalkaninak.com\/index.php\/2026\/04\/10\/o-mestecku-starigrad-paklenica\/21-24\/'><img loading=\"lazy\" decoding=\"async\" width=\"1200\" height=\"1599\" src=\"https:\/\/uzisibalkaninak.com\/wp-content\/uploads\/2026\/04\/21.jpeg\" class=\"attachment-full size-full\" alt=\"\" srcset=\"https:\/\/uzisibalkaninak.com\/wp-content\/uploads\/2026\/04\/21.jpeg 1200w, https:\/\/uzisibalkaninak.com\/wp-content\/uploads\/2026\/04\/21-225x300.jpeg 225w, https:\/\/uzisibalkaninak.com\/wp-content\/uploads\/2026\/04\/21-768x1023.jpeg 768w, https:\/\/uzisibalkaninak.com\/wp-content\/uploads\/2026\/04\/21-1153x1536.jpeg 1153w\" sizes=\"auto, (max-width: 1200px) 100vw, 1200px\" \/><\/a>\n\t\t\t<\/div><\/figure><figure class='gallery-item'>\n\t\t\t<div class='gallery-icon landscape'>\n\t\t\t\t<a href='https:\/\/uzisibalkaninak.com\/index.php\/2026\/04\/10\/o-mestecku-starigrad-paklenica\/24-23\/'><img loading=\"lazy\" decoding=\"async\" width=\"1600\" height=\"900\" src=\"https:\/\/uzisibalkaninak.com\/wp-content\/uploads\/2026\/04\/24.jpeg\" class=\"attachment-full size-full\" alt=\"\" srcset=\"https:\/\/uzisibalkaninak.com\/wp-content\/uploads\/2026\/04\/24.jpeg 1600w, https:\/\/uzisibalkaninak.com\/wp-content\/uploads\/2026\/04\/24-300x169.jpeg 300w, https:\/\/uzisibalkaninak.com\/wp-content\/uploads\/2026\/04\/24-1024x576.jpeg 1024w, https:\/\/uzisibalkaninak.com\/wp-content\/uploads\/2026\/04\/24-768x432.jpeg 768w, https:\/\/uzisibalkaninak.com\/wp-content\/uploads\/2026\/04\/24-1536x864.jpeg 1536w\" sizes=\"auto, (max-width: 1600px) 100vw, 1600px\" \/><\/a>\n\t\t\t<\/div><\/figure><figure class='gallery-item'>\n\t\t\t<div class='gallery-icon landscape'>\n\t\t\t\t<a href='https:\/\/uzisibalkaninak.com\/index.php\/2026\/04\/10\/o-mestecku-starigrad-paklenica\/26-23\/'><img loading=\"lazy\" decoding=\"async\" width=\"1600\" height=\"1200\" src=\"https:\/\/uzisibalkaninak.com\/wp-content\/uploads\/2026\/04\/26.jpeg\" class=\"attachment-full size-full\" alt=\"\" srcset=\"https:\/\/uzisibalkaninak.com\/wp-content\/uploads\/2026\/04\/26.jpeg 1600w, https:\/\/uzisibalkaninak.com\/wp-content\/uploads\/2026\/04\/26-300x225.jpeg 300w, https:\/\/uzisibalkaninak.com\/wp-content\/uploads\/2026\/04\/26-1024x768.jpeg 1024w, https:\/\/uzisibalkaninak.com\/wp-content\/uploads\/2026\/04\/26-768x576.jpeg 768w, https:\/\/uzisibalkaninak.com\/wp-content\/uploads\/2026\/04\/26-1536x1152.jpeg 1536w\" sizes=\"auto, (max-width: 1600px) 100vw, 1600px\" \/><\/a>\n\t\t\t<\/div><\/figure><figure class='gallery-item'>\n\t\t\t<div class='gallery-icon landscape'>\n\t\t\t\t<a href='https:\/\/uzisibalkaninak.com\/index.php\/2026\/04\/10\/o-mestecku-starigrad-paklenica\/30-23\/'><img loading=\"lazy\" decoding=\"async\" width=\"1600\" height=\"900\" src=\"https:\/\/uzisibalkaninak.com\/wp-content\/uploads\/2026\/04\/30.jpeg\" class=\"attachment-full size-full\" alt=\"\" srcset=\"https:\/\/uzisibalkaninak.com\/wp-content\/uploads\/2026\/04\/30.jpeg 1600w, https:\/\/uzisibalkaninak.com\/wp-content\/uploads\/2026\/04\/30-300x169.jpeg 300w, https:\/\/uzisibalkaninak.com\/wp-content\/uploads\/2026\/04\/30-1024x576.jpeg 1024w, https:\/\/uzisibalkaninak.com\/wp-content\/uploads\/2026\/04\/30-768x432.jpeg 768w, https:\/\/uzisibalkaninak.com\/wp-content\/uploads\/2026\/04\/30-1536x864.jpeg 1536w\" sizes=\"auto, (max-width: 1600px) 100vw, 1600px\" \/><\/a>\n\t\t\t<\/div><\/figure><figure class='gallery-item'>\n\t\t\t<div class='gallery-icon portrait'>\n\t\t\t\t<a href='https:\/\/uzisibalkaninak.com\/index.php\/2026\/04\/10\/o-mestecku-starigrad-paklenica\/27-22\/'><img loading=\"lazy\" decoding=\"async\" width=\"1200\" height=\"1600\" src=\"https:\/\/uzisibalkaninak.com\/wp-content\/uploads\/2026\/04\/27.jpeg\" class=\"attachment-full size-full\" alt=\"\" srcset=\"https:\/\/uzisibalkaninak.com\/wp-content\/uploads\/2026\/04\/27.jpeg 1200w, https:\/\/uzisibalkaninak.com\/wp-content\/uploads\/2026\/04\/27-225x300.jpeg 225w, https:\/\/uzisibalkaninak.com\/wp-content\/uploads\/2026\/04\/27-768x1024.jpeg 768w, https:\/\/uzisibalkaninak.com\/wp-content\/uploads\/2026\/04\/27-1152x1536.jpeg 1152w\" sizes=\"auto, (max-width: 1200px) 100vw, 1200px\" \/><\/a>\n\t\t\t<\/div><\/figure><figure class='gallery-item'>\n\t\t\t<div class='gallery-icon portrait'>\n\t\t\t\t<a href='https:\/\/uzisibalkaninak.com\/index.php\/2026\/04\/10\/o-mestecku-starigrad-paklenica\/29-23\/'><img loading=\"lazy\" decoding=\"async\" width=\"1200\" height=\"1600\" src=\"https:\/\/uzisibalkaninak.com\/wp-content\/uploads\/2026\/04\/29.jpeg\" class=\"attachment-full size-full\" alt=\"\" srcset=\"https:\/\/uzisibalkaninak.com\/wp-content\/uploads\/2026\/04\/29.jpeg 1200w, https:\/\/uzisibalkaninak.com\/wp-content\/uploads\/2026\/04\/29-225x300.jpeg 225w, https:\/\/uzisibalkaninak.com\/wp-content\/uploads\/2026\/04\/29-768x1024.jpeg 768w, https:\/\/uzisibalkaninak.com\/wp-content\/uploads\/2026\/04\/29-1152x1536.jpeg 1152w\" sizes=\"auto, (max-width: 1200px) 100vw, 1200px\" \/><\/a>\n\t\t\t<\/div><\/figure><figure class='gallery-item'>\n\t\t\t<div class='gallery-icon portrait'>\n\t\t\t\t<a href='https:\/\/uzisibalkaninak.com\/index.php\/2026\/04\/10\/o-mestecku-starigrad-paklenica\/38-23\/'><img loading=\"lazy\" decoding=\"async\" width=\"1200\" height=\"1600\" src=\"https:\/\/uzisibalkaninak.com\/wp-content\/uploads\/2026\/04\/38.jpeg\" class=\"attachment-full size-full\" alt=\"\" srcset=\"https:\/\/uzisibalkaninak.com\/wp-content\/uploads\/2026\/04\/38.jpeg 1200w, https:\/\/uzisibalkaninak.com\/wp-content\/uploads\/2026\/04\/38-225x300.jpeg 225w, https:\/\/uzisibalkaninak.com\/wp-content\/uploads\/2026\/04\/38-768x1024.jpeg 768w, https:\/\/uzisibalkaninak.com\/wp-content\/uploads\/2026\/04\/38-1152x1536.jpeg 1152w\" sizes=\"auto, (max-width: 1200px) 100vw, 1200px\" \/><\/a>\n\t\t\t<\/div><\/figure>\n\t\t<\/div>\n\n<p class=\"tm6\"><span class=\"tm7\">Pr\u00eddete na pl\u00e1\u017e, kde sa ve\u013emi rada k\u00fapem. Odpor\u00fa\u010dam pokra\u010dova\u0165 \u010falej po pobre\u017e\u00ed smerom k Seline a u\u017e z\u010faleka uvid\u00edte siluetu ru\u00edn ve\u017ee, ktor\u00e1 sa vol\u00e1 Ve\u010dka kula (v preklade \u201eve\u013ek\u00e1 ve\u017ea\u201c). Toto opevnenie postavili Ben\u00e1t\u010dania v 16. storo\u010d\u00ed na obranu pred Turkami. Po\u010das tureck\u00fdch \u00fatokov mala ve\u017ea ve\u013ek\u00fd strategick\u00fd v\u00fdznam pri kontrole plavby lod\u00ed vo Velebitskom kan\u00e1li. Archel\u00f3govia predpokladaj\u00fa, \u017ee ve\u017ea mala tri poschodia. O ve\u017ei sa rozpr\u00e1va ve\u013ea legiend, z ktor\u00fdch najzauj\u00edmavej\u0161ia je o kr\u00e1\u013eovi Pasoglavovi (Psia hlava).<\/span><\/p>\n<div id='gallery-12' class='gallery galleryid-2254 gallery-columns-1 gallery-size-full'><figure class='gallery-item'>\n\t\t\t<div class='gallery-icon portrait'>\n\t\t\t\t<a href='https:\/\/uzisibalkaninak.com\/index.php\/2026\/04\/10\/o-mestecku-starigrad-paklenica\/10-23\/'><img loading=\"lazy\" decoding=\"async\" width=\"1200\" height=\"1600\" src=\"https:\/\/uzisibalkaninak.com\/wp-content\/uploads\/2026\/04\/10.jpeg\" class=\"attachment-full size-full\" alt=\"\" srcset=\"https:\/\/uzisibalkaninak.com\/wp-content\/uploads\/2026\/04\/10.jpeg 1200w, https:\/\/uzisibalkaninak.com\/wp-content\/uploads\/2026\/04\/10-225x300.jpeg 225w, https:\/\/uzisibalkaninak.com\/wp-content\/uploads\/2026\/04\/10-768x1024.jpeg 768w, https:\/\/uzisibalkaninak.com\/wp-content\/uploads\/2026\/04\/10-1152x1536.jpeg 1152w\" sizes=\"auto, (max-width: 1200px) 100vw, 1200px\" \/><\/a>\n\t\t\t<\/div><\/figure><figure class='gallery-item'>\n\t\t\t<div class='gallery-icon portrait'>\n\t\t\t\t<a href='https:\/\/uzisibalkaninak.com\/index.php\/2026\/04\/10\/o-mestecku-starigrad-paklenica\/11-22\/'><img loading=\"lazy\" decoding=\"async\" width=\"900\" height=\"1600\" src=\"https:\/\/uzisibalkaninak.com\/wp-content\/uploads\/2026\/04\/11.jpeg\" class=\"attachment-full size-full\" alt=\"\" srcset=\"https:\/\/uzisibalkaninak.com\/wp-content\/uploads\/2026\/04\/11.jpeg 900w, https:\/\/uzisibalkaninak.com\/wp-content\/uploads\/2026\/04\/11-169x300.jpeg 169w, https:\/\/uzisibalkaninak.com\/wp-content\/uploads\/2026\/04\/11-576x1024.jpeg 576w, https:\/\/uzisibalkaninak.com\/wp-content\/uploads\/2026\/04\/11-768x1365.jpeg 768w, https:\/\/uzisibalkaninak.com\/wp-content\/uploads\/2026\/04\/11-864x1536.jpeg 864w\" sizes=\"auto, (max-width: 900px) 100vw, 900px\" \/><\/a>\n\t\t\t<\/div><\/figure><figure class='gallery-item'>\n\t\t\t<div class='gallery-icon portrait'>\n\t\t\t\t<a href='https:\/\/uzisibalkaninak.com\/index.php\/2026\/04\/10\/o-mestecku-starigrad-paklenica\/128-4\/'><img loading=\"lazy\" decoding=\"async\" width=\"900\" height=\"1600\" src=\"https:\/\/uzisibalkaninak.com\/wp-content\/uploads\/2026\/04\/128.jpeg\" class=\"attachment-full size-full\" alt=\"\" srcset=\"https:\/\/uzisibalkaninak.com\/wp-content\/uploads\/2026\/04\/128.jpeg 900w, https:\/\/uzisibalkaninak.com\/wp-content\/uploads\/2026\/04\/128-169x300.jpeg 169w, https:\/\/uzisibalkaninak.com\/wp-content\/uploads\/2026\/04\/128-576x1024.jpeg 576w, https:\/\/uzisibalkaninak.com\/wp-content\/uploads\/2026\/04\/128-768x1365.jpeg 768w, https:\/\/uzisibalkaninak.com\/wp-content\/uploads\/2026\/04\/128-864x1536.jpeg 864w\" sizes=\"auto, (max-width: 900px) 100vw, 900px\" \/><\/a>\n\t\t\t<\/div><\/figure><figure class='gallery-item'>\n\t\t\t<div class='gallery-icon portrait'>\n\t\t\t\t<a href='https:\/\/uzisibalkaninak.com\/index.php\/2026\/04\/10\/o-mestecku-starigrad-paklenica\/12-23\/'><img loading=\"lazy\" decoding=\"async\" width=\"900\" height=\"1600\" src=\"https:\/\/uzisibalkaninak.com\/wp-content\/uploads\/2026\/04\/12.jpeg\" class=\"attachment-full size-full\" alt=\"\" srcset=\"https:\/\/uzisibalkaninak.com\/wp-content\/uploads\/2026\/04\/12.jpeg 900w, https:\/\/uzisibalkaninak.com\/wp-content\/uploads\/2026\/04\/12-169x300.jpeg 169w, https:\/\/uzisibalkaninak.com\/wp-content\/uploads\/2026\/04\/12-576x1024.jpeg 576w, https:\/\/uzisibalkaninak.com\/wp-content\/uploads\/2026\/04\/12-768x1365.jpeg 768w, https:\/\/uzisibalkaninak.com\/wp-content\/uploads\/2026\/04\/12-864x1536.jpeg 864w\" sizes=\"auto, (max-width: 900px) 100vw, 900px\" \/><\/a>\n\t\t\t<\/div><\/figure><figure class='gallery-item'>\n\t\t\t<div class='gallery-icon portrait'>\n\t\t\t\t<a href='https:\/\/uzisibalkaninak.com\/index.php\/2026\/04\/10\/o-mestecku-starigrad-paklenica\/43-23\/'><img loading=\"lazy\" decoding=\"async\" width=\"1200\" height=\"1600\" src=\"https:\/\/uzisibalkaninak.com\/wp-content\/uploads\/2026\/04\/43.jpeg\" class=\"attachment-full size-full\" alt=\"\" srcset=\"https:\/\/uzisibalkaninak.com\/wp-content\/uploads\/2026\/04\/43.jpeg 1200w, https:\/\/uzisibalkaninak.com\/wp-content\/uploads\/2026\/04\/43-225x300.jpeg 225w, https:\/\/uzisibalkaninak.com\/wp-content\/uploads\/2026\/04\/43-768x1024.jpeg 768w, https:\/\/uzisibalkaninak.com\/wp-content\/uploads\/2026\/04\/43-1152x1536.jpeg 1152w\" sizes=\"auto, (max-width: 1200px) 100vw, 1200px\" \/><\/a>\n\t\t\t<\/div><\/figure><figure class='gallery-item'>\n\t\t\t<div class='gallery-icon portrait'>\n\t\t\t\t<a href='https:\/\/uzisibalkaninak.com\/index.php\/2026\/04\/10\/o-mestecku-starigrad-paklenica\/129-4\/'><img loading=\"lazy\" decoding=\"async\" width=\"900\" height=\"1600\" src=\"https:\/\/uzisibalkaninak.com\/wp-content\/uploads\/2026\/04\/129.jpeg\" class=\"attachment-full size-full\" alt=\"\" srcset=\"https:\/\/uzisibalkaninak.com\/wp-content\/uploads\/2026\/04\/129.jpeg 900w, https:\/\/uzisibalkaninak.com\/wp-content\/uploads\/2026\/04\/129-169x300.jpeg 169w, https:\/\/uzisibalkaninak.com\/wp-content\/uploads\/2026\/04\/129-576x1024.jpeg 576w, https:\/\/uzisibalkaninak.com\/wp-content\/uploads\/2026\/04\/129-768x1365.jpeg 768w, https:\/\/uzisibalkaninak.com\/wp-content\/uploads\/2026\/04\/129-864x1536.jpeg 864w\" sizes=\"auto, (max-width: 900px) 100vw, 900px\" \/><\/a>\n\t\t\t<\/div><\/figure><figure class='gallery-item'>\n\t\t\t<div class='gallery-icon portrait'>\n\t\t\t\t<a href='https:\/\/uzisibalkaninak.com\/index.php\/2026\/04\/10\/o-mestecku-starigrad-paklenica\/44-23\/'><img loading=\"lazy\" decoding=\"async\" width=\"895\" height=\"1600\" src=\"https:\/\/uzisibalkaninak.com\/wp-content\/uploads\/2026\/04\/44.jpeg\" class=\"attachment-full size-full\" alt=\"\" srcset=\"https:\/\/uzisibalkaninak.com\/wp-content\/uploads\/2026\/04\/44.jpeg 895w, https:\/\/uzisibalkaninak.com\/wp-content\/uploads\/2026\/04\/44-168x300.jpeg 168w, https:\/\/uzisibalkaninak.com\/wp-content\/uploads\/2026\/04\/44-573x1024.jpeg 573w, https:\/\/uzisibalkaninak.com\/wp-content\/uploads\/2026\/04\/44-768x1373.jpeg 768w, https:\/\/uzisibalkaninak.com\/wp-content\/uploads\/2026\/04\/44-859x1536.jpeg 859w\" sizes=\"auto, (max-width: 895px) 100vw, 895px\" \/><\/a>\n\t\t\t<\/div><\/figure><figure class='gallery-item'>\n\t\t\t<div class='gallery-icon portrait'>\n\t\t\t\t<a href='https:\/\/uzisibalkaninak.com\/index.php\/2026\/04\/10\/o-mestecku-starigrad-paklenica\/130-4\/'><img loading=\"lazy\" decoding=\"async\" width=\"900\" height=\"1600\" src=\"https:\/\/uzisibalkaninak.com\/wp-content\/uploads\/2026\/04\/130.jpeg\" class=\"attachment-full size-full\" alt=\"\" srcset=\"https:\/\/uzisibalkaninak.com\/wp-content\/uploads\/2026\/04\/130.jpeg 900w, https:\/\/uzisibalkaninak.com\/wp-content\/uploads\/2026\/04\/130-169x300.jpeg 169w, https:\/\/uzisibalkaninak.com\/wp-content\/uploads\/2026\/04\/130-576x1024.jpeg 576w, https:\/\/uzisibalkaninak.com\/wp-content\/uploads\/2026\/04\/130-768x1365.jpeg 768w, https:\/\/uzisibalkaninak.com\/wp-content\/uploads\/2026\/04\/130-864x1536.jpeg 864w\" sizes=\"auto, (max-width: 900px) 100vw, 900px\" \/><\/a>\n\t\t\t<\/div><\/figure>\n\t\t<\/div>\n\n<p class=\"tm6\"><span class=\"tm7\">Pod\u013ea legendy kedysi ob\u00fdval Ve\u010dku kulu kr\u00e1\u013e Pasoglav , ktor\u00fd mal \u013eudsk\u00e9 telo a psiu hlavu. V\u017edy ho holil in\u00fd mlad\u00edk, nako\u013eko kr\u00e1\u013e ka\u017ed\u00e9ho, kto ho holil a videl, dal popravi\u0165, aby jeho tajomstvo nevy\u0161lo najavo. Matka jedn\u00e9ho z mlad\u00edkov, ktor\u00fd mal \u00eds\u0165 kr\u00e1\u013ea oholi\u0165, vymyslela sp\u00f4sob ako svojho syna zachr\u00e1ni\u0165. Zamiesila chlieb so svoj\u00edm mliekom a dala ho synovi, aby ho pon\u00fakol kr\u00e1\u013eovi. Kr\u00e1\u013e po holen\u00ed chlieb zjedol a potom mu mlad\u00edk povedal, \u017ee chlieb obsahoval aj mlieko jeho matky. Ke\u010f\u017ee sa stali bratmi v\u010faka mlieku mlad\u00edkovej matky, kr\u00e1\u013e sa ho rozhodol pusti\u0165, ale prik\u00e1zal mu, aby nikomu neprezradil tajomstvo o psej hlave.<\/span><\/p>\n<p class=\"tm6\"><span class=\"tm7\">Mlad\u00edk tajomstvo dlho dr\u017eal v sebe, ale nakoniec sa ho rozhodol zveri\u0165 zemi. Vykopal jamu, zohol sa a za\u0161epkal tajomstvo. Zo zeme nesk\u00f4r vyr\u00e1stla baza, z ktorej si ist\u00fd pastier vyrobil p\u00ed\u0161\u0165alku. Ke\u010f na nej za\u010dal hra\u0165, ozvali sa slov\u00e1: \u201eN\u00e1\u0161 kr\u00e1\u013e m\u00e1 psiu hlavu\u201c. Tajomstvo sa roz\u0161\u00edrilo a kr\u00e1\u013e Pasoglav ostal neoholen\u00fd a v samote a\u017e do svojej smrti, zatia\u013e \u010do mlad\u00ed mu\u017ei sa u\u017e nemuseli ob\u00e1va\u0165 smrti v kr\u00e1\u013eovskej pevnosti.<\/span><\/p>\n<div id='gallery-13' class='gallery galleryid-2254 gallery-columns-1 gallery-size-full'><figure class='gallery-item'>\n\t\t\t<div class='gallery-icon portrait'>\n\t\t\t\t<a href='https:\/\/uzisibalkaninak.com\/index.php\/2026\/04\/10\/o-mestecku-starigrad-paklenica\/14-22\/'><img loading=\"lazy\" decoding=\"async\" width=\"900\" height=\"1600\" src=\"https:\/\/uzisibalkaninak.com\/wp-content\/uploads\/2026\/04\/14.jpeg\" class=\"attachment-full size-full\" alt=\"\" srcset=\"https:\/\/uzisibalkaninak.com\/wp-content\/uploads\/2026\/04\/14.jpeg 900w, https:\/\/uzisibalkaninak.com\/wp-content\/uploads\/2026\/04\/14-169x300.jpeg 169w, https:\/\/uzisibalkaninak.com\/wp-content\/uploads\/2026\/04\/14-576x1024.jpeg 576w, https:\/\/uzisibalkaninak.com\/wp-content\/uploads\/2026\/04\/14-768x1365.jpeg 768w, https:\/\/uzisibalkaninak.com\/wp-content\/uploads\/2026\/04\/14-864x1536.jpeg 864w\" sizes=\"auto, (max-width: 900px) 100vw, 900px\" \/><\/a>\n\t\t\t<\/div><\/figure><figure class='gallery-item'>\n\t\t\t<div class='gallery-icon portrait'>\n\t\t\t\t<a href='https:\/\/uzisibalkaninak.com\/index.php\/2026\/04\/10\/o-mestecku-starigrad-paklenica\/134-3\/'><img loading=\"lazy\" decoding=\"async\" width=\"899\" height=\"1599\" src=\"https:\/\/uzisibalkaninak.com\/wp-content\/uploads\/2026\/04\/134.jpeg\" class=\"attachment-full size-full\" alt=\"\" srcset=\"https:\/\/uzisibalkaninak.com\/wp-content\/uploads\/2026\/04\/134.jpeg 899w, https:\/\/uzisibalkaninak.com\/wp-content\/uploads\/2026\/04\/134-169x300.jpeg 169w, https:\/\/uzisibalkaninak.com\/wp-content\/uploads\/2026\/04\/134-576x1024.jpeg 576w, https:\/\/uzisibalkaninak.com\/wp-content\/uploads\/2026\/04\/134-768x1366.jpeg 768w, https:\/\/uzisibalkaninak.com\/wp-content\/uploads\/2026\/04\/134-864x1536.jpeg 864w\" sizes=\"auto, (max-width: 899px) 100vw, 899px\" \/><\/a>\n\t\t\t<\/div><\/figure><figure class='gallery-item'>\n\t\t\t<div class='gallery-icon portrait'>\n\t\t\t\t<a href='https:\/\/uzisibalkaninak.com\/index.php\/2026\/04\/10\/o-mestecku-starigrad-paklenica\/16-23\/'><img loading=\"lazy\" decoding=\"async\" width=\"900\" height=\"1600\" src=\"https:\/\/uzisibalkaninak.com\/wp-content\/uploads\/2026\/04\/16.jpeg\" class=\"attachment-full size-full\" alt=\"\" srcset=\"https:\/\/uzisibalkaninak.com\/wp-content\/uploads\/2026\/04\/16.jpeg 900w, https:\/\/uzisibalkaninak.com\/wp-content\/uploads\/2026\/04\/16-169x300.jpeg 169w, https:\/\/uzisibalkaninak.com\/wp-content\/uploads\/2026\/04\/16-576x1024.jpeg 576w, https:\/\/uzisibalkaninak.com\/wp-content\/uploads\/2026\/04\/16-768x1365.jpeg 768w, https:\/\/uzisibalkaninak.com\/wp-content\/uploads\/2026\/04\/16-864x1536.jpeg 864w\" sizes=\"auto, (max-width: 900px) 100vw, 900px\" \/><\/a>\n\t\t\t<\/div><\/figure><figure class='gallery-item'>\n\t\t\t<div class='gallery-icon portrait'>\n\t\t\t\t<a href='https:\/\/uzisibalkaninak.com\/index.php\/2026\/04\/10\/o-mestecku-starigrad-paklenica\/15-23\/'><img loading=\"lazy\" decoding=\"async\" width=\"900\" height=\"1600\" src=\"https:\/\/uzisibalkaninak.com\/wp-content\/uploads\/2026\/04\/15.jpeg\" class=\"attachment-full size-full\" alt=\"\" srcset=\"https:\/\/uzisibalkaninak.com\/wp-content\/uploads\/2026\/04\/15.jpeg 900w, https:\/\/uzisibalkaninak.com\/wp-content\/uploads\/2026\/04\/15-169x300.jpeg 169w, https:\/\/uzisibalkaninak.com\/wp-content\/uploads\/2026\/04\/15-576x1024.jpeg 576w, https:\/\/uzisibalkaninak.com\/wp-content\/uploads\/2026\/04\/15-768x1365.jpeg 768w, https:\/\/uzisibalkaninak.com\/wp-content\/uploads\/2026\/04\/15-864x1536.jpeg 864w\" sizes=\"auto, (max-width: 900px) 100vw, 900px\" \/><\/a>\n\t\t\t<\/div><\/figure><figure class='gallery-item'>\n\t\t\t<div class='gallery-icon portrait'>\n\t\t\t\t<a href='https:\/\/uzisibalkaninak.com\/index.php\/2026\/04\/10\/o-mestecku-starigrad-paklenica\/31-23\/'><img loading=\"lazy\" decoding=\"async\" width=\"1200\" height=\"1600\" src=\"https:\/\/uzisibalkaninak.com\/wp-content\/uploads\/2026\/04\/31.jpeg\" class=\"attachment-full size-full\" alt=\"\" srcset=\"https:\/\/uzisibalkaninak.com\/wp-content\/uploads\/2026\/04\/31.jpeg 1200w, https:\/\/uzisibalkaninak.com\/wp-content\/uploads\/2026\/04\/31-225x300.jpeg 225w, https:\/\/uzisibalkaninak.com\/wp-content\/uploads\/2026\/04\/31-768x1024.jpeg 768w, https:\/\/uzisibalkaninak.com\/wp-content\/uploads\/2026\/04\/31-1152x1536.jpeg 1152w\" sizes=\"auto, (max-width: 1200px) 100vw, 1200px\" \/><\/a>\n\t\t\t<\/div><\/figure><figure class='gallery-item'>\n\t\t\t<div class='gallery-icon portrait'>\n\t\t\t\t<a href='https:\/\/uzisibalkaninak.com\/index.php\/2026\/04\/10\/o-mestecku-starigrad-paklenica\/32-23\/'><img loading=\"lazy\" decoding=\"async\" width=\"1200\" height=\"1600\" src=\"https:\/\/uzisibalkaninak.com\/wp-content\/uploads\/2026\/04\/32.jpeg\" class=\"attachment-full size-full\" alt=\"\" srcset=\"https:\/\/uzisibalkaninak.com\/wp-content\/uploads\/2026\/04\/32.jpeg 1200w, https:\/\/uzisibalkaninak.com\/wp-content\/uploads\/2026\/04\/32-225x300.jpeg 225w, https:\/\/uzisibalkaninak.com\/wp-content\/uploads\/2026\/04\/32-768x1024.jpeg 768w, https:\/\/uzisibalkaninak.com\/wp-content\/uploads\/2026\/04\/32-1152x1536.jpeg 1152w\" sizes=\"auto, (max-width: 1200px) 100vw, 1200px\" \/><\/a>\n\t\t\t<\/div><\/figure>\n\t\t<\/div>\n\n<p class=\"tm6\"><span class=\"tm7\">Miesto, kde sa nach\u00e1dzaj\u00fa ruiny Ve\u010dka kula, je vlastne mys pl\u00e1\u017ee Kulana, tak\u017ee nech sa p\u00e1\u010di do vody \u263a .<\/span><\/p>\n<div id='gallery-14' class='gallery galleryid-2254 gallery-columns-1 gallery-size-full'><figure class='gallery-item'>\n\t\t\t<div class='gallery-icon portrait'>\n\t\t\t\t<a href='https:\/\/uzisibalkaninak.com\/index.php\/2026\/04\/10\/o-mestecku-starigrad-paklenica\/35-23\/'><img loading=\"lazy\" decoding=\"async\" width=\"900\" height=\"1600\" src=\"https:\/\/uzisibalkaninak.com\/wp-content\/uploads\/2026\/04\/35.jpeg\" class=\"attachment-full size-full\" alt=\"\" srcset=\"https:\/\/uzisibalkaninak.com\/wp-content\/uploads\/2026\/04\/35.jpeg 900w, https:\/\/uzisibalkaninak.com\/wp-content\/uploads\/2026\/04\/35-169x300.jpeg 169w, https:\/\/uzisibalkaninak.com\/wp-content\/uploads\/2026\/04\/35-576x1024.jpeg 576w, https:\/\/uzisibalkaninak.com\/wp-content\/uploads\/2026\/04\/35-768x1365.jpeg 768w, https:\/\/uzisibalkaninak.com\/wp-content\/uploads\/2026\/04\/35-864x1536.jpeg 864w\" sizes=\"auto, (max-width: 900px) 100vw, 900px\" \/><\/a>\n\t\t\t<\/div><\/figure><figure class='gallery-item'>\n\t\t\t<div class='gallery-icon portrait'>\n\t\t\t\t<a href='https:\/\/uzisibalkaninak.com\/index.php\/2026\/04\/10\/o-mestecku-starigrad-paklenica\/33-23\/'><img loading=\"lazy\" decoding=\"async\" width=\"900\" height=\"1600\" src=\"https:\/\/uzisibalkaninak.com\/wp-content\/uploads\/2026\/04\/33.jpeg\" class=\"attachment-full size-full\" alt=\"\" srcset=\"https:\/\/uzisibalkaninak.com\/wp-content\/uploads\/2026\/04\/33.jpeg 900w, https:\/\/uzisibalkaninak.com\/wp-content\/uploads\/2026\/04\/33-169x300.jpeg 169w, https:\/\/uzisibalkaninak.com\/wp-content\/uploads\/2026\/04\/33-576x1024.jpeg 576w, https:\/\/uzisibalkaninak.com\/wp-content\/uploads\/2026\/04\/33-768x1365.jpeg 768w, https:\/\/uzisibalkaninak.com\/wp-content\/uploads\/2026\/04\/33-864x1536.jpeg 864w\" sizes=\"auto, (max-width: 900px) 100vw, 900px\" \/><\/a>\n\t\t\t<\/div><\/figure><figure class='gallery-item'>\n\t\t\t<div class='gallery-icon portrait'>\n\t\t\t\t<a href='https:\/\/uzisibalkaninak.com\/index.php\/2026\/04\/10\/o-mestecku-starigrad-paklenica\/34-23\/'><img loading=\"lazy\" decoding=\"async\" width=\"900\" height=\"1600\" src=\"https:\/\/uzisibalkaninak.com\/wp-content\/uploads\/2026\/04\/34.jpeg\" class=\"attachment-full size-full\" alt=\"\" srcset=\"https:\/\/uzisibalkaninak.com\/wp-content\/uploads\/2026\/04\/34.jpeg 900w, https:\/\/uzisibalkaninak.com\/wp-content\/uploads\/2026\/04\/34-169x300.jpeg 169w, https:\/\/uzisibalkaninak.com\/wp-content\/uploads\/2026\/04\/34-576x1024.jpeg 576w, https:\/\/uzisibalkaninak.com\/wp-content\/uploads\/2026\/04\/34-768x1365.jpeg 768w, https:\/\/uzisibalkaninak.com\/wp-content\/uploads\/2026\/04\/34-864x1536.jpeg 864w\" sizes=\"auto, (max-width: 900px) 100vw, 900px\" \/><\/a>\n\t\t\t<\/div><\/figure><figure class='gallery-item'>\n\t\t\t<div class='gallery-icon portrait'>\n\t\t\t\t<a href='https:\/\/uzisibalkaninak.com\/index.php\/2026\/04\/10\/o-mestecku-starigrad-paklenica\/37-23\/'><img loading=\"lazy\" decoding=\"async\" width=\"900\" height=\"1600\" src=\"https:\/\/uzisibalkaninak.com\/wp-content\/uploads\/2026\/04\/37.jpeg\" class=\"attachment-full size-full\" alt=\"\" srcset=\"https:\/\/uzisibalkaninak.com\/wp-content\/uploads\/2026\/04\/37.jpeg 900w, https:\/\/uzisibalkaninak.com\/wp-content\/uploads\/2026\/04\/37-169x300.jpeg 169w, https:\/\/uzisibalkaninak.com\/wp-content\/uploads\/2026\/04\/37-576x1024.jpeg 576w, https:\/\/uzisibalkaninak.com\/wp-content\/uploads\/2026\/04\/37-768x1365.jpeg 768w, https:\/\/uzisibalkaninak.com\/wp-content\/uploads\/2026\/04\/37-864x1536.jpeg 864w\" sizes=\"auto, (max-width: 900px) 100vw, 900px\" \/><\/a>\n\t\t\t<\/div><\/figure><figure class='gallery-item'>\n\t\t\t<div class='gallery-icon portrait'>\n\t\t\t\t<a href='https:\/\/uzisibalkaninak.com\/index.php\/2026\/04\/10\/o-mestecku-starigrad-paklenica\/36-23\/'><img loading=\"lazy\" decoding=\"async\" width=\"900\" height=\"1600\" src=\"https:\/\/uzisibalkaninak.com\/wp-content\/uploads\/2026\/04\/36.jpeg\" class=\"attachment-full size-full\" alt=\"\" srcset=\"https:\/\/uzisibalkaninak.com\/wp-content\/uploads\/2026\/04\/36.jpeg 900w, https:\/\/uzisibalkaninak.com\/wp-content\/uploads\/2026\/04\/36-169x300.jpeg 169w, https:\/\/uzisibalkaninak.com\/wp-content\/uploads\/2026\/04\/36-576x1024.jpeg 576w, https:\/\/uzisibalkaninak.com\/wp-content\/uploads\/2026\/04\/36-768x1365.jpeg 768w, https:\/\/uzisibalkaninak.com\/wp-content\/uploads\/2026\/04\/36-864x1536.jpeg 864w\" sizes=\"auto, (max-width: 900px) 100vw, 900px\" \/><\/a>\n\t\t\t<\/div><\/figure><figure class='gallery-item'>\n\t\t\t<div class='gallery-icon portrait'>\n\t\t\t\t<a href='https:\/\/uzisibalkaninak.com\/index.php\/2026\/04\/10\/o-mestecku-starigrad-paklenica\/135-3\/'><img loading=\"lazy\" decoding=\"async\" width=\"900\" height=\"1600\" src=\"https:\/\/uzisibalkaninak.com\/wp-content\/uploads\/2026\/04\/135.jpeg\" class=\"attachment-full size-full\" alt=\"\" srcset=\"https:\/\/uzisibalkaninak.com\/wp-content\/uploads\/2026\/04\/135.jpeg 900w, https:\/\/uzisibalkaninak.com\/wp-content\/uploads\/2026\/04\/135-169x300.jpeg 169w, https:\/\/uzisibalkaninak.com\/wp-content\/uploads\/2026\/04\/135-576x1024.jpeg 576w, https:\/\/uzisibalkaninak.com\/wp-content\/uploads\/2026\/04\/135-768x1365.jpeg 768w, https:\/\/uzisibalkaninak.com\/wp-content\/uploads\/2026\/04\/135-864x1536.jpeg 864w\" sizes=\"auto, (max-width: 900px) 100vw, 900px\" \/><\/a>\n\t\t\t<\/div><\/figure>\n\t\t<\/div>\n\n<p class=\"tm6\"><span class=\"tm7\">Ak sa v\u00e1m nechce do turistiky, ale ob\u013eubujete kr\u00e1sne v\u00fdh\u013eady, tak v\u00e1m d\u00e1m dva tipy a m\u00f4\u017eete \u00eds\u0165 pokojne aj autom.<\/span><\/p>\n<p class=\"tm6\"><span class=\"tm7\">Zo Starigradu vedie do h\u00f4r ulica Alojza Stepinca. Pr\u00e1ve t\u00e1to autocesta sp\u00e1ja mesto s horsk\u00fdmi dedinkami ako Dokoze, Katalini\u0107i alebo Milovci. Cel\u00e1 cestn\u00fd \u00fasek meria 6,5 km a kon\u010d\u00ed parkoviskom v horskom sedle medzi vrchmi Gradi\u0107 a Koji\u0107a glavica. Celou cestou st\u00fapate a prech\u00e1dzate ved\u013ea zauj\u00edmav\u00fdch skaln\u00fdch \u00fatvarov. No a tie v\u00fdh\u013eady \u010di na morsk\u00fa stranu alebo na Velebit s\u00fa naozaj p\u00f4sobiv\u00e9. Treba \u00eds\u0165 pomal\u0161ie kv\u00f4li \u00fazkej asfaltke, ako aj cyklistom, ale inak je cel\u00fd \u00fasek \u013eahko prejazdn\u00fd.<\/span><\/p>\n<div id='gallery-15' class='gallery galleryid-2254 gallery-columns-1 gallery-size-full'><figure class='gallery-item'>\n\t\t\t<div class='gallery-icon landscape'>\n\t\t\t\t<a href='https:\/\/uzisibalkaninak.com\/index.php\/2026\/04\/10\/o-mestecku-starigrad-paklenica\/80-15\/'><img loading=\"lazy\" decoding=\"async\" width=\"1600\" height=\"1200\" src=\"https:\/\/uzisibalkaninak.com\/wp-content\/uploads\/2026\/04\/80.jpeg\" class=\"attachment-full size-full\" alt=\"\" srcset=\"https:\/\/uzisibalkaninak.com\/wp-content\/uploads\/2026\/04\/80.jpeg 1600w, https:\/\/uzisibalkaninak.com\/wp-content\/uploads\/2026\/04\/80-300x225.jpeg 300w, https:\/\/uzisibalkaninak.com\/wp-content\/uploads\/2026\/04\/80-1024x768.jpeg 1024w, https:\/\/uzisibalkaninak.com\/wp-content\/uploads\/2026\/04\/80-768x576.jpeg 768w, https:\/\/uzisibalkaninak.com\/wp-content\/uploads\/2026\/04\/80-1536x1152.jpeg 1536w\" sizes=\"auto, (max-width: 1600px) 100vw, 1600px\" \/><\/a>\n\t\t\t<\/div><\/figure><figure class='gallery-item'>\n\t\t\t<div class='gallery-icon landscape'>\n\t\t\t\t<a href='https:\/\/uzisibalkaninak.com\/index.php\/2026\/04\/10\/o-mestecku-starigrad-paklenica\/76-15\/'><img loading=\"lazy\" decoding=\"async\" width=\"1600\" height=\"1200\" src=\"https:\/\/uzisibalkaninak.com\/wp-content\/uploads\/2026\/04\/76.jpeg\" class=\"attachment-full size-full\" alt=\"\" srcset=\"https:\/\/uzisibalkaninak.com\/wp-content\/uploads\/2026\/04\/76.jpeg 1600w, https:\/\/uzisibalkaninak.com\/wp-content\/uploads\/2026\/04\/76-300x225.jpeg 300w, https:\/\/uzisibalkaninak.com\/wp-content\/uploads\/2026\/04\/76-1024x768.jpeg 1024w, https:\/\/uzisibalkaninak.com\/wp-content\/uploads\/2026\/04\/76-768x576.jpeg 768w, https:\/\/uzisibalkaninak.com\/wp-content\/uploads\/2026\/04\/76-1536x1152.jpeg 1536w\" sizes=\"auto, (max-width: 1600px) 100vw, 1600px\" \/><\/a>\n\t\t\t<\/div><\/figure><figure class='gallery-item'>\n\t\t\t<div class='gallery-icon landscape'>\n\t\t\t\t<a href='https:\/\/uzisibalkaninak.com\/index.php\/2026\/04\/10\/o-mestecku-starigrad-paklenica\/79-15\/'><img loading=\"lazy\" decoding=\"async\" width=\"1600\" height=\"1200\" src=\"https:\/\/uzisibalkaninak.com\/wp-content\/uploads\/2026\/04\/79.jpeg\" class=\"attachment-full size-full\" alt=\"\" srcset=\"https:\/\/uzisibalkaninak.com\/wp-content\/uploads\/2026\/04\/79.jpeg 1600w, https:\/\/uzisibalkaninak.com\/wp-content\/uploads\/2026\/04\/79-300x225.jpeg 300w, https:\/\/uzisibalkaninak.com\/wp-content\/uploads\/2026\/04\/79-1024x768.jpeg 1024w, https:\/\/uzisibalkaninak.com\/wp-content\/uploads\/2026\/04\/79-768x576.jpeg 768w, https:\/\/uzisibalkaninak.com\/wp-content\/uploads\/2026\/04\/79-1536x1152.jpeg 1536w\" sizes=\"auto, (max-width: 1600px) 100vw, 1600px\" \/><\/a>\n\t\t\t<\/div><\/figure><figure class='gallery-item'>\n\t\t\t<div class='gallery-icon landscape'>\n\t\t\t\t<a href='https:\/\/uzisibalkaninak.com\/index.php\/2026\/04\/10\/o-mestecku-starigrad-paklenica\/83-13\/'><img loading=\"lazy\" decoding=\"async\" width=\"1600\" height=\"1200\" src=\"https:\/\/uzisibalkaninak.com\/wp-content\/uploads\/2026\/04\/83.jpeg\" class=\"attachment-full size-full\" alt=\"\" srcset=\"https:\/\/uzisibalkaninak.com\/wp-content\/uploads\/2026\/04\/83.jpeg 1600w, https:\/\/uzisibalkaninak.com\/wp-content\/uploads\/2026\/04\/83-300x225.jpeg 300w, https:\/\/uzisibalkaninak.com\/wp-content\/uploads\/2026\/04\/83-1024x768.jpeg 1024w, https:\/\/uzisibalkaninak.com\/wp-content\/uploads\/2026\/04\/83-768x576.jpeg 768w, https:\/\/uzisibalkaninak.com\/wp-content\/uploads\/2026\/04\/83-1536x1152.jpeg 1536w\" sizes=\"auto, (max-width: 1600px) 100vw, 1600px\" \/><\/a>\n\t\t\t<\/div><\/figure><figure class='gallery-item'>\n\t\t\t<div class='gallery-icon portrait'>\n\t\t\t\t<a href='https:\/\/uzisibalkaninak.com\/index.php\/2026\/04\/10\/o-mestecku-starigrad-paklenica\/87-12\/'><img loading=\"lazy\" decoding=\"async\" width=\"1200\" height=\"1600\" src=\"https:\/\/uzisibalkaninak.com\/wp-content\/uploads\/2026\/04\/87.jpeg\" class=\"attachment-full size-full\" alt=\"\" srcset=\"https:\/\/uzisibalkaninak.com\/wp-content\/uploads\/2026\/04\/87.jpeg 1200w, https:\/\/uzisibalkaninak.com\/wp-content\/uploads\/2026\/04\/87-225x300.jpeg 225w, https:\/\/uzisibalkaninak.com\/wp-content\/uploads\/2026\/04\/87-768x1024.jpeg 768w, https:\/\/uzisibalkaninak.com\/wp-content\/uploads\/2026\/04\/87-1152x1536.jpeg 1152w\" sizes=\"auto, (max-width: 1200px) 100vw, 1200px\" \/><\/a>\n\t\t\t<\/div><\/figure><figure class='gallery-item'>\n\t\t\t<div class='gallery-icon landscape'>\n\t\t\t\t<a href='https:\/\/uzisibalkaninak.com\/index.php\/2026\/04\/10\/o-mestecku-starigrad-paklenica\/86-13\/'><img loading=\"lazy\" decoding=\"async\" width=\"1600\" height=\"1200\" src=\"https:\/\/uzisibalkaninak.com\/wp-content\/uploads\/2026\/04\/86.jpeg\" class=\"attachment-full size-full\" alt=\"\" srcset=\"https:\/\/uzisibalkaninak.com\/wp-content\/uploads\/2026\/04\/86.jpeg 1600w, https:\/\/uzisibalkaninak.com\/wp-content\/uploads\/2026\/04\/86-300x225.jpeg 300w, https:\/\/uzisibalkaninak.com\/wp-content\/uploads\/2026\/04\/86-1024x768.jpeg 1024w, https:\/\/uzisibalkaninak.com\/wp-content\/uploads\/2026\/04\/86-768x576.jpeg 768w, https:\/\/uzisibalkaninak.com\/wp-content\/uploads\/2026\/04\/86-1536x1152.jpeg 1536w\" sizes=\"auto, (max-width: 1600px) 100vw, 1600px\" \/><\/a>\n\t\t\t<\/div><\/figure><figure class='gallery-item'>\n\t\t\t<div class='gallery-icon landscape'>\n\t\t\t\t<a href='https:\/\/uzisibalkaninak.com\/index.php\/2026\/04\/10\/o-mestecku-starigrad-paklenica\/90-11\/'><img loading=\"lazy\" decoding=\"async\" width=\"1600\" height=\"1200\" src=\"https:\/\/uzisibalkaninak.com\/wp-content\/uploads\/2026\/04\/90.jpeg\" class=\"attachment-full size-full\" alt=\"\" srcset=\"https:\/\/uzisibalkaninak.com\/wp-content\/uploads\/2026\/04\/90.jpeg 1600w, https:\/\/uzisibalkaninak.com\/wp-content\/uploads\/2026\/04\/90-300x225.jpeg 300w, https:\/\/uzisibalkaninak.com\/wp-content\/uploads\/2026\/04\/90-1024x768.jpeg 1024w, https:\/\/uzisibalkaninak.com\/wp-content\/uploads\/2026\/04\/90-768x576.jpeg 768w, https:\/\/uzisibalkaninak.com\/wp-content\/uploads\/2026\/04\/90-1536x1152.jpeg 1536w\" sizes=\"auto, (max-width: 1600px) 100vw, 1600px\" \/><\/a>\n\t\t\t<\/div><\/figure><figure class='gallery-item'>\n\t\t\t<div class='gallery-icon portrait'>\n\t\t\t\t<a href='https:\/\/uzisibalkaninak.com\/index.php\/2026\/04\/10\/o-mestecku-starigrad-paklenica\/92-10\/'><img loading=\"lazy\" decoding=\"async\" width=\"1200\" height=\"1600\" src=\"https:\/\/uzisibalkaninak.com\/wp-content\/uploads\/2026\/04\/92.jpeg\" class=\"attachment-full size-full\" alt=\"\" srcset=\"https:\/\/uzisibalkaninak.com\/wp-content\/uploads\/2026\/04\/92.jpeg 1200w, https:\/\/uzisibalkaninak.com\/wp-content\/uploads\/2026\/04\/92-225x300.jpeg 225w, https:\/\/uzisibalkaninak.com\/wp-content\/uploads\/2026\/04\/92-768x1024.jpeg 768w, https:\/\/uzisibalkaninak.com\/wp-content\/uploads\/2026\/04\/92-1152x1536.jpeg 1152w\" sizes=\"auto, (max-width: 1200px) 100vw, 1200px\" \/><\/a>\n\t\t\t<\/div><\/figure><figure class='gallery-item'>\n\t\t\t<div class='gallery-icon landscape'>\n\t\t\t\t<a href='https:\/\/uzisibalkaninak.com\/index.php\/2026\/04\/10\/o-mestecku-starigrad-paklenica\/100-7\/'><img loading=\"lazy\" decoding=\"async\" width=\"1600\" height=\"1200\" src=\"https:\/\/uzisibalkaninak.com\/wp-content\/uploads\/2026\/04\/100.jpeg\" class=\"attachment-full size-full\" alt=\"\" srcset=\"https:\/\/uzisibalkaninak.com\/wp-content\/uploads\/2026\/04\/100.jpeg 1600w, https:\/\/uzisibalkaninak.com\/wp-content\/uploads\/2026\/04\/100-300x225.jpeg 300w, https:\/\/uzisibalkaninak.com\/wp-content\/uploads\/2026\/04\/100-1024x768.jpeg 1024w, https:\/\/uzisibalkaninak.com\/wp-content\/uploads\/2026\/04\/100-768x576.jpeg 768w, https:\/\/uzisibalkaninak.com\/wp-content\/uploads\/2026\/04\/100-1536x1152.jpeg 1536w\" sizes=\"auto, (max-width: 1600px) 100vw, 1600px\" \/><\/a>\n\t\t\t<\/div><\/figure><figure class='gallery-item'>\n\t\t\t<div class='gallery-icon landscape'>\n\t\t\t\t<a href='https:\/\/uzisibalkaninak.com\/index.php\/2026\/04\/10\/o-mestecku-starigrad-paklenica\/95-9\/'><img loading=\"lazy\" decoding=\"async\" width=\"1600\" height=\"1200\" src=\"https:\/\/uzisibalkaninak.com\/wp-content\/uploads\/2026\/04\/95.jpeg\" class=\"attachment-full size-full\" alt=\"\" srcset=\"https:\/\/uzisibalkaninak.com\/wp-content\/uploads\/2026\/04\/95.jpeg 1600w, https:\/\/uzisibalkaninak.com\/wp-content\/uploads\/2026\/04\/95-300x225.jpeg 300w, https:\/\/uzisibalkaninak.com\/wp-content\/uploads\/2026\/04\/95-1024x768.jpeg 1024w, https:\/\/uzisibalkaninak.com\/wp-content\/uploads\/2026\/04\/95-768x576.jpeg 768w, https:\/\/uzisibalkaninak.com\/wp-content\/uploads\/2026\/04\/95-1536x1152.jpeg 1536w\" sizes=\"auto, (max-width: 1600px) 100vw, 1600px\" \/><\/a>\n\t\t\t<\/div><\/figure><figure class='gallery-item'>\n\t\t\t<div class='gallery-icon portrait'>\n\t\t\t\t<a href='https:\/\/uzisibalkaninak.com\/index.php\/2026\/04\/10\/o-mestecku-starigrad-paklenica\/99-7\/'><img loading=\"lazy\" decoding=\"async\" width=\"1200\" height=\"1600\" src=\"https:\/\/uzisibalkaninak.com\/wp-content\/uploads\/2026\/04\/99.jpeg\" class=\"attachment-full size-full\" alt=\"\" srcset=\"https:\/\/uzisibalkaninak.com\/wp-content\/uploads\/2026\/04\/99.jpeg 1200w, https:\/\/uzisibalkaninak.com\/wp-content\/uploads\/2026\/04\/99-225x300.jpeg 225w, https:\/\/uzisibalkaninak.com\/wp-content\/uploads\/2026\/04\/99-768x1024.jpeg 768w, https:\/\/uzisibalkaninak.com\/wp-content\/uploads\/2026\/04\/99-1152x1536.jpeg 1152w\" sizes=\"auto, (max-width: 1200px) 100vw, 1200px\" \/><\/a>\n\t\t\t<\/div><\/figure><figure class='gallery-item'>\n\t\t\t<div class='gallery-icon landscape'>\n\t\t\t\t<a href='https:\/\/uzisibalkaninak.com\/index.php\/2026\/04\/10\/o-mestecku-starigrad-paklenica\/98-8\/'><img loading=\"lazy\" decoding=\"async\" width=\"1600\" height=\"1200\" src=\"https:\/\/uzisibalkaninak.com\/wp-content\/uploads\/2026\/04\/98.jpeg\" class=\"attachment-full size-full\" alt=\"\" srcset=\"https:\/\/uzisibalkaninak.com\/wp-content\/uploads\/2026\/04\/98.jpeg 1600w, https:\/\/uzisibalkaninak.com\/wp-content\/uploads\/2026\/04\/98-300x225.jpeg 300w, https:\/\/uzisibalkaninak.com\/wp-content\/uploads\/2026\/04\/98-1024x768.jpeg 1024w, https:\/\/uzisibalkaninak.com\/wp-content\/uploads\/2026\/04\/98-768x576.jpeg 768w, https:\/\/uzisibalkaninak.com\/wp-content\/uploads\/2026\/04\/98-1536x1152.jpeg 1536w\" sizes=\"auto, (max-width: 1600px) 100vw, 1600px\" \/><\/a>\n\t\t\t<\/div><\/figure>\n\t\t<\/div>\n\n<p class=\"tm6\"><span class=\"tm7\">Druh\u00e1 mo\u017enos\u0165 je prejs\u0165 autom do obce Modri\u0107 (asi 10 km) po ceste D8 a potom odbo\u010di\u0165 do h\u00f4r na cestu 907. Cesta postupne st\u00fapa do v\u00fd\u0161ky, prejdete okolo vrchov Gromila (141 m), Visoka Glavica (253 m), Kitnasta Glavica (286 m). Ak m\u00e1te \u0161\u0165astie \u263a a natraf\u00edte na ceste na kravy alebo in\u00e9 dom\u00e1ce zvierat\u00e1 (ktor\u00e9 sa tu vo\u013ene pas\u00fa), tak sa ur\u010dite zdr\u017e\u00edte, ke\u010f\u017ee tunaj\u0161ie kravy tu maj\u00fa vlastn\u00e9 pravidl\u00e1 \u263a.<\/span><\/p>\n<div id='gallery-16' class='gallery galleryid-2254 gallery-columns-1 gallery-size-full'><figure class='gallery-item'>\n\t\t\t<div class='gallery-icon landscape'>\n\t\t\t\t<a href='https:\/\/uzisibalkaninak.com\/index.php\/2026\/04\/10\/o-mestecku-starigrad-paklenica\/124-4\/'><img loading=\"lazy\" decoding=\"async\" width=\"1600\" height=\"1160\" src=\"https:\/\/uzisibalkaninak.com\/wp-content\/uploads\/2026\/04\/124.jpeg\" class=\"attachment-full size-full\" alt=\"\" srcset=\"https:\/\/uzisibalkaninak.com\/wp-content\/uploads\/2026\/04\/124.jpeg 1600w, https:\/\/uzisibalkaninak.com\/wp-content\/uploads\/2026\/04\/124-300x218.jpeg 300w, https:\/\/uzisibalkaninak.com\/wp-content\/uploads\/2026\/04\/124-1024x742.jpeg 1024w, https:\/\/uzisibalkaninak.com\/wp-content\/uploads\/2026\/04\/124-768x557.jpeg 768w, https:\/\/uzisibalkaninak.com\/wp-content\/uploads\/2026\/04\/124-1536x1114.jpeg 1536w\" sizes=\"auto, (max-width: 1600px) 100vw, 1600px\" \/><\/a>\n\t\t\t<\/div><\/figure><figure class='gallery-item'>\n\t\t\t<div class='gallery-icon landscape'>\n\t\t\t\t<a href='https:\/\/uzisibalkaninak.com\/index.php\/2026\/04\/10\/o-mestecku-starigrad-paklenica\/121-5\/'><img loading=\"lazy\" decoding=\"async\" width=\"1600\" height=\"900\" src=\"https:\/\/uzisibalkaninak.com\/wp-content\/uploads\/2026\/04\/121.jpeg\" class=\"attachment-full size-full\" alt=\"\" srcset=\"https:\/\/uzisibalkaninak.com\/wp-content\/uploads\/2026\/04\/121.jpeg 1600w, https:\/\/uzisibalkaninak.com\/wp-content\/uploads\/2026\/04\/121-300x169.jpeg 300w, https:\/\/uzisibalkaninak.com\/wp-content\/uploads\/2026\/04\/121-1024x576.jpeg 1024w, https:\/\/uzisibalkaninak.com\/wp-content\/uploads\/2026\/04\/121-768x432.jpeg 768w, https:\/\/uzisibalkaninak.com\/wp-content\/uploads\/2026\/04\/121-1536x864.jpeg 1536w\" sizes=\"auto, (max-width: 1600px) 100vw, 1600px\" \/><\/a>\n\t\t\t<\/div><\/figure><figure class='gallery-item'>\n\t\t\t<div class='gallery-icon landscape'>\n\t\t\t\t<a href='https:\/\/uzisibalkaninak.com\/index.php\/2026\/04\/10\/o-mestecku-starigrad-paklenica\/126-4\/'><img loading=\"lazy\" decoding=\"async\" width=\"1600\" height=\"1565\" src=\"https:\/\/uzisibalkaninak.com\/wp-content\/uploads\/2026\/04\/126.jpeg\" class=\"attachment-full size-full\" alt=\"\" srcset=\"https:\/\/uzisibalkaninak.com\/wp-content\/uploads\/2026\/04\/126.jpeg 1600w, https:\/\/uzisibalkaninak.com\/wp-content\/uploads\/2026\/04\/126-300x293.jpeg 300w, https:\/\/uzisibalkaninak.com\/wp-content\/uploads\/2026\/04\/126-1024x1002.jpeg 1024w, https:\/\/uzisibalkaninak.com\/wp-content\/uploads\/2026\/04\/126-768x751.jpeg 768w, https:\/\/uzisibalkaninak.com\/wp-content\/uploads\/2026\/04\/126-1536x1502.jpeg 1536w\" sizes=\"auto, (max-width: 1600px) 100vw, 1600px\" \/><\/a>\n\t\t\t<\/div><\/figure><figure class='gallery-item'>\n\t\t\t<div class='gallery-icon landscape'>\n\t\t\t\t<a href='https:\/\/uzisibalkaninak.com\/index.php\/2026\/04\/10\/o-mestecku-starigrad-paklenica\/122-4\/'><img loading=\"lazy\" decoding=\"async\" width=\"1600\" height=\"900\" src=\"https:\/\/uzisibalkaninak.com\/wp-content\/uploads\/2026\/04\/122.jpeg\" class=\"attachment-full size-full\" alt=\"\" srcset=\"https:\/\/uzisibalkaninak.com\/wp-content\/uploads\/2026\/04\/122.jpeg 1600w, https:\/\/uzisibalkaninak.com\/wp-content\/uploads\/2026\/04\/122-300x169.jpeg 300w, https:\/\/uzisibalkaninak.com\/wp-content\/uploads\/2026\/04\/122-1024x576.jpeg 1024w, https:\/\/uzisibalkaninak.com\/wp-content\/uploads\/2026\/04\/122-768x432.jpeg 768w, https:\/\/uzisibalkaninak.com\/wp-content\/uploads\/2026\/04\/122-1536x864.jpeg 1536w\" sizes=\"auto, (max-width: 1600px) 100vw, 1600px\" \/><\/a>\n\t\t\t<\/div><\/figure>\n\t\t<\/div>\n\n<p class=\"tm6\"><span class=\"tm7\">Pribli\u017ene po 5 kilometroch sa kon\u010d\u00ed asfaltka a za\u010d\u00edna sa pra\u0161n\u00e1, kamenist\u00e1 cesta. Ak idete na ni\u017e\u0161om aute, tak treba pre istotu spomali\u0165, ale bez probl\u00e9mov sa to d\u00e1 prejs\u0165 (ja som i\u0161la na Skoda SUPERB). Postupne sa dostanete nad vrch Visoka glavica (509 m), prejdete pomedzi vrchy Veliki kuk (777 m) a Debeli kuk (728 m) a dostanete sa na n\u00e1dhern\u00e9 miesto vo v\u00fd\u0161ke 900 m, ktor\u00e9 sa vol\u00e1 Libinjska kosa.<\/span><\/p>\n<div id='gallery-17' class='gallery galleryid-2254 gallery-columns-1 gallery-size-full'><figure class='gallery-item'>\n\t\t\t<div class='gallery-icon portrait'>\n\t\t\t\t<a href='https:\/\/uzisibalkaninak.com\/index.php\/2026\/04\/10\/o-mestecku-starigrad-paklenica\/114-6\/'><img loading=\"lazy\" decoding=\"async\" width=\"900\" height=\"1600\" src=\"https:\/\/uzisibalkaninak.com\/wp-content\/uploads\/2026\/04\/114.jpeg\" class=\"attachment-full size-full\" alt=\"\" srcset=\"https:\/\/uzisibalkaninak.com\/wp-content\/uploads\/2026\/04\/114.jpeg 900w, https:\/\/uzisibalkaninak.com\/wp-content\/uploads\/2026\/04\/114-169x300.jpeg 169w, https:\/\/uzisibalkaninak.com\/wp-content\/uploads\/2026\/04\/114-576x1024.jpeg 576w, https:\/\/uzisibalkaninak.com\/wp-content\/uploads\/2026\/04\/114-768x1365.jpeg 768w, https:\/\/uzisibalkaninak.com\/wp-content\/uploads\/2026\/04\/114-864x1536.jpeg 864w\" sizes=\"auto, (max-width: 900px) 100vw, 900px\" \/><\/a>\n\t\t\t<\/div><\/figure><figure class='gallery-item'>\n\t\t\t<div class='gallery-icon portrait'>\n\t\t\t\t<a href='https:\/\/uzisibalkaninak.com\/index.php\/2026\/04\/10\/o-mestecku-starigrad-paklenica\/112-6\/'><img loading=\"lazy\" decoding=\"async\" width=\"900\" height=\"1600\" src=\"https:\/\/uzisibalkaninak.com\/wp-content\/uploads\/2026\/04\/112.jpeg\" class=\"attachment-full size-full\" alt=\"\" srcset=\"https:\/\/uzisibalkaninak.com\/wp-content\/uploads\/2026\/04\/112.jpeg 900w, https:\/\/uzisibalkaninak.com\/wp-content\/uploads\/2026\/04\/112-169x300.jpeg 169w, https:\/\/uzisibalkaninak.com\/wp-content\/uploads\/2026\/04\/112-576x1024.jpeg 576w, https:\/\/uzisibalkaninak.com\/wp-content\/uploads\/2026\/04\/112-768x1365.jpeg 768w, https:\/\/uzisibalkaninak.com\/wp-content\/uploads\/2026\/04\/112-864x1536.jpeg 864w\" sizes=\"auto, (max-width: 900px) 100vw, 900px\" \/><\/a>\n\t\t\t<\/div><\/figure><figure class='gallery-item'>\n\t\t\t<div class='gallery-icon landscape'>\n\t\t\t\t<a href='https:\/\/uzisibalkaninak.com\/index.php\/2026\/04\/10\/o-mestecku-starigrad-paklenica\/120-6\/'><img loading=\"lazy\" decoding=\"async\" width=\"1600\" height=\"900\" src=\"https:\/\/uzisibalkaninak.com\/wp-content\/uploads\/2026\/04\/120.jpeg\" class=\"attachment-full size-full\" alt=\"\" srcset=\"https:\/\/uzisibalkaninak.com\/wp-content\/uploads\/2026\/04\/120.jpeg 1600w, https:\/\/uzisibalkaninak.com\/wp-content\/uploads\/2026\/04\/120-300x169.jpeg 300w, https:\/\/uzisibalkaninak.com\/wp-content\/uploads\/2026\/04\/120-1024x576.jpeg 1024w, https:\/\/uzisibalkaninak.com\/wp-content\/uploads\/2026\/04\/120-768x432.jpeg 768w, https:\/\/uzisibalkaninak.com\/wp-content\/uploads\/2026\/04\/120-1536x864.jpeg 1536w\" sizes=\"auto, (max-width: 1600px) 100vw, 1600px\" \/><\/a>\n\t\t\t<\/div><\/figure><figure class='gallery-item'>\n\t\t\t<div class='gallery-icon portrait'>\n\t\t\t\t<a href='https:\/\/uzisibalkaninak.com\/index.php\/2026\/04\/10\/o-mestecku-starigrad-paklenica\/113-6\/'><img loading=\"lazy\" decoding=\"async\" width=\"900\" height=\"1600\" src=\"https:\/\/uzisibalkaninak.com\/wp-content\/uploads\/2026\/04\/113.jpeg\" class=\"attachment-full size-full\" alt=\"\" srcset=\"https:\/\/uzisibalkaninak.com\/wp-content\/uploads\/2026\/04\/113.jpeg 900w, https:\/\/uzisibalkaninak.com\/wp-content\/uploads\/2026\/04\/113-169x300.jpeg 169w, https:\/\/uzisibalkaninak.com\/wp-content\/uploads\/2026\/04\/113-576x1024.jpeg 576w, https:\/\/uzisibalkaninak.com\/wp-content\/uploads\/2026\/04\/113-768x1365.jpeg 768w, https:\/\/uzisibalkaninak.com\/wp-content\/uploads\/2026\/04\/113-864x1536.jpeg 864w\" sizes=\"auto, (max-width: 900px) 100vw, 900px\" \/><\/a>\n\t\t\t<\/div><\/figure><figure class='gallery-item'>\n\t\t\t<div class='gallery-icon landscape'>\n\t\t\t\t<a href='https:\/\/uzisibalkaninak.com\/index.php\/2026\/04\/10\/o-mestecku-starigrad-paklenica\/123-4\/'><img loading=\"lazy\" decoding=\"async\" width=\"1600\" height=\"900\" src=\"https:\/\/uzisibalkaninak.com\/wp-content\/uploads\/2026\/04\/123.jpeg\" class=\"attachment-full size-full\" alt=\"\" srcset=\"https:\/\/uzisibalkaninak.com\/wp-content\/uploads\/2026\/04\/123.jpeg 1600w, https:\/\/uzisibalkaninak.com\/wp-content\/uploads\/2026\/04\/123-300x169.jpeg 300w, https:\/\/uzisibalkaninak.com\/wp-content\/uploads\/2026\/04\/123-1024x576.jpeg 1024w, https:\/\/uzisibalkaninak.com\/wp-content\/uploads\/2026\/04\/123-768x432.jpeg 768w, https:\/\/uzisibalkaninak.com\/wp-content\/uploads\/2026\/04\/123-1536x864.jpeg 1536w\" sizes=\"auto, (max-width: 1600px) 100vw, 1600px\" \/><\/a>\n\t\t\t<\/div><\/figure>\n\t\t<\/div>\n\n<p class=\"tm6\"><span class=\"tm7\">Odtia\u013eto m\u00f4\u017eete zah\u00e1ji\u0165 v\u00fdstupy na hlavn\u00fd hrebe\u0148 Ju\u017en\u00e9ho Velebitu &#8211; najbli\u017e\u0161\u00edm vrchom je Sveto Brdo (1 750 m). Je to tu ako z in\u00e9ho sveta, hlavne ak pr\u00eddete od mora preto\u017ee cez Libinjsku kosu prech\u00e1dzate z pobre\u017en\u00e9ho sveta do vn\u00fatrovelebitsk\u00e9ho. M\u00f4\u017eete sa vr\u00e1ti\u0165 po tej istej ceste nasp\u00e4\u0165 alebo je tu aj druh\u00e1 mo\u017enos\u0165 &#8211; vyda\u0165 sa autom \u010falej po ceste \u010d\u00edslo 1003 po n\u00e1hornej plo\u0161ine asi 7,5 km a za vrchom Alanac sa napoj\u00edte na zn\u00e1mu Majstorsku cestu. Tu treba \u00eds\u0165 naozaj pomaly, aby ste nechytili podvozok alebo nedostali defekt. Ale tento men\u0161\u00ed adrenal\u00edn naozaj stoj\u00ed za to \u263a. N\u00e1sledne sa m\u00f4\u017eete rozhodn\u00fa\u0165, \u010di sa na Majstorskej ceste sto\u010d\u00edte do\u013eava a p\u00f4jdete a\u017e do dediny Sveti Rok alebo zahnete doprava a cez sedlo Ba\u0107in Stolac (912 m) po jeden a pol kilometri pr\u00eddete do sedla Vrhprag (856 m). Toto sedlo je zn\u00e1me t\u00fdm, \u017ee odtia\u013eto sa zvykne vyr\u00e1\u017ea\u0165 na v\u00fdstup na Tulove grede. A zn\u00e1me je aj z \u201ewinetuoviek\u201c, ke\u010f\u017ee tu sa to\u010dili mnoh\u00e9 sc\u00e9ny z t\u00fdchto filmov. Potom u\u017e len Majstorskou cestou z\u00eddete dole, kde sa napoj\u00edte na autocestu D547 a vr\u00e1tite sa do Starigradu. <\/span><\/p>\n<div id='gallery-18' class='gallery galleryid-2254 gallery-columns-1 gallery-size-full'><figure class='gallery-item'>\n\t\t\t<div class='gallery-icon portrait'>\n\t\t\t\t<a href='https:\/\/uzisibalkaninak.com\/index.php\/2026\/04\/10\/o-mestecku-starigrad-paklenica\/111-6\/'><img loading=\"lazy\" decoding=\"async\" width=\"1200\" height=\"1600\" src=\"https:\/\/uzisibalkaninak.com\/wp-content\/uploads\/2026\/04\/111.jpeg\" class=\"attachment-full size-full\" alt=\"\" aria-describedby=\"gallery-18-2423\" srcset=\"https:\/\/uzisibalkaninak.com\/wp-content\/uploads\/2026\/04\/111.jpeg 1200w, https:\/\/uzisibalkaninak.com\/wp-content\/uploads\/2026\/04\/111-225x300.jpeg 225w, https:\/\/uzisibalkaninak.com\/wp-content\/uploads\/2026\/04\/111-768x1024.jpeg 768w, https:\/\/uzisibalkaninak.com\/wp-content\/uploads\/2026\/04\/111-1152x1536.jpeg 1152w\" sizes=\"auto, (max-width: 1200px) 100vw, 1200px\" \/><\/a>\n\t\t\t<\/div>\n\t\t\t\t<figcaption class='wp-caption-text gallery-caption' id='gallery-18-2423'>\n\t\t\t\tTulove grede\n\t\t\t\t<\/figcaption><\/figure><figure class='gallery-item'>\n\t\t\t<div class='gallery-icon portrait'>\n\t\t\t\t<a href='https:\/\/uzisibalkaninak.com\/index.php\/2026\/04\/10\/o-mestecku-starigrad-paklenica\/109-6\/'><img loading=\"lazy\" decoding=\"async\" width=\"1200\" height=\"1600\" src=\"https:\/\/uzisibalkaninak.com\/wp-content\/uploads\/2026\/04\/109.jpeg\" class=\"attachment-full size-full\" alt=\"\" srcset=\"https:\/\/uzisibalkaninak.com\/wp-content\/uploads\/2026\/04\/109.jpeg 1200w, https:\/\/uzisibalkaninak.com\/wp-content\/uploads\/2026\/04\/109-225x300.jpeg 225w, https:\/\/uzisibalkaninak.com\/wp-content\/uploads\/2026\/04\/109-768x1024.jpeg 768w, https:\/\/uzisibalkaninak.com\/wp-content\/uploads\/2026\/04\/109-1152x1536.jpeg 1152w\" sizes=\"auto, (max-width: 1200px) 100vw, 1200px\" \/><\/a>\n\t\t\t<\/div><\/figure><figure class='gallery-item'>\n\t\t\t<div class='gallery-icon portrait'>\n\t\t\t\t<a href='https:\/\/uzisibalkaninak.com\/index.php\/2026\/04\/10\/o-mestecku-starigrad-paklenica\/107-7\/'><img loading=\"lazy\" decoding=\"async\" width=\"1200\" height=\"1600\" src=\"https:\/\/uzisibalkaninak.com\/wp-content\/uploads\/2026\/04\/107.jpeg\" class=\"attachment-full size-full\" alt=\"\" srcset=\"https:\/\/uzisibalkaninak.com\/wp-content\/uploads\/2026\/04\/107.jpeg 1200w, https:\/\/uzisibalkaninak.com\/wp-content\/uploads\/2026\/04\/107-225x300.jpeg 225w, https:\/\/uzisibalkaninak.com\/wp-content\/uploads\/2026\/04\/107-768x1024.jpeg 768w, https:\/\/uzisibalkaninak.com\/wp-content\/uploads\/2026\/04\/107-1152x1536.jpeg 1152w\" sizes=\"auto, (max-width: 1200px) 100vw, 1200px\" \/><\/a>\n\t\t\t<\/div><\/figure><figure class='gallery-item'>\n\t\t\t<div class='gallery-icon portrait'>\n\t\t\t\t<a href='https:\/\/uzisibalkaninak.com\/index.php\/2026\/04\/10\/o-mestecku-starigrad-paklenica\/106-7\/'><img loading=\"lazy\" decoding=\"async\" width=\"1200\" height=\"1600\" src=\"https:\/\/uzisibalkaninak.com\/wp-content\/uploads\/2026\/04\/106.jpeg\" class=\"attachment-full size-full\" alt=\"\" srcset=\"https:\/\/uzisibalkaninak.com\/wp-content\/uploads\/2026\/04\/106.jpeg 1200w, https:\/\/uzisibalkaninak.com\/wp-content\/uploads\/2026\/04\/106-225x300.jpeg 225w, https:\/\/uzisibalkaninak.com\/wp-content\/uploads\/2026\/04\/106-768x1024.jpeg 768w, https:\/\/uzisibalkaninak.com\/wp-content\/uploads\/2026\/04\/106-1152x1536.jpeg 1152w\" sizes=\"auto, (max-width: 1200px) 100vw, 1200px\" \/><\/a>\n\t\t\t<\/div><\/figure>\n\t\t<\/div>\n\n<p class=\"tm6\"><span class=\"tm7\">Starigrad toho pon\u00faka skuto\u010dne ve\u013ea. Ja som v\u00e1m predstavila nieko\u013eko zauj\u00edmav\u00fdch miest, ale z\u010faleka nie v\u0161etky. Budem sa te\u0161i\u0165 ak som v\u00e1s nie\u010d\u00edm in\u0161pirovala.<\/span><\/p>\n<div id='gallery-19' class='gallery galleryid-2254 gallery-columns-1 gallery-size-full'><figure class='gallery-item'>\n\t\t\t<div class='gallery-icon portrait'>\n\t\t\t\t<a href='https:\/\/uzisibalkaninak.com\/index.php\/2026\/04\/10\/o-mestecku-starigrad-paklenica\/142-3\/'><img loading=\"lazy\" decoding=\"async\" width=\"1200\" height=\"1600\" src=\"https:\/\/uzisibalkaninak.com\/wp-content\/uploads\/2026\/04\/142.jpeg\" class=\"attachment-full size-full\" alt=\"\" srcset=\"https:\/\/uzisibalkaninak.com\/wp-content\/uploads\/2026\/04\/142.jpeg 1200w, https:\/\/uzisibalkaninak.com\/wp-content\/uploads\/2026\/04\/142-225x300.jpeg 225w, https:\/\/uzisibalkaninak.com\/wp-content\/uploads\/2026\/04\/142-768x1024.jpeg 768w, https:\/\/uzisibalkaninak.com\/wp-content\/uploads\/2026\/04\/142-1152x1536.jpeg 1152w\" sizes=\"auto, (max-width: 1200px) 100vw, 1200px\" \/><\/a>\n\t\t\t<\/div><\/figure><figure class='gallery-item'>\n\t\t\t<div class='gallery-icon portrait'>\n\t\t\t\t<a href='https:\/\/uzisibalkaninak.com\/index.php\/2026\/04\/10\/o-mestecku-starigrad-paklenica\/140-3\/'><img loading=\"lazy\" decoding=\"async\" width=\"1200\" height=\"1600\" src=\"https:\/\/uzisibalkaninak.com\/wp-content\/uploads\/2026\/04\/140.jpeg\" class=\"attachment-full size-full\" alt=\"\" aria-describedby=\"gallery-19-2424\" srcset=\"https:\/\/uzisibalkaninak.com\/wp-content\/uploads\/2026\/04\/140.jpeg 1200w, https:\/\/uzisibalkaninak.com\/wp-content\/uploads\/2026\/04\/140-225x300.jpeg 225w, https:\/\/uzisibalkaninak.com\/wp-content\/uploads\/2026\/04\/140-768x1024.jpeg 768w, https:\/\/uzisibalkaninak.com\/wp-content\/uploads\/2026\/04\/140-1152x1536.jpeg 1152w\" sizes=\"auto, (max-width: 1200px) 100vw, 1200px\" \/><\/a>\n\t\t\t<\/div>\n\t\t\t\t<figcaption class='wp-caption-text gallery-caption' id='gallery-19-2424'>\n\t\t\t\tAndrea\n\t\t\t\t<\/figcaption><\/figure>\n\t\t<\/div>\n\n<p><span class=\"tm8 sk-check-for-highlights\">Ak by ste sa rozhodli \u00eds\u0165 po mojich stop\u00e1ch a potrebovali by ste \u00a0radu oh\u013eadom ubytovania, jedla, turistick\u00fdch v\u00fdstupov, \u010di in\u00e9ho sp\u00f4sobu tr\u00e1venia \u010dasu v okol\u00ed Starigradu a Paklenice, nev\u00e1hajte ma kontaktova\u0165 prostredn\u00edctvom emailovej adresy <\/span><u class=\"sk-check-for-highlights\"><a class=\"sk-check-for-highlights\" href=\"https:\/\/uzisibalkaninak.com\/index.php\/2026\/01\/04\/vystup-na-zoljin-kuk-v-paklenici\/mailto:ajka@uzisibalkaninak.com\"><span class=\"tm8 sk-check-for-highlights\"><span class=\"sk-aug-highlight sk-check-for-highlights\" data-markjs=\"true\" data-sk-type=\"email-address\">ajka@uzisibalkaninak.com<\/span><\/span><\/a><\/u>\u00a0, mojej\u00a0<u class=\"sk-check-for-highlights\"><a class=\"sk-check-for-highlights\" href=\"https:\/\/www.facebook.com\/share\/18n4hwjo1Q\/?mibextid=wwXIfr\"><span class=\"tm8 sk-check-for-highlights\">FB str\u00e1nky U\u017ei si Balk\u00e1n inak<\/span><\/a><\/u>\u00a0alebo\u00a0<u class=\"sk-check-for-highlights\"><a class=\"sk-check-for-highlights\" href=\"https:\/\/www.instagram.com\/uzisibalkaninak\/?igsh=M2FscHB5dm1vZXg0&amp;utm_source=qr\"><span class=\"tm8 sk-check-for-highlights\">Instagramu<\/span><\/a><\/u>.<\/p>\n<p>&nbsp;<\/p>\n<p><span class=\"tm8 sk-check-for-highlights\">P.S.: V\u0161etky fotky s\u00fa chr\u00e1nen\u00e9 autorsk\u00fdm pr\u00e1vom\u00a0\u00a0<\/span><img decoding=\"async\" class=\"emoji sk-check-for-highlights\" role=\"img\" draggable=\"false\" src=\"https:\/\/s.w.org\/images\/core\/emoji\/17.0.2\/svg\/1f642.svg\" alt=\"\ud83d\ude42\" \/><\/p>\n<p>&nbsp;<\/p>\n","protected":false},"excerpt":{"rendered":"<p>O mojich potulk\u00e1ch po Paklenici som u\u017e nap\u00edsala nieko\u013eko \u010dl\u00e1nkov. Ale nikdy som v\u00e1m nepredstavila pr\u00edmorsk\u00e9 meste\u010dko Starigrad, ktor\u00e9 m\u00e1m ve\u013emi rada a ktor\u00fd vyu\u017e\u00edvam ako \u201emoju z\u00e1klad\u0148u\u201c pri potulk\u00e1ch po k\u00fatoch Ju\u017en\u00e9ho Velebitu. Toto mesto pon\u00faka v\u0161etko, \u010do potrebujem: nedotknut\u00fa pr\u00edrodu v okol\u00ed, pokoj (obzvl\u00e1\u0161\u0165 na jar a jese\u0148), modr\u00e9 more, tepl\u00e9 slnko a [&hellip;]<\/p>\n","protected":false},"author":1,"featured_media":2255,"comment_status":"open","ping_status":"open","sticky":false,"template":"","format":"standard","meta":{"footnotes":""},"categories":[5,1],"tags":[798,8,797,33,97,135,794,189,799,796,40,795,129,219,39,193,133,194],"class_list":["post-2254","post","type-post","status-publish","format-standard","has-post-thumbnail","hentry","category-chorvatsko","category-uncategorized","tag-argyruntum","tag-balkan","tag-centrum","tag-chorvatsko","tag-dalmacia","tag-historia","tag-libinska-kosa","tag-majstorska-cesta","tag-modric","tag-okolie","tag-paklenica","tag-plaze","tag-prechadzka","tag-restauracia","tag-starigrad","tag-tulove-grede","tag-velebit","tag-vrhprag"],"lang":"sk","translations":{"sk":2254,"ru":2564,"en":2557,"hr":2560},"pll_sync_post":{},"_links":{"self":[{"href":"https:\/\/uzisibalkaninak.com\/index.php\/wp-json\/wp\/v2\/posts\/2254","targetHints":{"allow":["GET"]}}],"collection":[{"href":"https:\/\/uzisibalkaninak.com\/index.php\/wp-json\/wp\/v2\/posts"}],"about":[{"href":"https:\/\/uzisibalkaninak.com\/index.php\/wp-json\/wp\/v2\/types\/post"}],"author":[{"embeddable":true,"href":"https:\/\/uzisibalkaninak.com\/index.php\/wp-json\/wp\/v2\/users\/1"}],"replies":[{"embeddable":true,"href":"https:\/\/uzisibalkaninak.com\/index.php\/wp-json\/wp\/v2\/comments?post=2254"}],"version-history":[{"count":2,"href":"https:\/\/uzisibalkaninak.com\/index.php\/wp-json\/wp\/v2\/posts\/2254\/revisions"}],"predecessor-version":[{"id":2427,"href":"https:\/\/uzisibalkaninak.com\/index.php\/wp-json\/wp\/v2\/posts\/2254\/revisions\/2427"}],"wp:featuredmedia":[{"embeddable":true,"href":"https:\/\/uzisibalkaninak.com\/index.php\/wp-json\/wp\/v2\/media\/2255"}],"wp:attachment":[{"href":"https:\/\/uzisibalkaninak.com\/index.php\/wp-json\/wp\/v2\/media?parent=2254"}],"wp:term":[{"taxonomy":"category","embeddable":true,"href":"https:\/\/uzisibalkaninak.com\/index.php\/wp-json\/wp\/v2\/categories?post=2254"},{"taxonomy":"post_tag","embeddable":true,"href":"https:\/\/uzisibalkaninak.com\/index.php\/wp-json\/wp\/v2\/tags?post=2254"}],"curies":[{"name":"wp","href":"https:\/\/api.w.org\/{rel}","templated":true}]}}