{"id":1636,"date":"2026-03-25T15:14:11","date_gmt":"2026-03-25T15:14:11","guid":{"rendered":"https:\/\/uzisibalkaninak.com\/wordpress\/?p=1636"},"modified":"2026-03-25T15:14:47","modified_gmt":"2026-03-25T15:14:47","slug":"tulacky-pod-dinarou","status":"publish","type":"post","link":"https:\/\/uzisibalkaninak.com\/index.php\/2026\/03\/25\/tulacky-pod-dinarou\/","title":{"rendered":"T\u00fala\u010dky pod Dinarou"},"content":{"rendered":"<p><span class=\"tm7\">Tento \u010dl\u00e1nok bude trochu in\u00fd. Nebude o prech\u00e1dzke, \u010di t\u00fare, bude o miestach, ktor\u00e9 m\u00f4\u017eete \u013eahko nav\u0161t\u00edvi\u0165, sta\u010d\u00ed chcie\u0165 a vedie\u0165 o nich \u263a \u2026 P\u00f4jdeme do chorv\u00e1tskej dedinky Cetina.<\/span><\/p>\n<div id='gallery-1' class='gallery galleryid-1636 gallery-columns-1 gallery-size-full'><figure class='gallery-item'>\n\t\t\t<div class='gallery-icon landscape'>\n\t\t\t\t<a href='https:\/\/uzisibalkaninak.com\/1-18\/'><img loading=\"lazy\" decoding=\"async\" width=\"1147\" height=\"681\" src=\"https:\/\/uzisibalkaninak.com\/wp-content\/uploads\/2026\/03\/1-14.jpg\" class=\"attachment-full size-full\" alt=\"\" srcset=\"https:\/\/uzisibalkaninak.com\/wp-content\/uploads\/2026\/03\/1-14.jpg 1147w, https:\/\/uzisibalkaninak.com\/wp-content\/uploads\/2026\/03\/1-14-300x178.jpg 300w, https:\/\/uzisibalkaninak.com\/wp-content\/uploads\/2026\/03\/1-14-1024x608.jpg 1024w, https:\/\/uzisibalkaninak.com\/wp-content\/uploads\/2026\/03\/1-14-768x456.jpg 768w\" sizes=\"auto, (max-width: 1147px) 100vw, 1147px\" \/><\/a>\n\t\t\t<\/div><\/figure>\n\t\t<\/div>\n\n<p>&nbsp;<\/p>\n<p style=\"text-align: center;\"><strong><span class=\"tm7\">*Dedinka Cetina*<\/span><\/strong><\/p>\n<p class=\"tm6\"><span class=\"tm7\">T\u00e1to podhorsk\u00e1 dedinka sa nach\u00e1dza v dalmat\u00ednskom vn\u00fatrozem\u00ed na svahoch Din\u00e1rskeho pohoria vo v\u00fd\u0161ke 385 metrov nad morom. Zo Splitu to sem m\u00e1te probli\u017ene 80 km, z najbli\u017e\u0161ieho mesta Knin je to 33 kilometrov. V roku 2011 tu \u017eilo 195 \u013eud\u00ed. Pritom v roku 1991 tu \u017eilo 853 obyvate\u013eov. Dom\u00e1ci, \u010do tu \u017eij\u00fa, sa venuj\u00fa preva\u017ene po\u013enohospod\u00e1rstvu.<\/span><\/p>\n<p class=\"tm6\"><span class=\"tm7\">Dedinka sa ale nevolala v\u017edy Cetina. Toto \u00fazemie bolo os\u00eddlen\u00e9 u\u017e od praveku, v staroveku mala meno Delmata. V stredoveku to zas bola osada Vrhrika (Vrlika), s\u00eddlo Vrhrikskej \u017eupy. Po\u010das Osmansk\u00fdch v\u00fdbojov sa v\u00e4\u010d\u0161ina obyvate\u013estva pres\u0165ahovala do ne\u010falek\u00e9ho meste\u010dka Prozor (dnes Vrlika), ktor\u00e9 bolo lep\u0161ie opevnen\u00e9. Kedysi i\u0161lo o v\u00fdznamn\u00fa a bohat\u00fa dedinu, v s\u00fa\u010dasnosti je sk\u00f4r polopr\u00e1zdna, ve\u013ea domov je rozpadnut\u00fdch. Ale napriek v\u0161etk\u00fdm ne\u0161\u0165astiam, ktor\u00e9 Cetinu postihli v minulosti, je n\u00e1dhern\u00e1. V\u00e4\u010d\u0161inu obyvate\u013estva tvoria star\u0161\u00ed \u013eudia, ale ka\u017ed\u00e9 stretnutie a rozhovor s nimi pote\u0161\u00ed a povzbud\u00ed. A aj ke\u010f po\u010das posledn\u00fdch rokov sa demografick\u00e1 situ\u00e1cia zlep\u0161ila, st\u00e1le to nie je to, \u010do si tento regi\u00f3n zasl\u00fa\u017ei.<\/span><\/p>\n<div id='gallery-2' class='gallery galleryid-1636 gallery-columns-1 gallery-size-full'><figure class='gallery-item'>\n\t\t\t<div class='gallery-icon landscape'>\n\t\t\t\t<a href='https:\/\/uzisibalkaninak.com\/2-18\/'><img loading=\"lazy\" decoding=\"async\" width=\"1600\" height=\"1200\" src=\"https:\/\/uzisibalkaninak.com\/wp-content\/uploads\/2026\/03\/2.jpeg\" class=\"attachment-full size-full\" alt=\"\" srcset=\"https:\/\/uzisibalkaninak.com\/wp-content\/uploads\/2026\/03\/2.jpeg 1600w, https:\/\/uzisibalkaninak.com\/wp-content\/uploads\/2026\/03\/2-300x225.jpeg 300w, https:\/\/uzisibalkaninak.com\/wp-content\/uploads\/2026\/03\/2-1024x768.jpeg 1024w, https:\/\/uzisibalkaninak.com\/wp-content\/uploads\/2026\/03\/2-768x576.jpeg 768w, https:\/\/uzisibalkaninak.com\/wp-content\/uploads\/2026\/03\/2-1536x1152.jpeg 1536w\" sizes=\"auto, (max-width: 1600px) 100vw, 1600px\" \/><\/a>\n\t\t\t<\/div><\/figure><figure class='gallery-item'>\n\t\t\t<div class='gallery-icon landscape'>\n\t\t\t\t<a href='https:\/\/uzisibalkaninak.com\/3-16\/'><img loading=\"lazy\" decoding=\"async\" width=\"1600\" height=\"1200\" src=\"https:\/\/uzisibalkaninak.com\/wp-content\/uploads\/2026\/03\/3-1.jpeg\" class=\"attachment-full size-full\" alt=\"\" srcset=\"https:\/\/uzisibalkaninak.com\/wp-content\/uploads\/2026\/03\/3-1.jpeg 1600w, https:\/\/uzisibalkaninak.com\/wp-content\/uploads\/2026\/03\/3-1-300x225.jpeg 300w, https:\/\/uzisibalkaninak.com\/wp-content\/uploads\/2026\/03\/3-1-1024x768.jpeg 1024w, https:\/\/uzisibalkaninak.com\/wp-content\/uploads\/2026\/03\/3-1-768x576.jpeg 768w, https:\/\/uzisibalkaninak.com\/wp-content\/uploads\/2026\/03\/3-1-1536x1152.jpeg 1536w\" sizes=\"auto, (max-width: 1600px) 100vw, 1600px\" \/><\/a>\n\t\t\t<\/div><\/figure><figure class='gallery-item'>\n\t\t\t<div class='gallery-icon landscape'>\n\t\t\t\t<a href='https:\/\/uzisibalkaninak.com\/4-16\/'><img loading=\"lazy\" decoding=\"async\" width=\"1600\" height=\"1200\" src=\"https:\/\/uzisibalkaninak.com\/wp-content\/uploads\/2026\/03\/4-1.jpeg\" class=\"attachment-full size-full\" alt=\"\" srcset=\"https:\/\/uzisibalkaninak.com\/wp-content\/uploads\/2026\/03\/4-1.jpeg 1600w, https:\/\/uzisibalkaninak.com\/wp-content\/uploads\/2026\/03\/4-1-300x225.jpeg 300w, https:\/\/uzisibalkaninak.com\/wp-content\/uploads\/2026\/03\/4-1-1024x768.jpeg 1024w, https:\/\/uzisibalkaninak.com\/wp-content\/uploads\/2026\/03\/4-1-768x576.jpeg 768w, https:\/\/uzisibalkaninak.com\/wp-content\/uploads\/2026\/03\/4-1-1536x1152.jpeg 1536w\" sizes=\"auto, (max-width: 1600px) 100vw, 1600px\" \/><\/a>\n\t\t\t<\/div><\/figure>\n\t\t<\/div>\n\n<p>&nbsp;<\/p>\n<p style=\"text-align: center;\"><strong><span class=\"tm7\">*Jedna z per\u00e1l Dalm\u00e1cie &#8211; rieka Cetina*<\/span><\/strong><\/p>\n<p><span class=\"tm7\">Rieka pretekaj\u00faca obcou Cetina nesie rovnak\u00e9 meno. Nem\u00e1 len jeden prame\u0148, ale svoju cestu za\u010d\u00edna a\u017e na troch r\u00f4znych miestach. Nesk\u00f4r sa tieto pramene sp\u00e1jaj\u00fa do jednej rieky. Rieka pretek\u00e1 vodnou n\u00e1dr\u017eou Peru\u010dko jezero a n\u00e1sledne o vy\u0161e 100 kilometrov \u010falej sa vlieva do Jadransk\u00e9ho mora pri meste Omi\u0161.<\/span><\/p>\n<div id='gallery-3' class='gallery galleryid-1636 gallery-columns-1 gallery-size-full'><figure class='gallery-item'>\n\t\t\t<div class='gallery-icon portrait'>\n\t\t\t\t<a href='https:\/\/uzisibalkaninak.com\/5-16\/'><img loading=\"lazy\" decoding=\"async\" width=\"1200\" height=\"1600\" src=\"https:\/\/uzisibalkaninak.com\/wp-content\/uploads\/2026\/03\/5-1.jpeg\" class=\"attachment-full size-full\" alt=\"\" aria-describedby=\"gallery-3-1594\" srcset=\"https:\/\/uzisibalkaninak.com\/wp-content\/uploads\/2026\/03\/5-1.jpeg 1200w, https:\/\/uzisibalkaninak.com\/wp-content\/uploads\/2026\/03\/5-1-225x300.jpeg 225w, https:\/\/uzisibalkaninak.com\/wp-content\/uploads\/2026\/03\/5-1-768x1024.jpeg 768w, https:\/\/uzisibalkaninak.com\/wp-content\/uploads\/2026\/03\/5-1-1152x1536.jpeg 1152w\" sizes=\"auto, (max-width: 1200px) 100vw, 1200px\" \/><\/a>\n\t\t\t<\/div>\n\t\t\t\t<figcaption class='wp-caption-text gallery-caption' id='gallery-3-1594'>\n\t\t\t\tCetina na za\u010diatku svojho toku\n\t\t\t\t<\/figcaption><\/figure><figure class='gallery-item'>\n\t\t\t<div class='gallery-icon portrait'>\n\t\t\t\t<a href='https:\/\/uzisibalkaninak.com\/6-16\/'><img loading=\"lazy\" decoding=\"async\" width=\"1200\" height=\"1600\" src=\"https:\/\/uzisibalkaninak.com\/wp-content\/uploads\/2026\/03\/6-1.jpeg\" class=\"attachment-full size-full\" alt=\"\" srcset=\"https:\/\/uzisibalkaninak.com\/wp-content\/uploads\/2026\/03\/6-1.jpeg 1200w, https:\/\/uzisibalkaninak.com\/wp-content\/uploads\/2026\/03\/6-1-225x300.jpeg 225w, https:\/\/uzisibalkaninak.com\/wp-content\/uploads\/2026\/03\/6-1-768x1024.jpeg 768w, https:\/\/uzisibalkaninak.com\/wp-content\/uploads\/2026\/03\/6-1-1152x1536.jpeg 1152w\" sizes=\"auto, (max-width: 1200px) 100vw, 1200px\" \/><\/a>\n\t\t\t<\/div><\/figure><figure class='gallery-item'>\n\t\t\t<div class='gallery-icon portrait'>\n\t\t\t\t<a href='https:\/\/uzisibalkaninak.com\/31-7\/'><img loading=\"lazy\" decoding=\"async\" width=\"1200\" height=\"1600\" src=\"https:\/\/uzisibalkaninak.com\/wp-content\/uploads\/2026\/03\/31-6.jpg\" class=\"attachment-full size-full\" alt=\"\" aria-describedby=\"gallery-3-628\" srcset=\"https:\/\/uzisibalkaninak.com\/wp-content\/uploads\/2026\/03\/31-6.jpg 1200w, https:\/\/uzisibalkaninak.com\/wp-content\/uploads\/2026\/03\/31-6-225x300.jpg 225w, https:\/\/uzisibalkaninak.com\/wp-content\/uploads\/2026\/03\/31-6-768x1024.jpg 768w, https:\/\/uzisibalkaninak.com\/wp-content\/uploads\/2026\/03\/31-6-1152x1536.jpg 1152w\" sizes=\"auto, (max-width: 1200px) 100vw, 1200px\" \/><\/a>\n\t\t\t<\/div>\n\t\t\t\t<figcaption class='wp-caption-text gallery-caption' id='gallery-3-628'>\n\t\t\t\tCetina na konci svojho toku\n\t\t\t\t<\/figcaption><\/figure>\n\t\t<\/div>\n\n<p>&nbsp;<\/p>\n<p><span class=\"tm7\">My si uk\u00e1\u017eeme ten najv\u00e4\u010d\u0161\u00ed prame\u0148 rieky Cetina &#8211; skuto\u010dn\u00fd klenot v kr\u00e1snom prostred\u00ed &#8211; m\u00e1 viacej mien &#8211; Veliko vrilo, Oko zeme alebo Dra\u010die oko. Nach\u00e1dza sa priamo uprostred dediny, tak\u017ee sta\u010d\u00ed len zaparkova\u0165 a m\u00f4\u017eete sa zhora kocha\u0165 t\u00fdmto kr\u00e1snym pr\u00edrodn\u00fdm dielom. Jeho z\u00e1hadou je, \u017ee sa nikdy nepodarilo zmera\u0165 presn\u00fa h\u013abku prame\u0148a. \u00dadaje o jeho h\u013abke sa preto r\u00f4znia, pod\u013ea niektor\u00fdch \u00fadajov sa podarilo dosiahnu\u0165 h\u013abku 155 metrov, ale to z\u010faleko nebolo dno. Po\u010das realiz\u00e1cie pokusov o zmeranie h\u013abky tu dokonca zahynul pot\u00e1pa\u010d.<\/span><\/p>\n<div id='gallery-4' class='gallery galleryid-1636 gallery-columns-1 gallery-size-full'><figure class='gallery-item'>\n\t\t\t<div class='gallery-icon portrait'>\n\t\t\t\t<a href='https:\/\/uzisibalkaninak.com\/7-16\/'><img loading=\"lazy\" decoding=\"async\" width=\"1200\" height=\"1600\" src=\"https:\/\/uzisibalkaninak.com\/wp-content\/uploads\/2026\/03\/7-1.jpeg\" class=\"attachment-full size-full\" alt=\"\" srcset=\"https:\/\/uzisibalkaninak.com\/wp-content\/uploads\/2026\/03\/7-1.jpeg 1200w, https:\/\/uzisibalkaninak.com\/wp-content\/uploads\/2026\/03\/7-1-225x300.jpeg 225w, https:\/\/uzisibalkaninak.com\/wp-content\/uploads\/2026\/03\/7-1-768x1024.jpeg 768w, https:\/\/uzisibalkaninak.com\/wp-content\/uploads\/2026\/03\/7-1-1152x1536.jpeg 1152w\" sizes=\"auto, (max-width: 1200px) 100vw, 1200px\" \/><\/a>\n\t\t\t<\/div><\/figure><figure class='gallery-item'>\n\t\t\t<div class='gallery-icon portrait'>\n\t\t\t\t<a href='https:\/\/uzisibalkaninak.com\/9-16\/'><img loading=\"lazy\" decoding=\"async\" width=\"1200\" height=\"1599\" src=\"https:\/\/uzisibalkaninak.com\/wp-content\/uploads\/2026\/03\/9-1.jpeg\" class=\"attachment-full size-full\" alt=\"\" srcset=\"https:\/\/uzisibalkaninak.com\/wp-content\/uploads\/2026\/03\/9-1.jpeg 1200w, https:\/\/uzisibalkaninak.com\/wp-content\/uploads\/2026\/03\/9-1-225x300.jpeg 225w, https:\/\/uzisibalkaninak.com\/wp-content\/uploads\/2026\/03\/9-1-768x1023.jpeg 768w, https:\/\/uzisibalkaninak.com\/wp-content\/uploads\/2026\/03\/9-1-1153x1536.jpeg 1153w\" sizes=\"auto, (max-width: 1200px) 100vw, 1200px\" \/><\/a>\n\t\t\t<\/div><\/figure><figure class='gallery-item'>\n\t\t\t<div class='gallery-icon portrait'>\n\t\t\t\t<a href='https:\/\/uzisibalkaninak.com\/10-16\/'><img loading=\"lazy\" decoding=\"async\" width=\"1200\" height=\"1600\" src=\"https:\/\/uzisibalkaninak.com\/wp-content\/uploads\/2026\/03\/10-1.jpeg\" class=\"attachment-full size-full\" alt=\"\" srcset=\"https:\/\/uzisibalkaninak.com\/wp-content\/uploads\/2026\/03\/10-1.jpeg 1200w, https:\/\/uzisibalkaninak.com\/wp-content\/uploads\/2026\/03\/10-1-225x300.jpeg 225w, https:\/\/uzisibalkaninak.com\/wp-content\/uploads\/2026\/03\/10-1-768x1024.jpeg 768w, https:\/\/uzisibalkaninak.com\/wp-content\/uploads\/2026\/03\/10-1-1152x1536.jpeg 1152w\" sizes=\"auto, (max-width: 1200px) 100vw, 1200px\" \/><\/a>\n\t\t\t<\/div><\/figure><figure class='gallery-item'>\n\t\t\t<div class='gallery-icon landscape'>\n\t\t\t\t<a href='https:\/\/uzisibalkaninak.com\/8-16\/'><img loading=\"lazy\" decoding=\"async\" width=\"1600\" height=\"1200\" src=\"https:\/\/uzisibalkaninak.com\/wp-content\/uploads\/2026\/03\/8-1.jpeg\" class=\"attachment-full size-full\" alt=\"\" srcset=\"https:\/\/uzisibalkaninak.com\/wp-content\/uploads\/2026\/03\/8-1.jpeg 1600w, https:\/\/uzisibalkaninak.com\/wp-content\/uploads\/2026\/03\/8-1-300x225.jpeg 300w, https:\/\/uzisibalkaninak.com\/wp-content\/uploads\/2026\/03\/8-1-1024x768.jpeg 1024w, https:\/\/uzisibalkaninak.com\/wp-content\/uploads\/2026\/03\/8-1-768x576.jpeg 768w, https:\/\/uzisibalkaninak.com\/wp-content\/uploads\/2026\/03\/8-1-1536x1152.jpeg 1536w\" sizes=\"auto, (max-width: 1600px) 100vw, 1600px\" \/><\/a>\n\t\t\t<\/div><\/figure>\n\t\t<\/div>\n\n<p><span class=\"tm7\">Farba vody tohto pr\u00edrodn\u00e9ho v\u00fdtvoru hr\u00e1 r\u00f4znymi odtie\u0148mi modrej a zelenej. Voda je kry\u0161t\u00e1lovo \u010dist\u00e1 a aj po\u010das hor\u00facich letn\u00fdch mesiacov \u013eadovo studen\u00e1. Je tu z\u00e1kaz k\u00fapania, ktor\u00fd sa pravidelne poru\u0161uje. K jazierku sa d\u00e1 z\u00eds\u0165, ako aj prejs\u0165 sa okolo neho.<\/span><\/p>\n<div id='gallery-5' class='gallery galleryid-1636 gallery-columns-1 gallery-size-full'><figure class='gallery-item'>\n\t\t\t<div class='gallery-icon portrait'>\n\t\t\t\t<a href='https:\/\/uzisibalkaninak.com\/11-16\/'><img loading=\"lazy\" decoding=\"async\" width=\"1200\" height=\"1600\" src=\"https:\/\/uzisibalkaninak.com\/wp-content\/uploads\/2026\/03\/11-1.jpeg\" class=\"attachment-full size-full\" alt=\"\" srcset=\"https:\/\/uzisibalkaninak.com\/wp-content\/uploads\/2026\/03\/11-1.jpeg 1200w, https:\/\/uzisibalkaninak.com\/wp-content\/uploads\/2026\/03\/11-1-225x300.jpeg 225w, https:\/\/uzisibalkaninak.com\/wp-content\/uploads\/2026\/03\/11-1-768x1024.jpeg 768w, https:\/\/uzisibalkaninak.com\/wp-content\/uploads\/2026\/03\/11-1-1152x1536.jpeg 1152w\" sizes=\"auto, (max-width: 1200px) 100vw, 1200px\" \/><\/a>\n\t\t\t<\/div><\/figure><figure class='gallery-item'>\n\t\t\t<div class='gallery-icon portrait'>\n\t\t\t\t<a href='https:\/\/uzisibalkaninak.com\/12-16\/'><img loading=\"lazy\" decoding=\"async\" width=\"1200\" height=\"1600\" src=\"https:\/\/uzisibalkaninak.com\/wp-content\/uploads\/2026\/03\/12-1.jpeg\" class=\"attachment-full size-full\" alt=\"\" srcset=\"https:\/\/uzisibalkaninak.com\/wp-content\/uploads\/2026\/03\/12-1.jpeg 1200w, https:\/\/uzisibalkaninak.com\/wp-content\/uploads\/2026\/03\/12-1-225x300.jpeg 225w, https:\/\/uzisibalkaninak.com\/wp-content\/uploads\/2026\/03\/12-1-768x1024.jpeg 768w, https:\/\/uzisibalkaninak.com\/wp-content\/uploads\/2026\/03\/12-1-1152x1536.jpeg 1152w\" sizes=\"auto, (max-width: 1200px) 100vw, 1200px\" \/><\/a>\n\t\t\t<\/div><\/figure><figure class='gallery-item'>\n\t\t\t<div class='gallery-icon portrait'>\n\t\t\t\t<a href='https:\/\/uzisibalkaninak.com\/13-16\/'><img loading=\"lazy\" decoding=\"async\" width=\"1200\" height=\"1600\" src=\"https:\/\/uzisibalkaninak.com\/wp-content\/uploads\/2026\/03\/13.jpeg\" class=\"attachment-full size-full\" alt=\"\" srcset=\"https:\/\/uzisibalkaninak.com\/wp-content\/uploads\/2026\/03\/13.jpeg 1200w, https:\/\/uzisibalkaninak.com\/wp-content\/uploads\/2026\/03\/13-225x300.jpeg 225w, https:\/\/uzisibalkaninak.com\/wp-content\/uploads\/2026\/03\/13-768x1024.jpeg 768w, https:\/\/uzisibalkaninak.com\/wp-content\/uploads\/2026\/03\/13-1152x1536.jpeg 1152w\" sizes=\"auto, (max-width: 1200px) 100vw, 1200px\" \/><\/a>\n\t\t\t<\/div><\/figure>\n\t\t<\/div>\n\n<p><span class=\"tm7\">K \u201eOku zeme\u201c patr\u00ed pravosl\u00e1vny Chr\u00e1m Nanebovst\u00fapenia P\u00e1na (Crkva Vaznesenja Gospodnjeg). V\u00fdstavbu financovali v roku 1940 Marko a Jelena \u010cetnikovci zo srbsk\u00e9ho Belehradu. Po\u010das II. svetovej vojny bol chr\u00e1m zni\u010den\u00fd. Op\u00e4tovne bol postaven\u00fd v roku 1974. Po\u010das ob\u010dianskej vojny v 90. rokoch bol chr\u00e1m vyp\u00e1len\u00fd (1995). V s\u00fa\u010dasnosti v\u0161ak op\u00e4\u0165 stoj\u00ed a aj pln\u00ed svoje poslanie, prebiehaj\u00fa tu pravideln\u00e9 bohoslu\u017eby. Tento chr\u00e1m spolo\u010dne s \u201eOkom zeme\u201c a okolitou pr\u00edrodou vytv\u00e1ra \u00fachvatn\u00fa scen\u00e9riu.<\/span><\/p>\n<div id='gallery-6' class='gallery galleryid-1636 gallery-columns-1 gallery-size-full'><figure class='gallery-item'>\n\t\t\t<div class='gallery-icon portrait'>\n\t\t\t\t<a href='https:\/\/uzisibalkaninak.com\/17-16\/'><img loading=\"lazy\" decoding=\"async\" width=\"1200\" height=\"1600\" src=\"https:\/\/uzisibalkaninak.com\/wp-content\/uploads\/2026\/03\/17.jpeg\" class=\"attachment-full size-full\" alt=\"\" srcset=\"https:\/\/uzisibalkaninak.com\/wp-content\/uploads\/2026\/03\/17.jpeg 1200w, https:\/\/uzisibalkaninak.com\/wp-content\/uploads\/2026\/03\/17-225x300.jpeg 225w, https:\/\/uzisibalkaninak.com\/wp-content\/uploads\/2026\/03\/17-768x1024.jpeg 768w, https:\/\/uzisibalkaninak.com\/wp-content\/uploads\/2026\/03\/17-1152x1536.jpeg 1152w\" sizes=\"auto, (max-width: 1200px) 100vw, 1200px\" \/><\/a>\n\t\t\t<\/div><\/figure><figure class='gallery-item'>\n\t\t\t<div class='gallery-icon portrait'>\n\t\t\t\t<a href='https:\/\/uzisibalkaninak.com\/16-16\/'><img loading=\"lazy\" decoding=\"async\" width=\"1200\" height=\"1600\" src=\"https:\/\/uzisibalkaninak.com\/wp-content\/uploads\/2026\/03\/16.jpeg\" class=\"attachment-full size-full\" alt=\"\" srcset=\"https:\/\/uzisibalkaninak.com\/wp-content\/uploads\/2026\/03\/16.jpeg 1200w, https:\/\/uzisibalkaninak.com\/wp-content\/uploads\/2026\/03\/16-225x300.jpeg 225w, https:\/\/uzisibalkaninak.com\/wp-content\/uploads\/2026\/03\/16-768x1024.jpeg 768w, https:\/\/uzisibalkaninak.com\/wp-content\/uploads\/2026\/03\/16-1152x1536.jpeg 1152w\" sizes=\"auto, (max-width: 1200px) 100vw, 1200px\" \/><\/a>\n\t\t\t<\/div><\/figure><figure class='gallery-item'>\n\t\t\t<div class='gallery-icon portrait'>\n\t\t\t\t<a href='https:\/\/uzisibalkaninak.com\/14-16\/'><img loading=\"lazy\" decoding=\"async\" width=\"1227\" height=\"1600\" src=\"https:\/\/uzisibalkaninak.com\/wp-content\/uploads\/2026\/03\/14.jpeg\" class=\"attachment-full size-full\" alt=\"\" srcset=\"https:\/\/uzisibalkaninak.com\/wp-content\/uploads\/2026\/03\/14.jpeg 1227w, https:\/\/uzisibalkaninak.com\/wp-content\/uploads\/2026\/03\/14-230x300.jpeg 230w, https:\/\/uzisibalkaninak.com\/wp-content\/uploads\/2026\/03\/14-785x1024.jpeg 785w, https:\/\/uzisibalkaninak.com\/wp-content\/uploads\/2026\/03\/14-768x1001.jpeg 768w, https:\/\/uzisibalkaninak.com\/wp-content\/uploads\/2026\/03\/14-1178x1536.jpeg 1178w\" sizes=\"auto, (max-width: 1227px) 100vw, 1227px\" \/><\/a>\n\t\t\t<\/div><\/figure><figure class='gallery-item'>\n\t\t\t<div class='gallery-icon portrait'>\n\t\t\t\t<a href='https:\/\/uzisibalkaninak.com\/15-16\/'><img loading=\"lazy\" decoding=\"async\" width=\"1200\" height=\"1600\" src=\"https:\/\/uzisibalkaninak.com\/wp-content\/uploads\/2026\/03\/15.jpeg\" class=\"attachment-full size-full\" alt=\"\" srcset=\"https:\/\/uzisibalkaninak.com\/wp-content\/uploads\/2026\/03\/15.jpeg 1200w, https:\/\/uzisibalkaninak.com\/wp-content\/uploads\/2026\/03\/15-225x300.jpeg 225w, https:\/\/uzisibalkaninak.com\/wp-content\/uploads\/2026\/03\/15-768x1024.jpeg 768w, https:\/\/uzisibalkaninak.com\/wp-content\/uploads\/2026\/03\/15-1152x1536.jpeg 1152w\" sizes=\"auto, (max-width: 1200px) 100vw, 1200px\" \/><\/a>\n\t\t\t<\/div><\/figure>\n\t\t<\/div>\n\n<p>&nbsp;<\/p>\n<p style=\"text-align: center;\"><strong><span class=\"tm8\">*Gospodska pe\u010dina<\/span><\/strong><span class=\"tm7\">*<\/span><\/p>\n<p><span class=\"tm7\">Ak sa z parkoviska rozhodnete \u00eds\u0165 asfaltkou asi 800 metrov do mierneho kopca (smerom k horskej osade Kusonji\u0107i) tak m\u00e1te \u0161ancu, \u017ee n\u00e1jdete Gospodsku pe\u010dinu (jasky\u0148u). P\u00ed\u0161em \u201em\u00e1te \u0161ancu\u201c lebo nie ka\u017ed\u00fd, kto sa t\u00fdm smerom vybral, t\u00fa jasky\u0148u na\u0161iel. Od asfaltky k nej nevedie \u017eiadne zna\u010denie, v orient\u00e1cii v\u00e1m pomo\u017ee online naviga\u010dn\u00e1 aplik\u00e1cia. Jasky\u0148a je dlh\u00e1 2 080 metrov a kon\u010d\u00ed podzemn\u00fdm jazerom. Ide taktie\u017e o najstar\u0161ie archeologick\u00e9 n\u00e1lezisko v oblasti Knin (pod\u013ea historick\u00fdch prame\u0148ov sa tu \u017eilo u\u017e pred 35 000 rokmi).<\/span><\/p>\n<div id='gallery-7' class='gallery galleryid-1636 gallery-columns-1 gallery-size-full'><figure class='gallery-item'>\n\t\t\t<div class='gallery-icon portrait'>\n\t\t\t\t<a href='https:\/\/uzisibalkaninak.com\/18-16\/'><img loading=\"lazy\" decoding=\"async\" width=\"1200\" height=\"1600\" src=\"https:\/\/uzisibalkaninak.com\/wp-content\/uploads\/2026\/03\/18.jpeg\" class=\"attachment-full size-full\" alt=\"\" srcset=\"https:\/\/uzisibalkaninak.com\/wp-content\/uploads\/2026\/03\/18.jpeg 1200w, https:\/\/uzisibalkaninak.com\/wp-content\/uploads\/2026\/03\/18-225x300.jpeg 225w, https:\/\/uzisibalkaninak.com\/wp-content\/uploads\/2026\/03\/18-768x1024.jpeg 768w, https:\/\/uzisibalkaninak.com\/wp-content\/uploads\/2026\/03\/18-1152x1536.jpeg 1152w\" sizes=\"auto, (max-width: 1200px) 100vw, 1200px\" \/><\/a>\n\t\t\t<\/div><\/figure><figure class='gallery-item'>\n\t\t\t<div class='gallery-icon portrait'>\n\t\t\t\t<a href='https:\/\/uzisibalkaninak.com\/19-16\/'><img loading=\"lazy\" decoding=\"async\" width=\"1200\" height=\"1600\" src=\"https:\/\/uzisibalkaninak.com\/wp-content\/uploads\/2026\/03\/19.jpeg\" class=\"attachment-full size-full\" alt=\"\" srcset=\"https:\/\/uzisibalkaninak.com\/wp-content\/uploads\/2026\/03\/19.jpeg 1200w, https:\/\/uzisibalkaninak.com\/wp-content\/uploads\/2026\/03\/19-225x300.jpeg 225w, https:\/\/uzisibalkaninak.com\/wp-content\/uploads\/2026\/03\/19-768x1024.jpeg 768w, https:\/\/uzisibalkaninak.com\/wp-content\/uploads\/2026\/03\/19-1152x1536.jpeg 1152w\" sizes=\"auto, (max-width: 1200px) 100vw, 1200px\" \/><\/a>\n\t\t\t<\/div><\/figure><figure class='gallery-item'>\n\t\t\t<div class='gallery-icon portrait'>\n\t\t\t\t<a href='https:\/\/uzisibalkaninak.com\/20-16\/'><img loading=\"lazy\" decoding=\"async\" width=\"1200\" height=\"1600\" src=\"https:\/\/uzisibalkaninak.com\/wp-content\/uploads\/2026\/03\/20.jpeg\" class=\"attachment-full size-full\" alt=\"\" srcset=\"https:\/\/uzisibalkaninak.com\/wp-content\/uploads\/2026\/03\/20.jpeg 1200w, https:\/\/uzisibalkaninak.com\/wp-content\/uploads\/2026\/03\/20-225x300.jpeg 225w, https:\/\/uzisibalkaninak.com\/wp-content\/uploads\/2026\/03\/20-768x1024.jpeg 768w, https:\/\/uzisibalkaninak.com\/wp-content\/uploads\/2026\/03\/20-1152x1536.jpeg 1152w\" sizes=\"auto, (max-width: 1200px) 100vw, 1200px\" \/><\/a>\n\t\t\t<\/div><\/figure><figure class='gallery-item'>\n\t\t\t<div class='gallery-icon portrait'>\n\t\t\t\t<a href='https:\/\/uzisibalkaninak.com\/22-16\/'><img loading=\"lazy\" decoding=\"async\" width=\"1200\" height=\"1600\" src=\"https:\/\/uzisibalkaninak.com\/wp-content\/uploads\/2026\/03\/22.jpeg\" class=\"attachment-full size-full\" alt=\"\" srcset=\"https:\/\/uzisibalkaninak.com\/wp-content\/uploads\/2026\/03\/22.jpeg 1200w, https:\/\/uzisibalkaninak.com\/wp-content\/uploads\/2026\/03\/22-225x300.jpeg 225w, https:\/\/uzisibalkaninak.com\/wp-content\/uploads\/2026\/03\/22-768x1024.jpeg 768w, https:\/\/uzisibalkaninak.com\/wp-content\/uploads\/2026\/03\/22-1152x1536.jpeg 1152w\" sizes=\"auto, (max-width: 1200px) 100vw, 1200px\" \/><\/a>\n\t\t\t<\/div><\/figure>\n\t\t<\/div>\n\n<p><span class=\"tm7\">Jasky\u0148u prv\u00fd kr\u00e1t op\u00edsal speleol\u00f3g Ivan Lovri\u0107 v roku 1776. Na\u0161li sa tu pozostatky jaskynn\u00e9ho medve\u010fa, kamenn\u00e9 \u0161krabadlo z paleolitu, kamenn\u00e9 kladivo z neolitu a pozostatky prehistorickej keramiky. Taktie\u017e tu bol objaven\u00fd chrob\u00e1k Lovri\u0107ia jalzici, ktor\u00fd je zap\u00edsan\u00fd aj v \u010cervenej knihe jaskynnej fauny Chorv\u00e1tska. Zatia\u013e nebola identifikovan\u00e1 \u017eiadna in\u00e1 lokalita, kde by tento druh s\u00eddlil.<\/span><\/p>\n<p>&nbsp;<\/p>\n<p style=\"text-align: center;\"><strong><span class=\"tm7\">*Kostol Sv\u00e4t\u00e9ho Spasite\u013ea*<\/span><\/strong><\/p>\n<p><span class=\"tm7\">Z parkoviska sta\u010d\u00ed \u00eds\u0165 pribli\u017ene 600 metrov smerom k dedinskej \u010dasti Marijani a dostanete sa do o\u00e1zy pokoja a tajomnej atmosf\u00e9ry. V\u00f4jdete do are\u00e1lu star\u00e9ho cintor\u00edna a dostanete sa k ruin\u00e1m kostola Sv\u00e4t\u00e9ho Spasite\u013ea (Crkva Svetog Spasa). Uvid\u00edte ruiny predrom\u00e1nskej sakr\u00e1lnej stavby.<\/span><\/p>\n<div id='gallery-8' class='gallery galleryid-1636 gallery-columns-1 gallery-size-full'><figure class='gallery-item'>\n\t\t\t<div class='gallery-icon portrait'>\n\t\t\t\t<a href='https:\/\/uzisibalkaninak.com\/24-16\/'><img loading=\"lazy\" decoding=\"async\" width=\"1200\" height=\"1600\" src=\"https:\/\/uzisibalkaninak.com\/wp-content\/uploads\/2026\/03\/24.jpeg\" class=\"attachment-full size-full\" alt=\"\" srcset=\"https:\/\/uzisibalkaninak.com\/wp-content\/uploads\/2026\/03\/24.jpeg 1200w, https:\/\/uzisibalkaninak.com\/wp-content\/uploads\/2026\/03\/24-225x300.jpeg 225w, https:\/\/uzisibalkaninak.com\/wp-content\/uploads\/2026\/03\/24-768x1024.jpeg 768w, https:\/\/uzisibalkaninak.com\/wp-content\/uploads\/2026\/03\/24-1152x1536.jpeg 1152w\" sizes=\"auto, (max-width: 1200px) 100vw, 1200px\" \/><\/a>\n\t\t\t<\/div><\/figure><figure class='gallery-item'>\n\t\t\t<div class='gallery-icon portrait'>\n\t\t\t\t<a href='https:\/\/uzisibalkaninak.com\/25-16\/'><img loading=\"lazy\" decoding=\"async\" width=\"1200\" height=\"1600\" src=\"https:\/\/uzisibalkaninak.com\/wp-content\/uploads\/2026\/03\/25.jpeg\" class=\"attachment-full size-full\" alt=\"\" srcset=\"https:\/\/uzisibalkaninak.com\/wp-content\/uploads\/2026\/03\/25.jpeg 1200w, https:\/\/uzisibalkaninak.com\/wp-content\/uploads\/2026\/03\/25-225x300.jpeg 225w, https:\/\/uzisibalkaninak.com\/wp-content\/uploads\/2026\/03\/25-768x1024.jpeg 768w, https:\/\/uzisibalkaninak.com\/wp-content\/uploads\/2026\/03\/25-1152x1536.jpeg 1152w\" sizes=\"auto, (max-width: 1200px) 100vw, 1200px\" \/><\/a>\n\t\t\t<\/div><\/figure>\n\t\t<\/div>\n\n<p class=\"tm6\"><span class=\"tm7\">Viem, \u017ee t\u00e1to n\u00e1rodn\u00e1 pamiatka b\u00fdvala \u010dasto predmetom sporov medzi pravosl\u00e1vnymi veriacimi a katol\u00edkmi. Preto chcem hne\u010f uvies\u0165, \u017ee pri popisovan\u00ed jej hist\u00f3rie vych\u00e1dzam z viacer\u00fdch zdrojov, ako aj z rozhovorov s miestnymi obyvate\u013emi. Postoj Srbskej pravosl\u00e1vnej cirkvi je tak\u00fd, \u017ee tento kostol bol postaven\u00fd po bitke na Kosovom poli (1389) v roku 1391. Povolenie mal vyda\u0165 kr\u00e1\u013e Stefan Tvrtko I. .<\/span><\/p>\n<p class=\"tm6\"><span class=\"tm7\">Pod\u013ea stanoviska Katol\u00edckej cirkvi bol tento kostol postaven\u00fd v poslednej \u0161tvrtine 9. storo\u010dia miestnym \u017eupanom Gostihom. Ak je to tak, potom ide o jeden z najstar\u0161\u00edch a najzachovalej\u0161\u00edch stredovekej cirkevnej architekt\u00fary na \u00fazem\u00ed Chorv\u00e1tska. Vyzna\u010duje sa dodnes stojacou zvonicou. Obklopuje ho rozsiahla nekropola s pribli\u017ene 1200 stredovek\u00fdmi hrobmi, v ktor\u00fdch sa na\u0161li r\u00f4zne artefakty. Lokalita je vo\u013ene pr\u00edstupn\u00e1 n\u00e1v\u0161tevn\u00edkom.<\/span><\/p>\n<div id='gallery-9' class='gallery galleryid-1636 gallery-columns-1 gallery-size-full'><figure class='gallery-item'>\n\t\t\t<div class='gallery-icon portrait'>\n\t\t\t\t<a href='https:\/\/uzisibalkaninak.com\/29-16\/'><img loading=\"lazy\" decoding=\"async\" width=\"1200\" height=\"1600\" src=\"https:\/\/uzisibalkaninak.com\/wp-content\/uploads\/2026\/03\/29.jpeg\" class=\"attachment-full size-full\" alt=\"\" srcset=\"https:\/\/uzisibalkaninak.com\/wp-content\/uploads\/2026\/03\/29.jpeg 1200w, https:\/\/uzisibalkaninak.com\/wp-content\/uploads\/2026\/03\/29-225x300.jpeg 225w, https:\/\/uzisibalkaninak.com\/wp-content\/uploads\/2026\/03\/29-768x1024.jpeg 768w, https:\/\/uzisibalkaninak.com\/wp-content\/uploads\/2026\/03\/29-1152x1536.jpeg 1152w\" sizes=\"auto, (max-width: 1200px) 100vw, 1200px\" \/><\/a>\n\t\t\t<\/div><\/figure><figure class='gallery-item'>\n\t\t\t<div class='gallery-icon landscape'>\n\t\t\t\t<a href='https:\/\/uzisibalkaninak.com\/28-16\/'><img loading=\"lazy\" decoding=\"async\" width=\"1600\" height=\"1200\" src=\"https:\/\/uzisibalkaninak.com\/wp-content\/uploads\/2026\/03\/28.jpeg\" class=\"attachment-full size-full\" alt=\"\" srcset=\"https:\/\/uzisibalkaninak.com\/wp-content\/uploads\/2026\/03\/28.jpeg 1600w, https:\/\/uzisibalkaninak.com\/wp-content\/uploads\/2026\/03\/28-300x225.jpeg 300w, https:\/\/uzisibalkaninak.com\/wp-content\/uploads\/2026\/03\/28-1024x768.jpeg 1024w, https:\/\/uzisibalkaninak.com\/wp-content\/uploads\/2026\/03\/28-768x576.jpeg 768w, https:\/\/uzisibalkaninak.com\/wp-content\/uploads\/2026\/03\/28-1536x1152.jpeg 1536w\" sizes=\"auto, (max-width: 1600px) 100vw, 1600px\" \/><\/a>\n\t\t\t<\/div><\/figure>\n\t\t<\/div>\n\n<p class=\"tm6\"><span class=\"tm7\">Ak vych\u00e1dzame z historick\u00fdch prame\u0148ov, o ktor\u00e9 sa opiera katol\u00edcka cirkev tento kostol vznikol za vl\u00e1dy chorv\u00e1tskeho knie\u017ea\u0165a Branim\u00edra. A bolo to na odpor\u00fa\u010danie p\u00e1pe\u017ea \u0160tefana VI. <\/span><\/p>\n<p class=\"tm6\"><span class=\"tm7\">V roku 1492 za\u00fato\u010dili na tento regi\u00f3n osmansk\u00e9 sily a sp\u00f4sobili mu (vr\u00e1tane kostola) obrovsk\u00e9 \u0161kody. Toto sp\u00f4sobilo odchod p\u00f4vodn\u00fdch obyvate\u013eov do bezpe\u010dnej\u0161\u00edch miest. Osmansk\u00e9 \u00fatoky za\u010diatkom 16. storo\u010dia vyvrcholili \u00fapln\u00fdm dobyt\u00edm vn\u00fatrozemskej Dalm\u00e1cie v roku 1525. V\u00fdsledkom bolo, \u017ee miesto kde sa nach\u00e1dzaj\u00fa ruiny, bolo opusten\u00e9 po st\u00e1ro\u010dia.<\/span><\/p>\n<div id='gallery-10' class='gallery galleryid-1636 gallery-columns-1 gallery-size-full'><figure class='gallery-item'>\n\t\t\t<div class='gallery-icon portrait'>\n\t\t\t\t<a href='https:\/\/uzisibalkaninak.com\/36-16\/'><img loading=\"lazy\" decoding=\"async\" width=\"1200\" height=\"1600\" src=\"https:\/\/uzisibalkaninak.com\/wp-content\/uploads\/2026\/03\/36.jpeg\" class=\"attachment-full size-full\" alt=\"\" srcset=\"https:\/\/uzisibalkaninak.com\/wp-content\/uploads\/2026\/03\/36.jpeg 1200w, https:\/\/uzisibalkaninak.com\/wp-content\/uploads\/2026\/03\/36-225x300.jpeg 225w, https:\/\/uzisibalkaninak.com\/wp-content\/uploads\/2026\/03\/36-768x1024.jpeg 768w, https:\/\/uzisibalkaninak.com\/wp-content\/uploads\/2026\/03\/36-1152x1536.jpeg 1152w\" sizes=\"auto, (max-width: 1200px) 100vw, 1200px\" \/><\/a>\n\t\t\t<\/div><\/figure><figure class='gallery-item'>\n\t\t\t<div class='gallery-icon portrait'>\n\t\t\t\t<a href='https:\/\/uzisibalkaninak.com\/33-16\/'><img loading=\"lazy\" decoding=\"async\" width=\"1200\" height=\"1600\" src=\"https:\/\/uzisibalkaninak.com\/wp-content\/uploads\/2026\/03\/33.jpeg\" class=\"attachment-full size-full\" alt=\"\" srcset=\"https:\/\/uzisibalkaninak.com\/wp-content\/uploads\/2026\/03\/33.jpeg 1200w, https:\/\/uzisibalkaninak.com\/wp-content\/uploads\/2026\/03\/33-225x300.jpeg 225w, https:\/\/uzisibalkaninak.com\/wp-content\/uploads\/2026\/03\/33-768x1024.jpeg 768w, https:\/\/uzisibalkaninak.com\/wp-content\/uploads\/2026\/03\/33-1152x1536.jpeg 1152w\" sizes=\"auto, (max-width: 1200px) 100vw, 1200px\" \/><\/a>\n\t\t\t<\/div><\/figure><figure class='gallery-item'>\n\t\t\t<div class='gallery-icon portrait'>\n\t\t\t\t<a href='https:\/\/uzisibalkaninak.com\/34-16\/'><img loading=\"lazy\" decoding=\"async\" width=\"1200\" height=\"1600\" src=\"https:\/\/uzisibalkaninak.com\/wp-content\/uploads\/2026\/03\/34.jpeg\" class=\"attachment-full size-full\" alt=\"\" srcset=\"https:\/\/uzisibalkaninak.com\/wp-content\/uploads\/2026\/03\/34.jpeg 1200w, https:\/\/uzisibalkaninak.com\/wp-content\/uploads\/2026\/03\/34-225x300.jpeg 225w, https:\/\/uzisibalkaninak.com\/wp-content\/uploads\/2026\/03\/34-768x1024.jpeg 768w, https:\/\/uzisibalkaninak.com\/wp-content\/uploads\/2026\/03\/34-1152x1536.jpeg 1152w\" sizes=\"auto, (max-width: 1200px) 100vw, 1200px\" \/><\/a>\n\t\t\t<\/div><\/figure><figure class='gallery-item'>\n\t\t\t<div class='gallery-icon portrait'>\n\t\t\t\t<a href='https:\/\/uzisibalkaninak.com\/32-16\/'><img loading=\"lazy\" decoding=\"async\" width=\"1200\" height=\"1600\" src=\"https:\/\/uzisibalkaninak.com\/wp-content\/uploads\/2026\/03\/32.jpeg\" class=\"attachment-full size-full\" alt=\"\" srcset=\"https:\/\/uzisibalkaninak.com\/wp-content\/uploads\/2026\/03\/32.jpeg 1200w, https:\/\/uzisibalkaninak.com\/wp-content\/uploads\/2026\/03\/32-225x300.jpeg 225w, https:\/\/uzisibalkaninak.com\/wp-content\/uploads\/2026\/03\/32-768x1024.jpeg 768w, https:\/\/uzisibalkaninak.com\/wp-content\/uploads\/2026\/03\/32-1152x1536.jpeg 1152w\" sizes=\"auto, (max-width: 1200px) 100vw, 1200px\" \/><\/a>\n\t\t\t<\/div><\/figure>\n\t\t<\/div>\n\n<p><span class=\"tm7\">Kostolu sa za\u010dala venova\u0165 pozornos\u0165 a\u017e na za\u010diatku 20. storo\u010dia v\u010faka \u00fasiliu franti\u0161k\u00e1nskeho mn\u00edcha a archeol\u00f3ga Luje Maruna. Toto \u00fasilie bolo blokovan\u00e9 pravosl\u00e1vnymi komunitami, ktor\u00e9 \u017eili v tejto oblasti. Archeologick\u00e1 \u010dinnos\u0165 sa za\u010dala po II. svetovej vojne pod veden\u00edm archeol\u00f3ga Stjepana Gunja\u010du (1947 &#8211; 1954). Jeho t\u00edm odhalil pribli\u017ene 1026 starochorv\u00e1tskych hrobov z 9 a\u017e 11. storo\u010dia aj s r\u00f4znymi artefaktami. Tie s\u00fa dnes ulo\u017een\u00e9 v Archeologickom m\u00fazeu v Splite.<\/span><\/p>\n<div id='gallery-11' class='gallery galleryid-1636 gallery-columns-1 gallery-size-full'><figure class='gallery-item'>\n\t\t\t<div class='gallery-icon portrait'>\n\t\t\t\t<a href='https:\/\/uzisibalkaninak.com\/38-16\/'><img loading=\"lazy\" decoding=\"async\" width=\"1200\" height=\"1600\" src=\"https:\/\/uzisibalkaninak.com\/wp-content\/uploads\/2026\/03\/38.jpeg\" class=\"attachment-full size-full\" alt=\"\" srcset=\"https:\/\/uzisibalkaninak.com\/wp-content\/uploads\/2026\/03\/38.jpeg 1200w, https:\/\/uzisibalkaninak.com\/wp-content\/uploads\/2026\/03\/38-225x300.jpeg 225w, https:\/\/uzisibalkaninak.com\/wp-content\/uploads\/2026\/03\/38-768x1024.jpeg 768w, https:\/\/uzisibalkaninak.com\/wp-content\/uploads\/2026\/03\/38-1152x1536.jpeg 1152w\" sizes=\"auto, (max-width: 1200px) 100vw, 1200px\" \/><\/a>\n\t\t\t<\/div><\/figure><figure class='gallery-item'>\n\t\t\t<div class='gallery-icon portrait'>\n\t\t\t\t<a href='https:\/\/uzisibalkaninak.com\/37-16\/'><img loading=\"lazy\" decoding=\"async\" width=\"1200\" height=\"1600\" src=\"https:\/\/uzisibalkaninak.com\/wp-content\/uploads\/2026\/03\/37.jpeg\" class=\"attachment-full size-full\" alt=\"\" srcset=\"https:\/\/uzisibalkaninak.com\/wp-content\/uploads\/2026\/03\/37.jpeg 1200w, https:\/\/uzisibalkaninak.com\/wp-content\/uploads\/2026\/03\/37-225x300.jpeg 225w, https:\/\/uzisibalkaninak.com\/wp-content\/uploads\/2026\/03\/37-768x1024.jpeg 768w, https:\/\/uzisibalkaninak.com\/wp-content\/uploads\/2026\/03\/37-1152x1536.jpeg 1152w\" sizes=\"auto, (max-width: 1200px) 100vw, 1200px\" \/><\/a>\n\t\t\t<\/div><\/figure><figure class='gallery-item'>\n\t\t\t<div class='gallery-icon portrait'>\n\t\t\t\t<a href='https:\/\/uzisibalkaninak.com\/39-16\/'><img loading=\"lazy\" decoding=\"async\" width=\"1200\" height=\"1600\" src=\"https:\/\/uzisibalkaninak.com\/wp-content\/uploads\/2026\/03\/39.jpeg\" class=\"attachment-full size-full\" alt=\"\" srcset=\"https:\/\/uzisibalkaninak.com\/wp-content\/uploads\/2026\/03\/39.jpeg 1200w, https:\/\/uzisibalkaninak.com\/wp-content\/uploads\/2026\/03\/39-225x300.jpeg 225w, https:\/\/uzisibalkaninak.com\/wp-content\/uploads\/2026\/03\/39-768x1024.jpeg 768w, https:\/\/uzisibalkaninak.com\/wp-content\/uploads\/2026\/03\/39-1152x1536.jpeg 1152w\" sizes=\"auto, (max-width: 1200px) 100vw, 1200px\" \/><\/a>\n\t\t\t<\/div><\/figure>\n\t\t<\/div>\n\n<p>&nbsp;<\/p>\n<p style=\"text-align: center;\"><strong>*Bari\u0161i\u0107a-pe\u0107ina*<\/strong><\/p>\n<p><span class=\"tm5\">Pe\u0107ina = jasky\u0148a. Dostanete sa k nej po 750 metroch ch\u00f4dze z parkoviska smerom k miestnej \u010dasti Bari\u0161i\u0107i a po prejden\u00ed mosta treba odbo\u010di\u0165 v\u013eavo. Medzi stromami uvid\u00edte otvor do jaskyne.<\/span><\/p>\n<div id='gallery-12' class='gallery galleryid-1636 gallery-columns-1 gallery-size-full'><figure class='gallery-item'>\n\t\t\t<div class='gallery-icon portrait'>\n\t\t\t\t<a href='https:\/\/uzisibalkaninak.com\/40-16\/'><img loading=\"lazy\" decoding=\"async\" width=\"1920\" height=\"2560\" src=\"https:\/\/uzisibalkaninak.com\/wp-content\/uploads\/2026\/03\/40-15.jpg\" class=\"attachment-full size-full\" alt=\"\" aria-describedby=\"gallery-12-1629\" srcset=\"https:\/\/uzisibalkaninak.com\/wp-content\/uploads\/2026\/03\/40-15.jpg 1920w, https:\/\/uzisibalkaninak.com\/wp-content\/uploads\/2026\/03\/40-15-225x300.jpg 225w, https:\/\/uzisibalkaninak.com\/wp-content\/uploads\/2026\/03\/40-15-768x1024.jpg 768w, https:\/\/uzisibalkaninak.com\/wp-content\/uploads\/2026\/03\/40-15-1152x1536.jpg 1152w, https:\/\/uzisibalkaninak.com\/wp-content\/uploads\/2026\/03\/40-15-1536x2048.jpg 1536w\" sizes=\"auto, (max-width: 1920px) 100vw, 1920px\" \/><\/a>\n\t\t\t<\/div>\n\t\t\t\t<figcaption class='wp-caption-text gallery-caption' id='gallery-12-1629'>\n\t\t\t\tCesta k jaskyni\n\t\t\t\t<\/figcaption><\/figure><figure class='gallery-item'>\n\t\t\t<div class='gallery-icon portrait'>\n\t\t\t\t<a href='https:\/\/uzisibalkaninak.com\/41-16\/'><img loading=\"lazy\" decoding=\"async\" width=\"1200\" height=\"1600\" src=\"https:\/\/uzisibalkaninak.com\/wp-content\/uploads\/2026\/03\/41.jpeg\" class=\"attachment-full size-full\" alt=\"\" aria-describedby=\"gallery-12-1630\" srcset=\"https:\/\/uzisibalkaninak.com\/wp-content\/uploads\/2026\/03\/41.jpeg 1200w, https:\/\/uzisibalkaninak.com\/wp-content\/uploads\/2026\/03\/41-225x300.jpeg 225w, https:\/\/uzisibalkaninak.com\/wp-content\/uploads\/2026\/03\/41-768x1024.jpeg 768w, https:\/\/uzisibalkaninak.com\/wp-content\/uploads\/2026\/03\/41-1152x1536.jpeg 1152w\" sizes=\"auto, (max-width: 1200px) 100vw, 1200px\" \/><\/a>\n\t\t\t<\/div>\n\t\t\t\t<figcaption class='wp-caption-text gallery-caption' id='gallery-12-1630'>\n\t\t\t\tVstup do jaskyne\n\t\t\t\t<\/figcaption><\/figure>\n\t\t<\/div>\n\n<p>&nbsp;<\/p>\n<p><span class=\"tm7\">To najzauj\u00edmavej\u0161ie sa v\u0161ak skr\u00fdva v jaskyni. Je v nej mal\u00e9 jazierko, ktor\u00e9ho h\u013abka dosahuje 2 metre. Po\u010das letn\u00fdch mesiacov sa d\u00e1 toto miesto vyu\u017ei\u0165 aj ako pr\u00edrodn\u00fd baz\u00e9n. Na oko nie je jasn\u00e9, kde sa tam voda berie, ale predpoklad\u00e1m, \u017ee je spojen\u00e9 podzemnou chodbou s riekou Cetina. Jazierko m\u00e1 kr\u00e1snu farbu a aj v\u010faka tomu sa v jaskyni c\u00edtite pr\u00edjemne.<\/span><\/p>\n<div id='gallery-13' class='gallery galleryid-1636 gallery-columns-1 gallery-size-full'><figure class='gallery-item'>\n\t\t\t<div class='gallery-icon portrait'>\n\t\t\t\t<a href='https:\/\/uzisibalkaninak.com\/42-16\/'><img loading=\"lazy\" decoding=\"async\" width=\"1200\" height=\"1600\" src=\"https:\/\/uzisibalkaninak.com\/wp-content\/uploads\/2026\/03\/42.jpeg\" class=\"attachment-full size-full\" alt=\"\" srcset=\"https:\/\/uzisibalkaninak.com\/wp-content\/uploads\/2026\/03\/42.jpeg 1200w, https:\/\/uzisibalkaninak.com\/wp-content\/uploads\/2026\/03\/42-225x300.jpeg 225w, https:\/\/uzisibalkaninak.com\/wp-content\/uploads\/2026\/03\/42-768x1024.jpeg 768w, https:\/\/uzisibalkaninak.com\/wp-content\/uploads\/2026\/03\/42-1152x1536.jpeg 1152w\" sizes=\"auto, (max-width: 1200px) 100vw, 1200px\" \/><\/a>\n\t\t\t<\/div><\/figure><figure class='gallery-item'>\n\t\t\t<div class='gallery-icon portrait'>\n\t\t\t\t<a href='https:\/\/uzisibalkaninak.com\/44-16\/'><img loading=\"lazy\" decoding=\"async\" width=\"1200\" height=\"1600\" src=\"https:\/\/uzisibalkaninak.com\/wp-content\/uploads\/2026\/03\/44.jpeg\" class=\"attachment-full size-full\" alt=\"\" srcset=\"https:\/\/uzisibalkaninak.com\/wp-content\/uploads\/2026\/03\/44.jpeg 1200w, https:\/\/uzisibalkaninak.com\/wp-content\/uploads\/2026\/03\/44-225x300.jpeg 225w, https:\/\/uzisibalkaninak.com\/wp-content\/uploads\/2026\/03\/44-768x1024.jpeg 768w, https:\/\/uzisibalkaninak.com\/wp-content\/uploads\/2026\/03\/44-1152x1536.jpeg 1152w\" sizes=\"auto, (max-width: 1200px) 100vw, 1200px\" \/><\/a>\n\t\t\t<\/div><\/figure><figure class='gallery-item'>\n\t\t\t<div class='gallery-icon portrait'>\n\t\t\t\t<a href='https:\/\/uzisibalkaninak.com\/45-16\/'><img loading=\"lazy\" decoding=\"async\" width=\"1200\" height=\"1600\" src=\"https:\/\/uzisibalkaninak.com\/wp-content\/uploads\/2026\/03\/45.jpeg\" class=\"attachment-full size-full\" alt=\"\" srcset=\"https:\/\/uzisibalkaninak.com\/wp-content\/uploads\/2026\/03\/45.jpeg 1200w, https:\/\/uzisibalkaninak.com\/wp-content\/uploads\/2026\/03\/45-225x300.jpeg 225w, https:\/\/uzisibalkaninak.com\/wp-content\/uploads\/2026\/03\/45-768x1024.jpeg 768w, https:\/\/uzisibalkaninak.com\/wp-content\/uploads\/2026\/03\/45-1152x1536.jpeg 1152w\" sizes=\"auto, (max-width: 1200px) 100vw, 1200px\" \/><\/a>\n\t\t\t<\/div><\/figure><figure class='gallery-item'>\n\t\t\t<div class='gallery-icon portrait'>\n\t\t\t\t<a href='https:\/\/uzisibalkaninak.com\/43-16\/'><img loading=\"lazy\" decoding=\"async\" width=\"1200\" height=\"1600\" src=\"https:\/\/uzisibalkaninak.com\/wp-content\/uploads\/2026\/03\/43.jpeg\" class=\"attachment-full size-full\" alt=\"\" srcset=\"https:\/\/uzisibalkaninak.com\/wp-content\/uploads\/2026\/03\/43.jpeg 1200w, https:\/\/uzisibalkaninak.com\/wp-content\/uploads\/2026\/03\/43-225x300.jpeg 225w, https:\/\/uzisibalkaninak.com\/wp-content\/uploads\/2026\/03\/43-768x1024.jpeg 768w, https:\/\/uzisibalkaninak.com\/wp-content\/uploads\/2026\/03\/43-1152x1536.jpeg 1152w\" sizes=\"auto, (max-width: 1200px) 100vw, 1200px\" \/><\/a>\n\t\t\t<\/div><\/figure>\n\t\t<\/div>\n\n<p class=\"tm6\"><span class=\"tm7\">To bolo len zop\u00e1r \u201ebodov\u201c, ktor\u00e9 sa oplat\u00ed vidie\u0165 v okol\u00ed dedinky Cetina. Je tam toho samozrejme viac. M\u00f4\u017eete presk\u00fama\u0165 \u010fal\u0161ie pramene rieky Cetina, m\u00f4\u017eete sa previez\u0165 k Peru\u010dko jezero a ok\u00fapa\u0165 sa a m\u00f4\u017eete aj vyrazi\u0165 po turistickej trase Via Adriatica smerom na hrebe\u0148 Din\u00e1rskych h\u00f4r. Priamo v dedine Cetine s\u00fa obmedzen\u00e9 mo\u017enosti ubytovania, ale nie\u010do sa d\u00e1 n\u00e1js\u0165 \u263a \u2026 \u010eal\u0161ie mo\u017enosti, ak chcete pozn\u00e1va\u0165 tento regi\u00f3n, s\u00fa v osade Glava\u0161 (v\u00fdchodisko pre v\u00fdstup na najvy\u0161\u0161\u00ed vrch Chorv\u00e1tska &#8211; Sinjal) alebo meste\u010dku Vrlika, \u010di dedine Kijevo. Tak do toho \u2026 \u263a<\/span><\/p>\n<p class=\"sk-check-for-highlights\">Ak by ste sa rozhodli \u00eds\u0165 po mojich stop\u00e1ch a potrebovali by ste \u00a0radu oh\u013eadom ubytovania, jedla, turistick\u00fdch v\u00fdstupov, \u010di in\u00e9ho sp\u00f4sobu tr\u00e1venia \u010dasu v\u00a0<span class=\"sk-aug-highlight sk-check-for-highlights\" data-markjs=\"true\" data-sk-type=\"name\">Dalmatinskej Zagore<\/span>, nev\u00e1hajte ma kontaktova\u0165 prostredn\u00edctvom emailovej adresy\u00a0<a class=\"sk-check-for-highlights\" href=\"mailto:ajka@uzisibalkaninak.com\"><u class=\"sk-check-for-highlights\"><span class=\"sk-aug-highlight sk-check-for-highlights\" data-markjs=\"true\" data-sk-type=\"email-address\">ajka@uzisibalkaninak.com<\/span><\/u><\/a>\u00a0, mojej\u00a0<a class=\"sk-check-for-highlights\" href=\"https:\/\/www.facebook.com\/share\/18n4hwjo1Q\/?mibextid=wwXIfr\"><u class=\"sk-check-for-highlights\">FB str\u00e1nky U\u017ei si Balk\u00e1n inak<\/u><\/a>\u00a0alebo\u00a0<a class=\"sk-check-for-highlights\" href=\"https:\/\/www.instagram.com\/uzisibalkaninak\/?igsh=M2FscHB5dm1vZXg0&amp;utm_source=qr\"><u class=\"sk-check-for-highlights\">Instagramu<\/u><\/a>.<\/p>\n<p class=\"sk-check-for-highlights\">P.S.: V\u0161etky fotky s\u00fa chr\u00e1nen\u00e9 autorsk\u00fdm pr\u00e1vom\u00a0<img decoding=\"async\" class=\"emoji sk-check-for-highlights\" role=\"img\" draggable=\"false\" src=\"https:\/\/s.w.org\/images\/core\/emoji\/17.0.2\/svg\/1f642.svg\" alt=\"\ud83d\ude42\" \/><\/p>\n<p>&nbsp;<\/p>\n<p>&nbsp;<\/p>\n","protected":false},"excerpt":{"rendered":"<p>Tento \u010dl\u00e1nok bude trochu in\u00fd. Nebude o prech\u00e1dzke, \u010di t\u00fare, bude o miestach, ktor\u00e9 m\u00f4\u017eete \u013eahko nav\u0161t\u00edvi\u0165, sta\u010d\u00ed chcie\u0165 a vedie\u0165 o nich \u263a \u2026 P\u00f4jdeme do chorv\u00e1tskej dedinky Cetina. &nbsp; *Dedinka Cetina* T\u00e1to podhorsk\u00e1 dedinka sa nach\u00e1dza v dalmat\u00ednskom vn\u00fatrozem\u00ed na svahoch Din\u00e1rskeho pohoria vo v\u00fd\u0161ke 385 metrov nad morom. Zo Splitu to sem [&hellip;]<\/p>\n","protected":false},"author":1,"featured_media":1635,"comment_status":"open","ping_status":"open","sticky":false,"template":"","format":"standard","meta":{"footnotes":""},"categories":[5,1],"tags":[8,181,103,33,182,185,146,183,132,30,115,188,74,169,184,186,129,104,147,32,187,144],"class_list":["post-1636","post","type-post","status-publish","format-standard","has-post-thumbnail","hentry","category-chorvatsko","category-uncategorized","tag-balkan","tag-barisici","tag-cetina","tag-chorvatsko","tag-chram","tag-cintorin","tag-dinara","tag-gospodska-pecina","tag-hike","tag-hiking","tag-hory","tag-jaskyna","tag-jazero","tag-kostol","tag-oko-zeme","tag-pramen","tag-prechadzka","tag-rieka","tag-sinjal","tag-turistika","tag-veliko-vrilo","tag-zagora"],"lang":"sk","translations":{"sk":1636,"en":3546},"pll_sync_post":{},"_links":{"self":[{"href":"https:\/\/uzisibalkaninak.com\/index.php\/wp-json\/wp\/v2\/posts\/1636","targetHints":{"allow":["GET"]}}],"collection":[{"href":"https:\/\/uzisibalkaninak.com\/index.php\/wp-json\/wp\/v2\/posts"}],"about":[{"href":"https:\/\/uzisibalkaninak.com\/index.php\/wp-json\/wp\/v2\/types\/post"}],"author":[{"embeddable":true,"href":"https:\/\/uzisibalkaninak.com\/index.php\/wp-json\/wp\/v2\/users\/1"}],"replies":[{"embeddable":true,"href":"https:\/\/uzisibalkaninak.com\/index.php\/wp-json\/wp\/v2\/comments?post=1636"}],"version-history":[{"count":2,"href":"https:\/\/uzisibalkaninak.com\/index.php\/wp-json\/wp\/v2\/posts\/1636\/revisions"}],"predecessor-version":[{"id":1638,"href":"https:\/\/uzisibalkaninak.com\/index.php\/wp-json\/wp\/v2\/posts\/1636\/revisions\/1638"}],"wp:featuredmedia":[{"embeddable":true,"href":"https:\/\/uzisibalkaninak.com\/index.php\/wp-json\/wp\/v2\/media\/1635"}],"wp:attachment":[{"href":"https:\/\/uzisibalkaninak.com\/index.php\/wp-json\/wp\/v2\/media?parent=1636"}],"wp:term":[{"taxonomy":"category","embeddable":true,"href":"https:\/\/uzisibalkaninak.com\/index.php\/wp-json\/wp\/v2\/categories?post=1636"},{"taxonomy":"post_tag","embeddable":true,"href":"https:\/\/uzisibalkaninak.com\/index.php\/wp-json\/wp\/v2\/tags?post=1636"}],"curies":[{"name":"wp","href":"https:\/\/api.w.org\/{rel}","templated":true}]}}